{"id":5387,"date":"2025-03-26T16:52:31","date_gmt":"2025-03-26T19:52:31","guid":{"rendered":"https:\/\/henoi.org.py\/?p=5387"},"modified":"2025-04-03T18:35:37","modified_gmt":"2025-04-03T21:35:37","slug":"marchar-separados-golpear-juntos-la-lucha-por-las-calles-y-la-democracia-en-paraguay","status":"publish","type":"post","link":"https:\/\/henoi.org.py\/index.php\/2025\/03\/26\/marchar-separados-golpear-juntos-la-lucha-por-las-calles-y-la-democracia-en-paraguay\/","title":{"rendered":"Marchar separados, golpear juntos: La lucha por las calles y la democracia en Paraguay"},"content":{"rendered":"\n<p>26\/03\/2025<\/p>\n\n\n\n<figure class=\"wp-block-image size-large\"><img fetchpriority=\"high\" decoding=\"async\" width=\"1024\" height=\"683\" src=\"https:\/\/henoi.org.py\/wp-content\/uploads\/2025\/03\/DSC06180-1024x683.jpg\" alt=\"\" class=\"wp-image-5388\" srcset=\"https:\/\/henoi.org.py\/wp-content\/uploads\/2025\/03\/DSC06180-1024x683.jpg 1024w, https:\/\/henoi.org.py\/wp-content\/uploads\/2025\/03\/DSC06180-300x200.jpg 300w, https:\/\/henoi.org.py\/wp-content\/uploads\/2025\/03\/DSC06180-768x512.jpg 768w\" sizes=\"(max-width: 1024px) 100vw, 1024px\" \/><\/figure>\n\n\n\n<p>La situaci\u00f3n cr\u00edtica que atraviesa Paraguay en los planos econ\u00f3mico, pol\u00edtico y social deber\u00eda ser motivo suficiente para despertar la acci\u00f3n colectiva. Sin embargo, la fragmentaci\u00f3n de las fuerzas opositoras y la desmovilizaci\u00f3n ciudadana han permitido que un modelo excluyente y corrupto siga dominando. En este contexto, las calles se convierten en el escenario fundamental para denunciar la crisis y exigir cambios.<\/p>\n\n\n\n<p><strong>La crisis de representatividad y la fractura de la hegemon\u00eda<\/strong><\/p>\n\n\n\n<p>El Paraguay actual enfrenta una profunda crisis de legitimidad. La Asociaci\u00f3n Nacional Republicana (ANR), hist\u00f3ricamente hegem\u00f3nica, hoy muestra fisuras internas que reflejan la divisi\u00f3n de las elites econ\u00f3micas y pol\u00edticas. Su modelo, basado en el clientelismo y la concentraci\u00f3n de poder, ha demostrado ser incapaz de responder a las demandas populares. La protesta social, entonces, no es solo un reclamo puntual, sino una lucha por redefinir el rumbo del pa\u00eds.<\/p>\n\n\n\n<p><strong>Tres d\u00edas de lucha, un mismo objetivo<\/strong><\/p>\n\n\n\n<p>Aunque distintos sectores marchan en d\u00edas separados, sus reclamos convergen en un mismo diagn\u00f3stico: el sistema pol\u00edtico y econ\u00f3mico actual es insostenible.<\/p>\n\n\n\n<ul class=\"wp-block-list\">\n<li><strong>25 de marzo:<\/strong>&nbsp;Organizaciones sociales, sindicales y jubilados salen a las calles para exigir mejoras laborales, previsionales y jubilaciones dignas. Paralelamente, se registran cierres de rutas en distintos puntos del pa\u00eds, demostrando el descontento generalizado.<\/li>\n\n\n\n<li><strong>26 de marzo:<\/strong>&nbsp;La oposici\u00f3n pol\u00edtica partidaria, bajo la consigna&nbsp;<em>Unidos por Paraguay<\/em>, denuncia el modelo en la hegemon\u00eda del crimen organizado tanto en lo econ\u00f3mico como en el terreno institucional encarnada por el&nbsp;<em>cartismo<\/em>&nbsp;\u2014una pol\u00edtica que prioriza los intereses de unos pocos\u2014 y busca construir una alternativa desde la movilizaci\u00f3n ciudadana.<\/li>\n\n\n\n<li><strong>27 de marzo:<\/strong>&nbsp;La Federaci\u00f3n Nacional Campesina (FNC) marcha bajo la bandera&nbsp;<em>Por tierra, producci\u00f3n y contra todas las injusticias<\/em>, reivindicando las hist\u00f3ricas demandas del campesinado, ejerciendo su rol como sujeto pol\u00edtico.<\/li>\n<\/ul>\n\n\n\n<p>Cada sector tiene sus propias razones para movilizarse, pero todos apuntan contra un mismo enemigo: un sistema que beneficia a una minor\u00eda mientras condena a la mayor\u00eda a la precariedad y a la miseria.<\/p>\n\n\n\n<p><strong>La unidad en la diversidad: Hacia una alternativa de poder<\/strong><\/p>\n\n\n\n<p>La fragmentaci\u00f3n de las luchas ha sido, hasta ahora, una debilidad de la oposici\u00f3n. Sin embargo, estas marchas representan una oportunidad para superar diferencias secundarias y colocar en primer plano las grandes demandas populares: justicia social, soberan\u00eda y democratizaci\u00f3n real del poder.<\/p>\n\n\n\n<p>El r\u00e9gimen colorado ha mantenido su dominio gracias a una falsa polarizaci\u00f3n que divide a sus adversarios. Romper este esquema exige construir una alternativa desde las calles, articulando un&nbsp;<strong>plan nacional de lucha<\/strong>&nbsp;que una a campesinos, trabajadores, mujeres, j\u00f3venes, ind\u00edgenas y sectores pol\u00edticos democr\u00e1ticos.<\/p>\n\n\n\n<p><strong>Las calles, el term\u00f3metro de la democracia<\/strong><\/p>\n\n\n\n<p>Si algo demuestran estas movilizaciones es que, aunque se marche en d\u00edas distintos, el golpe es el mismo:&nbsp;<strong>el pueblo ya no aguanta m\u00e1s<\/strong>. La responsabilidad de la crisis tiene nombre y apellido, y no puede seguir al frente del Estado.<\/p>\n\n\n\n<p>Ganar las calles no es solo un acto de protesta; es un acto de construcci\u00f3n pol\u00edtica. Es el primer paso para derrotar a un sistema que atrasa y abrir el camino hacia un Paraguay justo, soberano y verdaderamente democr\u00e1tico.<\/p>\n\n\n\n<p><strong>Marchamos separados, pero golpeamos juntos. Y ese golpe, tarde o temprano, derribar\u00e1 los muros de la injusticia.<\/strong><\/p>\n","protected":false},"excerpt":{"rendered":"<p>26\/03\/2025 La situaci\u00f3n cr\u00edtica que atraviesa Paraguay en los planos econ\u00f3mico, pol\u00edtico y social deber\u00eda ser motivo suficiente para despertar la acci\u00f3n colectiva. Sin embargo, la fragmentaci\u00f3n de las fuerzas opositoras y la desmovilizaci\u00f3n ciudadana han permitido que un modelo excluyente y corrupto siga dominando. En este contexto, las calles se convierten en el escenario fundamental para denunciar la crisis y exigir cambios. La crisis de representatividad y la fractura de la hegemon\u00eda El Paraguay actual enfrenta una profunda crisis de legitimidad. La Asociaci\u00f3n Nacional Republicana (ANR), hist\u00f3ricamente hegem\u00f3nica, hoy muestra fisuras internas que reflejan la divisi\u00f3n de las elites econ\u00f3micas y pol\u00edticas. Su modelo, basado en el clientelismo y la concentraci\u00f3n de poder, ha demostrado ser incapaz de responder a las demandas populares. La protesta social, entonces, no es solo un reclamo puntual, sino una lucha por redefinir el rumbo del pa\u00eds. Tres d\u00edas de lucha, un mismo objetivo Aunque distintos sectores marchan en d\u00edas separados, sus reclamos convergen en un mismo diagn\u00f3stico: el sistema pol\u00edtico y econ\u00f3mico actual es insostenible. Cada sector tiene sus propias razones para movilizarse, pero todos apuntan contra un mismo enemigo: un sistema que beneficia a una minor\u00eda mientras condena a la mayor\u00eda a la precariedad y a la miseria. La unidad en la diversidad: Hacia una alternativa de poder La fragmentaci\u00f3n de las luchas ha sido, hasta ahora, una debilidad de la oposici\u00f3n. Sin embargo, estas marchas representan una oportunidad para superar diferencias secundarias y colocar en primer plano las grandes demandas populares: justicia social, soberan\u00eda y democratizaci\u00f3n real del poder. El r\u00e9gimen colorado ha mantenido su dominio gracias a una falsa polarizaci\u00f3n que divide a sus adversarios. Romper este esquema exige construir una alternativa desde las calles, articulando un&nbsp;plan nacional de lucha&nbsp;que una a campesinos, trabajadores, mujeres, j\u00f3venes, ind\u00edgenas y sectores pol\u00edticos democr\u00e1ticos. Las calles, el term\u00f3metro de la democracia Si algo demuestran estas movilizaciones es que, aunque se marche en d\u00edas distintos, el golpe es el mismo:&nbsp;el pueblo ya no aguanta m\u00e1s. La responsabilidad de la crisis tiene nombre y apellido, y no puede seguir al frente del Estado. Ganar las calles no es solo un acto de protesta; es un acto de construcci\u00f3n pol\u00edtica. Es el primer paso para derrotar a un sistema que atrasa y abrir el camino hacia un Paraguay justo, soberano y verdaderamente democr\u00e1tico. Marchamos separados, pero golpeamos juntos. Y ese golpe, tarde o temprano, derribar\u00e1 los muros de la injusticia.<\/p>\n","protected":false},"author":3,"featured_media":5388,"comment_status":"open","ping_status":"open","sticky":false,"template":"","format":"standard","meta":{"footnotes":""},"categories":[5],"tags":[],"class_list":["post-5387","post","type-post","status-publish","format-standard","has-post-thumbnail","hentry","category-publicaciones"],"yoast_head":"<!-- This site is optimized with the Yoast SEO plugin v25.5 - https:\/\/yoast.com\/wordpress\/plugins\/seo\/ -->\n<title>Marchar separados, golpear juntos: La lucha por las calles y la democracia en Paraguay - henoi<\/title>\n<meta name=\"robots\" content=\"index, follow, max-snippet:-1, max-image-preview:large, max-video-preview:-1\" \/>\n<link rel=\"canonical\" href=\"https:\/\/henoi.org.py\/index.php\/2025\/03\/26\/marchar-separados-golpear-juntos-la-lucha-por-las-calles-y-la-democracia-en-paraguay\/\" \/>\n<meta property=\"og:locale\" content=\"es_ES\" \/>\n<meta property=\"og:type\" content=\"article\" \/>\n<meta property=\"og:title\" content=\"Marchar separados, golpear juntos: La lucha por las calles y la democracia en Paraguay - henoi\" \/>\n<meta property=\"og:description\" content=\"26\/03\/2025 La situaci\u00f3n cr\u00edtica que atraviesa Paraguay en los planos econ\u00f3mico, pol\u00edtico y social deber\u00eda ser motivo suficiente para despertar la acci\u00f3n colectiva. Sin embargo, la fragmentaci\u00f3n de las fuerzas opositoras y la desmovilizaci\u00f3n ciudadana han permitido que un modelo excluyente y corrupto siga dominando. En este contexto, las calles se convierten en el escenario fundamental para denunciar la crisis y exigir cambios. La crisis de representatividad y la fractura de la hegemon\u00eda El Paraguay actual enfrenta una profunda crisis de legitimidad. La Asociaci\u00f3n Nacional Republicana (ANR), hist\u00f3ricamente hegem\u00f3nica, hoy muestra fisuras internas que reflejan la divisi\u00f3n de las elites econ\u00f3micas y pol\u00edticas. Su modelo, basado en el clientelismo y la concentraci\u00f3n de poder, ha demostrado ser incapaz de responder a las demandas populares. La protesta social, entonces, no es solo un reclamo puntual, sino una lucha por redefinir el rumbo del pa\u00eds. Tres d\u00edas de lucha, un mismo objetivo Aunque distintos sectores marchan en d\u00edas separados, sus reclamos convergen en un mismo diagn\u00f3stico: el sistema pol\u00edtico y econ\u00f3mico actual es insostenible. Cada sector tiene sus propias razones para movilizarse, pero todos apuntan contra un mismo enemigo: un sistema que beneficia a una minor\u00eda mientras condena a la mayor\u00eda a la precariedad y a la miseria. La unidad en la diversidad: Hacia una alternativa de poder La fragmentaci\u00f3n de las luchas ha sido, hasta ahora, una debilidad de la oposici\u00f3n. Sin embargo, estas marchas representan una oportunidad para superar diferencias secundarias y colocar en primer plano las grandes demandas populares: justicia social, soberan\u00eda y democratizaci\u00f3n real del poder. El r\u00e9gimen colorado ha mantenido su dominio gracias a una falsa polarizaci\u00f3n que divide a sus adversarios. Romper este esquema exige construir una alternativa desde las calles, articulando un&nbsp;plan nacional de lucha&nbsp;que una a campesinos, trabajadores, mujeres, j\u00f3venes, ind\u00edgenas y sectores pol\u00edticos democr\u00e1ticos. Las calles, el term\u00f3metro de la democracia Si algo demuestran estas movilizaciones es que, aunque se marche en d\u00edas distintos, el golpe es el mismo:&nbsp;el pueblo ya no aguanta m\u00e1s. La responsabilidad de la crisis tiene nombre y apellido, y no puede seguir al frente del Estado. Ganar las calles no es solo un acto de protesta; es un acto de construcci\u00f3n pol\u00edtica. Es el primer paso para derrotar a un sistema que atrasa y abrir el camino hacia un Paraguay justo, soberano y verdaderamente democr\u00e1tico. Marchamos separados, pero golpeamos juntos. Y ese golpe, tarde o temprano, derribar\u00e1 los muros de la injusticia.\" \/>\n<meta property=\"og:url\" content=\"https:\/\/henoi.org.py\/index.php\/2025\/03\/26\/marchar-separados-golpear-juntos-la-lucha-por-las-calles-y-la-democracia-en-paraguay\/\" \/>\n<meta property=\"og:site_name\" content=\"henoi\" \/>\n<meta property=\"article:published_time\" content=\"2025-03-26T19:52:31+00:00\" \/>\n<meta property=\"article:modified_time\" content=\"2025-04-03T21:35:37+00:00\" \/>\n<meta property=\"og:image\" content=\"https:\/\/henoi.org.py\/wp-content\/uploads\/2025\/03\/DSC06180-scaled.jpg\" \/>\n\t<meta property=\"og:image:width\" content=\"2560\" \/>\n\t<meta property=\"og:image:height\" content=\"1707\" \/>\n\t<meta property=\"og:image:type\" content=\"image\/jpeg\" \/>\n<meta name=\"author\" content=\"He\u00f1oi\" \/>\n<meta name=\"twitter:card\" content=\"summary_large_image\" \/>\n<meta name=\"twitter:label1\" content=\"Escrito por\" \/>\n\t<meta name=\"twitter:data1\" content=\"He\u00f1oi\" \/>\n\t<meta name=\"twitter:label2\" content=\"Tiempo de lectura\" \/>\n\t<meta name=\"twitter:data2\" content=\"3 minutos\" \/>\n<script type=\"application\/ld+json\" class=\"yoast-schema-graph\">{\"@context\":\"https:\/\/schema.org\",\"@graph\":[{\"@type\":\"WebPage\",\"@id\":\"https:\/\/henoi.org.py\/index.php\/2025\/03\/26\/marchar-separados-golpear-juntos-la-lucha-por-las-calles-y-la-democracia-en-paraguay\/\",\"url\":\"https:\/\/henoi.org.py\/index.php\/2025\/03\/26\/marchar-separados-golpear-juntos-la-lucha-por-las-calles-y-la-democracia-en-paraguay\/\",\"name\":\"Marchar separados, golpear juntos: La lucha por las calles y la democracia en Paraguay - henoi\",\"isPartOf\":{\"@id\":\"https:\/\/henoi.org.py\/#website\"},\"primaryImageOfPage\":{\"@id\":\"https:\/\/henoi.org.py\/index.php\/2025\/03\/26\/marchar-separados-golpear-juntos-la-lucha-por-las-calles-y-la-democracia-en-paraguay\/#primaryimage\"},\"image\":{\"@id\":\"https:\/\/henoi.org.py\/index.php\/2025\/03\/26\/marchar-separados-golpear-juntos-la-lucha-por-las-calles-y-la-democracia-en-paraguay\/#primaryimage\"},\"thumbnailUrl\":\"https:\/\/henoi.org.py\/wp-content\/uploads\/2025\/03\/DSC06180-scaled.jpg\",\"datePublished\":\"2025-03-26T19:52:31+00:00\",\"dateModified\":\"2025-04-03T21:35:37+00:00\",\"author\":{\"@id\":\"https:\/\/henoi.org.py\/#\/schema\/person\/3366e0c9ecc69322037ce95a591b59d0\"},\"breadcrumb\":{\"@id\":\"https:\/\/henoi.org.py\/index.php\/2025\/03\/26\/marchar-separados-golpear-juntos-la-lucha-por-las-calles-y-la-democracia-en-paraguay\/#breadcrumb\"},\"inLanguage\":\"es-AR\",\"potentialAction\":[{\"@type\":\"ReadAction\",\"target\":[\"https:\/\/henoi.org.py\/index.php\/2025\/03\/26\/marchar-separados-golpear-juntos-la-lucha-por-las-calles-y-la-democracia-en-paraguay\/\"]}]},{\"@type\":\"ImageObject\",\"inLanguage\":\"es-AR\",\"@id\":\"https:\/\/henoi.org.py\/index.php\/2025\/03\/26\/marchar-separados-golpear-juntos-la-lucha-por-las-calles-y-la-democracia-en-paraguay\/#primaryimage\",\"url\":\"https:\/\/henoi.org.py\/wp-content\/uploads\/2025\/03\/DSC06180-scaled.jpg\",\"contentUrl\":\"https:\/\/henoi.org.py\/wp-content\/uploads\/2025\/03\/DSC06180-scaled.jpg\",\"width\":2560,\"height\":1707},{\"@type\":\"BreadcrumbList\",\"@id\":\"https:\/\/henoi.org.py\/index.php\/2025\/03\/26\/marchar-separados-golpear-juntos-la-lucha-por-las-calles-y-la-democracia-en-paraguay\/#breadcrumb\",\"itemListElement\":[{\"@type\":\"ListItem\",\"position\":1,\"name\":\"Inicio\",\"item\":\"https:\/\/henoi.org.py\/\"},{\"@type\":\"ListItem\",\"position\":2,\"name\":\"Marchar separados, golpear juntos: La lucha por las calles y la democracia en Paraguay\"}]},{\"@type\":\"WebSite\",\"@id\":\"https:\/\/henoi.org.py\/#website\",\"url\":\"https:\/\/henoi.org.py\/\",\"name\":\"henoi\",\"description\":\"Centro de estudios\",\"potentialAction\":[{\"@type\":\"SearchAction\",\"target\":{\"@type\":\"EntryPoint\",\"urlTemplate\":\"https:\/\/henoi.org.py\/?s={search_term_string}\"},\"query-input\":{\"@type\":\"PropertyValueSpecification\",\"valueRequired\":true,\"valueName\":\"search_term_string\"}}],\"inLanguage\":\"es-AR\"},{\"@type\":\"Person\",\"@id\":\"https:\/\/henoi.org.py\/#\/schema\/person\/3366e0c9ecc69322037ce95a591b59d0\",\"name\":\"He\u00f1oi\",\"image\":{\"@type\":\"ImageObject\",\"inLanguage\":\"es-AR\",\"@id\":\"https:\/\/henoi.org.py\/#\/schema\/person\/image\/\",\"url\":\"https:\/\/secure.gravatar.com\/avatar\/f3a9e761a2eb9637cb5be1b4af2f2dc1a9d76284adc9af24924ba5bdffbdf35d?s=96&d=mm&r=g\",\"contentUrl\":\"https:\/\/secure.gravatar.com\/avatar\/f3a9e761a2eb9637cb5be1b4af2f2dc1a9d76284adc9af24924ba5bdffbdf35d?s=96&d=mm&r=g\",\"caption\":\"He\u00f1oi\"},\"url\":\"https:\/\/henoi.org.py\/index.php\/author\/sandino\/\"}]}<\/script>\n<!-- \/ Yoast SEO plugin. -->","yoast_head_json":{"title":"Marchar separados, golpear juntos: La lucha por las calles y la democracia en Paraguay - henoi","robots":{"index":"index","follow":"follow","max-snippet":"max-snippet:-1","max-image-preview":"max-image-preview:large","max-video-preview":"max-video-preview:-1"},"canonical":"https:\/\/henoi.org.py\/index.php\/2025\/03\/26\/marchar-separados-golpear-juntos-la-lucha-por-las-calles-y-la-democracia-en-paraguay\/","og_locale":"es_ES","og_type":"article","og_title":"Marchar separados, golpear juntos: La lucha por las calles y la democracia en Paraguay - henoi","og_description":"26\/03\/2025 La situaci\u00f3n cr\u00edtica que atraviesa Paraguay en los planos econ\u00f3mico, pol\u00edtico y social deber\u00eda ser motivo suficiente para despertar la acci\u00f3n colectiva. Sin embargo, la fragmentaci\u00f3n de las fuerzas opositoras y la desmovilizaci\u00f3n ciudadana han permitido que un modelo excluyente y corrupto siga dominando. En este contexto, las calles se convierten en el escenario fundamental para denunciar la crisis y exigir cambios. La crisis de representatividad y la fractura de la hegemon\u00eda El Paraguay actual enfrenta una profunda crisis de legitimidad. La Asociaci\u00f3n Nacional Republicana (ANR), hist\u00f3ricamente hegem\u00f3nica, hoy muestra fisuras internas que reflejan la divisi\u00f3n de las elites econ\u00f3micas y pol\u00edticas. Su modelo, basado en el clientelismo y la concentraci\u00f3n de poder, ha demostrado ser incapaz de responder a las demandas populares. La protesta social, entonces, no es solo un reclamo puntual, sino una lucha por redefinir el rumbo del pa\u00eds. Tres d\u00edas de lucha, un mismo objetivo Aunque distintos sectores marchan en d\u00edas separados, sus reclamos convergen en un mismo diagn\u00f3stico: el sistema pol\u00edtico y econ\u00f3mico actual es insostenible. Cada sector tiene sus propias razones para movilizarse, pero todos apuntan contra un mismo enemigo: un sistema que beneficia a una minor\u00eda mientras condena a la mayor\u00eda a la precariedad y a la miseria. La unidad en la diversidad: Hacia una alternativa de poder La fragmentaci\u00f3n de las luchas ha sido, hasta ahora, una debilidad de la oposici\u00f3n. Sin embargo, estas marchas representan una oportunidad para superar diferencias secundarias y colocar en primer plano las grandes demandas populares: justicia social, soberan\u00eda y democratizaci\u00f3n real del poder. El r\u00e9gimen colorado ha mantenido su dominio gracias a una falsa polarizaci\u00f3n que divide a sus adversarios. Romper este esquema exige construir una alternativa desde las calles, articulando un&nbsp;plan nacional de lucha&nbsp;que una a campesinos, trabajadores, mujeres, j\u00f3venes, ind\u00edgenas y sectores pol\u00edticos democr\u00e1ticos. Las calles, el term\u00f3metro de la democracia Si algo demuestran estas movilizaciones es que, aunque se marche en d\u00edas distintos, el golpe es el mismo:&nbsp;el pueblo ya no aguanta m\u00e1s. La responsabilidad de la crisis tiene nombre y apellido, y no puede seguir al frente del Estado. Ganar las calles no es solo un acto de protesta; es un acto de construcci\u00f3n pol\u00edtica. Es el primer paso para derrotar a un sistema que atrasa y abrir el camino hacia un Paraguay justo, soberano y verdaderamente democr\u00e1tico. Marchamos separados, pero golpeamos juntos. Y ese golpe, tarde o temprano, derribar\u00e1 los muros de la injusticia.","og_url":"https:\/\/henoi.org.py\/index.php\/2025\/03\/26\/marchar-separados-golpear-juntos-la-lucha-por-las-calles-y-la-democracia-en-paraguay\/","og_site_name":"henoi","article_published_time":"2025-03-26T19:52:31+00:00","article_modified_time":"2025-04-03T21:35:37+00:00","og_image":[{"width":2560,"height":1707,"url":"https:\/\/henoi.org.py\/wp-content\/uploads\/2025\/03\/DSC06180-scaled.jpg","type":"image\/jpeg"}],"author":"He\u00f1oi","twitter_card":"summary_large_image","twitter_misc":{"Escrito por":"He\u00f1oi","Tiempo de lectura":"3 minutos"},"schema":{"@context":"https:\/\/schema.org","@graph":[{"@type":"WebPage","@id":"https:\/\/henoi.org.py\/index.php\/2025\/03\/26\/marchar-separados-golpear-juntos-la-lucha-por-las-calles-y-la-democracia-en-paraguay\/","url":"https:\/\/henoi.org.py\/index.php\/2025\/03\/26\/marchar-separados-golpear-juntos-la-lucha-por-las-calles-y-la-democracia-en-paraguay\/","name":"Marchar separados, golpear juntos: La lucha por las calles y la democracia en Paraguay - henoi","isPartOf":{"@id":"https:\/\/henoi.org.py\/#website"},"primaryImageOfPage":{"@id":"https:\/\/henoi.org.py\/index.php\/2025\/03\/26\/marchar-separados-golpear-juntos-la-lucha-por-las-calles-y-la-democracia-en-paraguay\/#primaryimage"},"image":{"@id":"https:\/\/henoi.org.py\/index.php\/2025\/03\/26\/marchar-separados-golpear-juntos-la-lucha-por-las-calles-y-la-democracia-en-paraguay\/#primaryimage"},"thumbnailUrl":"https:\/\/henoi.org.py\/wp-content\/uploads\/2025\/03\/DSC06180-scaled.jpg","datePublished":"2025-03-26T19:52:31+00:00","dateModified":"2025-04-03T21:35:37+00:00","author":{"@id":"https:\/\/henoi.org.py\/#\/schema\/person\/3366e0c9ecc69322037ce95a591b59d0"},"breadcrumb":{"@id":"https:\/\/henoi.org.py\/index.php\/2025\/03\/26\/marchar-separados-golpear-juntos-la-lucha-por-las-calles-y-la-democracia-en-paraguay\/#breadcrumb"},"inLanguage":"es-AR","potentialAction":[{"@type":"ReadAction","target":["https:\/\/henoi.org.py\/index.php\/2025\/03\/26\/marchar-separados-golpear-juntos-la-lucha-por-las-calles-y-la-democracia-en-paraguay\/"]}]},{"@type":"ImageObject","inLanguage":"es-AR","@id":"https:\/\/henoi.org.py\/index.php\/2025\/03\/26\/marchar-separados-golpear-juntos-la-lucha-por-las-calles-y-la-democracia-en-paraguay\/#primaryimage","url":"https:\/\/henoi.org.py\/wp-content\/uploads\/2025\/03\/DSC06180-scaled.jpg","contentUrl":"https:\/\/henoi.org.py\/wp-content\/uploads\/2025\/03\/DSC06180-scaled.jpg","width":2560,"height":1707},{"@type":"BreadcrumbList","@id":"https:\/\/henoi.org.py\/index.php\/2025\/03\/26\/marchar-separados-golpear-juntos-la-lucha-por-las-calles-y-la-democracia-en-paraguay\/#breadcrumb","itemListElement":[{"@type":"ListItem","position":1,"name":"Inicio","item":"https:\/\/henoi.org.py\/"},{"@type":"ListItem","position":2,"name":"Marchar separados, golpear juntos: La lucha por las calles y la democracia en Paraguay"}]},{"@type":"WebSite","@id":"https:\/\/henoi.org.py\/#website","url":"https:\/\/henoi.org.py\/","name":"henoi","description":"Centro de estudios","potentialAction":[{"@type":"SearchAction","target":{"@type":"EntryPoint","urlTemplate":"https:\/\/henoi.org.py\/?s={search_term_string}"},"query-input":{"@type":"PropertyValueSpecification","valueRequired":true,"valueName":"search_term_string"}}],"inLanguage":"es-AR"},{"@type":"Person","@id":"https:\/\/henoi.org.py\/#\/schema\/person\/3366e0c9ecc69322037ce95a591b59d0","name":"He\u00f1oi","image":{"@type":"ImageObject","inLanguage":"es-AR","@id":"https:\/\/henoi.org.py\/#\/schema\/person\/image\/","url":"https:\/\/secure.gravatar.com\/avatar\/f3a9e761a2eb9637cb5be1b4af2f2dc1a9d76284adc9af24924ba5bdffbdf35d?s=96&d=mm&r=g","contentUrl":"https:\/\/secure.gravatar.com\/avatar\/f3a9e761a2eb9637cb5be1b4af2f2dc1a9d76284adc9af24924ba5bdffbdf35d?s=96&d=mm&r=g","caption":"He\u00f1oi"},"url":"https:\/\/henoi.org.py\/index.php\/author\/sandino\/"}]}},"_links":{"self":[{"href":"https:\/\/henoi.org.py\/index.php\/wp-json\/wp\/v2\/posts\/5387","targetHints":{"allow":["GET"]}}],"collection":[{"href":"https:\/\/henoi.org.py\/index.php\/wp-json\/wp\/v2\/posts"}],"about":[{"href":"https:\/\/henoi.org.py\/index.php\/wp-json\/wp\/v2\/types\/post"}],"author":[{"embeddable":true,"href":"https:\/\/henoi.org.py\/index.php\/wp-json\/wp\/v2\/users\/3"}],"replies":[{"embeddable":true,"href":"https:\/\/henoi.org.py\/index.php\/wp-json\/wp\/v2\/comments?post=5387"}],"version-history":[{"count":2,"href":"https:\/\/henoi.org.py\/index.php\/wp-json\/wp\/v2\/posts\/5387\/revisions"}],"predecessor-version":[{"id":5397,"href":"https:\/\/henoi.org.py\/index.php\/wp-json\/wp\/v2\/posts\/5387\/revisions\/5397"}],"wp:featuredmedia":[{"embeddable":true,"href":"https:\/\/henoi.org.py\/index.php\/wp-json\/wp\/v2\/media\/5388"}],"wp:attachment":[{"href":"https:\/\/henoi.org.py\/index.php\/wp-json\/wp\/v2\/media?parent=5387"}],"wp:term":[{"taxonomy":"category","embeddable":true,"href":"https:\/\/henoi.org.py\/index.php\/wp-json\/wp\/v2\/categories?post=5387"},{"taxonomy":"post_tag","embeddable":true,"href":"https:\/\/henoi.org.py\/index.php\/wp-json\/wp\/v2\/tags?post=5387"}],"curies":[{"name":"wp","href":"https:\/\/api.w.org\/{rel}","templated":true}]}}