{"id":5372,"date":"2025-03-17T08:44:43","date_gmt":"2025-03-17T11:44:43","guid":{"rendered":"https:\/\/henoi.org.py\/?p=5372"},"modified":"2025-04-03T18:36:41","modified_gmt":"2025-04-03T21:36:41","slug":"los-ava-guarani-continuan-en-lucha-por-sus-territorios-ancestrales","status":"publish","type":"post","link":"https:\/\/henoi.org.py\/index.php\/2025\/03\/17\/los-ava-guarani-continuan-en-lucha-por-sus-territorios-ancestrales\/","title":{"rendered":"Los Ava Guaran\u00ed contin\u00faan en lucha por sus territorios ancestrales"},"content":{"rendered":"\n<p>17\/03\/2025<\/p>\n\n\n\n<figure class=\"wp-block-image size-large\"><img fetchpriority=\"high\" decoding=\"async\" width=\"1024\" height=\"683\" src=\"https:\/\/henoi.org.py\/wp-content\/uploads\/2025\/03\/536-1024x683.jpg\" alt=\"\" class=\"wp-image-5376\" srcset=\"https:\/\/henoi.org.py\/wp-content\/uploads\/2025\/03\/536-1024x683.jpg 1024w, https:\/\/henoi.org.py\/wp-content\/uploads\/2025\/03\/536-300x200.jpg 300w, https:\/\/henoi.org.py\/wp-content\/uploads\/2025\/03\/536-768x512.jpg 768w\" sizes=\"(max-width: 1024px) 100vw, 1024px\" \/><figcaption class=\"wp-element-caption\"><sup>C\u00e1ndido Soria, opora\u00edva (l\u00edder espiritual) de la comunidad Cerrito Ipotapy-vyju.<\/sup><\/figcaption><\/figure>\n\n\n\n<p>La comunidad ind\u00edgena Ava Guaran\u00ed Cerrito Ipotapy-vyju, ubicada a unos 60 km de Minga Por\u00e3, en el departamento de Alto Paran\u00e1, ha sido desalojada cinco veces en menos de tres a\u00f1os. Dicha comunidad integra la Organizaci\u00f3n Nacional de Abor\u00edgenes Independientes (ONAI), articulaci\u00f3n que viene haciendo frente a desalojos en otras comunidades ind\u00edgenas como <a href=\"https:\/\/www.codehupy.org.py\/desalojan-a-comunidad-indigena-hugua-poi-en-caaguazu\/\">Hugua Po\u2019i<\/a>.<\/p>\n\n\n\n<p>C\u00e1ndido Soria, opora\u00edva (l\u00edder espiritual), recuerda que la primera vez huy\u00f3 al monte a esconderse con sus \u201ctemiarir\u00f5\u201d (nietos). Desde all\u00ed, con impotencia, vio c\u00f3mo prend\u00edan fuego a su comunidad.<\/p>\n\n\n\n<p>\u201cEn cada desalojo nos robaron y saquearon todo. Incendiaron nuestras casas, nos dejaron sin alimentos, y se llevaron nuestras pocas pertenencias\u201d, relata el l\u00edder Alberto Britez Larrea.<\/p>\n\n\n\n<p>La comunidad se asienta en 328 hect\u00e1reas de tierras ancestrales Ava Guaran\u00ed. Aunque ya cuenta con la demarcaci\u00f3n territorial por parte del Instituto Paraguayo del Ind\u00edgena (INDI), lleva dos a\u00f1os esperando el reconocimiento de su personer\u00eda jur\u00eddica.<\/p>\n\n\n\n<figure class=\"wp-block-image size-full is-resized\"><img decoding=\"async\" width=\"480\" height=\"654\" src=\"https:\/\/henoi.org.py\/wp-content\/uploads\/2025\/03\/WhatsApp-Image-2025-03-13-at-8.14.07-AM-2.jpeg\" alt=\"\" class=\"wp-image-5373\" style=\"width:452px;height:auto\" srcset=\"https:\/\/henoi.org.py\/wp-content\/uploads\/2025\/03\/WhatsApp-Image-2025-03-13-at-8.14.07-AM-2.jpeg 480w, https:\/\/henoi.org.py\/wp-content\/uploads\/2025\/03\/WhatsApp-Image-2025-03-13-at-8.14.07-AM-2-220x300.jpeg 220w\" sizes=\"(max-width: 480px) 100vw, 480px\" \/><figcaption class=\"wp-element-caption\"><em><sup>Delimitaci\u00f3n geogr\u00e1fica de la comunidad<\/sup><\/em> <\/figcaption><\/figure>\n\n\n\n<p>Britez exige celeridad a las instituciones del Estado, especialmente al INDI, ya que la comunidad sigue sinti\u00e9ndose en peligro y teme otro atropello. \u201cToda la documentaci\u00f3n requerida ya fue presentada por mesa de entrada\u201d, afirm\u00f3.<\/p>\n\n\n\n<p>Seg\u00fan publicaciones del diario <a href=\"https:\/\/www.ultimahora.com\/indigenas-sufren-violento-desalojo-tercera-vez-minga-pora-n3002518\">\u00daltima Hora<\/a>, durante el tercer desalojo, la Polic\u00eda Nacional de Alto Paran\u00e1 inform\u00f3 que el operativo fue realizado en cumplimiento de una orden judicial dictada por el fiscal Juan Daniel Ben\u00edtez por supuesta invasi\u00f3n de un inmueble propiedad de Germ\u00e1n Hutz. El objetivo era \u201cinspeccionar\u201d y \u201cverificar\u201d el lugar, con facultad de detener a personas \u201cen caso de existir m\u00e9ritos\u201d.&nbsp;<\/p>\n\n\n\n<p>Sin embargo, el INDI cuestion\u00f3 esta acci\u00f3n, ya que la instituci\u00f3n no fue notificada previamente del procedimiento.<\/p>\n\n\n\n<p><strong>\u00bfQui\u00e9n es Germ\u00e1n Hutz, el empresario detr\u00e1s de estos desalojos?<\/strong><\/p>\n\n\n\n<p>Vinculado al cultivo de soja, Hutz fue responsable en 2016 del desalojo de la comunidad ind\u00edgena Ava Guaran\u00ed de Tekoha Sauce. Adem\u00e1s, es acusado de usurpar cerca de 80 hect\u00e1reas de tierras fiscales cercanas a la reserva Limoy de Itaip\u00fa, en Alto Paran\u00e1, seg\u00fan un estudio del perito antrop\u00f3logo y ex presidente del INDI, Jorge Serv\u00edn. Hutz tambi\u00e9n es conocido por sus v\u00ednculos pol\u00edticos con el exvicepresidente Juan Afara.<\/p>\n\n\n\n<p>Cabe destacar que los Av\u00e1 Guaran\u00ed fueron v\u00edctimas de desplazamientos forzosos para la construcci\u00f3n de la hidroel\u00e9ctrica Itaip\u00fa en los a\u00f1os 70 y no han sido resarcidos a\u00fan por el Estado paraguayo.<\/p>\n\n\n\n<figure class=\"wp-block-embed is-type-video is-provider-youtube wp-block-embed-youtube wp-embed-aspect-16-9 wp-has-aspect-ratio\"><div class=\"wp-block-embed__wrapper\">\n<iframe title=\"Resistencia social y pac\u00edfica del pueblo Av\u00e1 Guaran\u00ed\" width=\"900\" height=\"506\" src=\"https:\/\/www.youtube.com\/embed\/MypOwv7pKOw?feature=oembed\" frameborder=\"0\" allow=\"accelerometer; autoplay; clipboard-write; encrypted-media; gyroscope; picture-in-picture; web-share\" referrerpolicy=\"strict-origin-when-cross-origin\" allowfullscreen><\/iframe>\n<\/div><\/figure>\n","protected":false},"excerpt":{"rendered":"<p>17\/03\/2025 La comunidad ind\u00edgena Ava Guaran\u00ed Cerrito Ipotapy-vyju, ubicada a unos 60 km de Minga Por\u00e3, en el departamento de Alto Paran\u00e1, ha sido desalojada cinco veces en menos de tres a\u00f1os. Dicha comunidad integra la Organizaci\u00f3n Nacional de Abor\u00edgenes Independientes (ONAI), articulaci\u00f3n que viene haciendo frente a desalojos en otras comunidades ind\u00edgenas como Hugua Po\u2019i. C\u00e1ndido Soria, opora\u00edva (l\u00edder espiritual), recuerda que la primera vez huy\u00f3 al monte a esconderse con sus \u201ctemiarir\u00f5\u201d (nietos). Desde all\u00ed, con impotencia, vio c\u00f3mo prend\u00edan fuego a su comunidad. \u201cEn cada desalojo nos robaron y saquearon todo. Incendiaron nuestras casas, nos dejaron sin alimentos, y se llevaron nuestras pocas pertenencias\u201d, relata el l\u00edder Alberto Britez Larrea. La comunidad se asienta en 328 hect\u00e1reas de tierras ancestrales Ava Guaran\u00ed. Aunque ya cuenta con la demarcaci\u00f3n territorial por parte del Instituto Paraguayo del Ind\u00edgena (INDI), lleva dos a\u00f1os esperando el reconocimiento de su personer\u00eda jur\u00eddica. Britez exige celeridad a las instituciones del Estado, especialmente al INDI, ya que la comunidad sigue sinti\u00e9ndose en peligro y teme otro atropello. \u201cToda la documentaci\u00f3n requerida ya fue presentada por mesa de entrada\u201d, afirm\u00f3. Seg\u00fan publicaciones del diario \u00daltima Hora, durante el tercer desalojo, la Polic\u00eda Nacional de Alto Paran\u00e1 inform\u00f3 que el operativo fue realizado en cumplimiento de una orden judicial dictada por el fiscal Juan Daniel Ben\u00edtez por supuesta invasi\u00f3n de un inmueble propiedad de Germ\u00e1n Hutz. El objetivo era \u201cinspeccionar\u201d y \u201cverificar\u201d el lugar, con facultad de detener a personas \u201cen caso de existir m\u00e9ritos\u201d.&nbsp; Sin embargo, el INDI cuestion\u00f3 esta acci\u00f3n, ya que la instituci\u00f3n no fue notificada previamente del procedimiento. \u00bfQui\u00e9n es Germ\u00e1n Hutz, el empresario detr\u00e1s de estos desalojos? Vinculado al cultivo de soja, Hutz fue responsable en 2016 del desalojo de la comunidad ind\u00edgena Ava Guaran\u00ed de Tekoha Sauce. Adem\u00e1s, es acusado de usurpar cerca de 80 hect\u00e1reas de tierras fiscales cercanas a la reserva Limoy de Itaip\u00fa, en Alto Paran\u00e1, seg\u00fan un estudio del perito antrop\u00f3logo y ex presidente del INDI, Jorge Serv\u00edn. Hutz tambi\u00e9n es conocido por sus v\u00ednculos pol\u00edticos con el exvicepresidente Juan Afara. Cabe destacar que los Av\u00e1 Guaran\u00ed fueron v\u00edctimas de desplazamientos forzosos para la construcci\u00f3n de la hidroel\u00e9ctrica Itaip\u00fa en los a\u00f1os 70 y no han sido resarcidos a\u00fan por el Estado paraguayo.<\/p>\n","protected":false},"author":3,"featured_media":5376,"comment_status":"open","ping_status":"open","sticky":false,"template":"","format":"standard","meta":{"footnotes":""},"categories":[5,277],"tags":[],"class_list":["post-5372","post","type-post","status-publish","format-standard","has-post-thumbnail","hentry","category-publicaciones","category-sin-categoria-es"],"yoast_head":"<!-- This site is optimized with the Yoast SEO plugin v25.5 - https:\/\/yoast.com\/wordpress\/plugins\/seo\/ -->\n<title>Los Ava Guaran\u00ed contin\u00faan en lucha por sus territorios ancestrales - henoi<\/title>\n<meta name=\"robots\" content=\"index, follow, max-snippet:-1, max-image-preview:large, max-video-preview:-1\" \/>\n<link rel=\"canonical\" href=\"https:\/\/henoi.org.py\/index.php\/2025\/03\/17\/los-ava-guarani-continuan-en-lucha-por-sus-territorios-ancestrales\/\" \/>\n<meta property=\"og:locale\" content=\"es_ES\" \/>\n<meta property=\"og:type\" content=\"article\" \/>\n<meta property=\"og:title\" content=\"Los Ava Guaran\u00ed contin\u00faan en lucha por sus territorios ancestrales - henoi\" \/>\n<meta property=\"og:description\" content=\"17\/03\/2025 La comunidad ind\u00edgena Ava Guaran\u00ed Cerrito Ipotapy-vyju, ubicada a unos 60 km de Minga Por\u00e3, en el departamento de Alto Paran\u00e1, ha sido desalojada cinco veces en menos de tres a\u00f1os. Dicha comunidad integra la Organizaci\u00f3n Nacional de Abor\u00edgenes Independientes (ONAI), articulaci\u00f3n que viene haciendo frente a desalojos en otras comunidades ind\u00edgenas como Hugua Po\u2019i. C\u00e1ndido Soria, opora\u00edva (l\u00edder espiritual), recuerda que la primera vez huy\u00f3 al monte a esconderse con sus \u201ctemiarir\u00f5\u201d (nietos). Desde all\u00ed, con impotencia, vio c\u00f3mo prend\u00edan fuego a su comunidad. \u201cEn cada desalojo nos robaron y saquearon todo. Incendiaron nuestras casas, nos dejaron sin alimentos, y se llevaron nuestras pocas pertenencias\u201d, relata el l\u00edder Alberto Britez Larrea. La comunidad se asienta en 328 hect\u00e1reas de tierras ancestrales Ava Guaran\u00ed. Aunque ya cuenta con la demarcaci\u00f3n territorial por parte del Instituto Paraguayo del Ind\u00edgena (INDI), lleva dos a\u00f1os esperando el reconocimiento de su personer\u00eda jur\u00eddica. Britez exige celeridad a las instituciones del Estado, especialmente al INDI, ya que la comunidad sigue sinti\u00e9ndose en peligro y teme otro atropello. \u201cToda la documentaci\u00f3n requerida ya fue presentada por mesa de entrada\u201d, afirm\u00f3. Seg\u00fan publicaciones del diario \u00daltima Hora, durante el tercer desalojo, la Polic\u00eda Nacional de Alto Paran\u00e1 inform\u00f3 que el operativo fue realizado en cumplimiento de una orden judicial dictada por el fiscal Juan Daniel Ben\u00edtez por supuesta invasi\u00f3n de un inmueble propiedad de Germ\u00e1n Hutz. El objetivo era \u201cinspeccionar\u201d y \u201cverificar\u201d el lugar, con facultad de detener a personas \u201cen caso de existir m\u00e9ritos\u201d.&nbsp; Sin embargo, el INDI cuestion\u00f3 esta acci\u00f3n, ya que la instituci\u00f3n no fue notificada previamente del procedimiento. \u00bfQui\u00e9n es Germ\u00e1n Hutz, el empresario detr\u00e1s de estos desalojos? Vinculado al cultivo de soja, Hutz fue responsable en 2016 del desalojo de la comunidad ind\u00edgena Ava Guaran\u00ed de Tekoha Sauce. Adem\u00e1s, es acusado de usurpar cerca de 80 hect\u00e1reas de tierras fiscales cercanas a la reserva Limoy de Itaip\u00fa, en Alto Paran\u00e1, seg\u00fan un estudio del perito antrop\u00f3logo y ex presidente del INDI, Jorge Serv\u00edn. Hutz tambi\u00e9n es conocido por sus v\u00ednculos pol\u00edticos con el exvicepresidente Juan Afara. Cabe destacar que los Av\u00e1 Guaran\u00ed fueron v\u00edctimas de desplazamientos forzosos para la construcci\u00f3n de la hidroel\u00e9ctrica Itaip\u00fa en los a\u00f1os 70 y no han sido resarcidos a\u00fan por el Estado paraguayo.\" \/>\n<meta property=\"og:url\" content=\"https:\/\/henoi.org.py\/index.php\/2025\/03\/17\/los-ava-guarani-continuan-en-lucha-por-sus-territorios-ancestrales\/\" \/>\n<meta property=\"og:site_name\" content=\"henoi\" \/>\n<meta property=\"article:published_time\" content=\"2025-03-17T11:44:43+00:00\" \/>\n<meta property=\"article:modified_time\" content=\"2025-04-03T21:36:41+00:00\" \/>\n<meta property=\"og:image\" content=\"https:\/\/henoi.org.py\/wp-content\/uploads\/2025\/03\/536-scaled.jpg\" \/>\n\t<meta property=\"og:image:width\" content=\"2560\" \/>\n\t<meta property=\"og:image:height\" content=\"1707\" \/>\n\t<meta property=\"og:image:type\" content=\"image\/jpeg\" \/>\n<meta name=\"author\" content=\"He\u00f1oi\" \/>\n<meta name=\"twitter:card\" content=\"summary_large_image\" \/>\n<meta name=\"twitter:label1\" content=\"Escrito por\" \/>\n\t<meta name=\"twitter:data1\" content=\"He\u00f1oi\" \/>\n\t<meta name=\"twitter:label2\" content=\"Tiempo de lectura\" \/>\n\t<meta name=\"twitter:data2\" content=\"3 minutos\" \/>\n<script type=\"application\/ld+json\" class=\"yoast-schema-graph\">{\"@context\":\"https:\/\/schema.org\",\"@graph\":[{\"@type\":\"WebPage\",\"@id\":\"https:\/\/henoi.org.py\/index.php\/2025\/03\/17\/los-ava-guarani-continuan-en-lucha-por-sus-territorios-ancestrales\/\",\"url\":\"https:\/\/henoi.org.py\/index.php\/2025\/03\/17\/los-ava-guarani-continuan-en-lucha-por-sus-territorios-ancestrales\/\",\"name\":\"Los Ava Guaran\u00ed contin\u00faan en lucha por sus territorios ancestrales - henoi\",\"isPartOf\":{\"@id\":\"https:\/\/henoi.org.py\/#website\"},\"primaryImageOfPage\":{\"@id\":\"https:\/\/henoi.org.py\/index.php\/2025\/03\/17\/los-ava-guarani-continuan-en-lucha-por-sus-territorios-ancestrales\/#primaryimage\"},\"image\":{\"@id\":\"https:\/\/henoi.org.py\/index.php\/2025\/03\/17\/los-ava-guarani-continuan-en-lucha-por-sus-territorios-ancestrales\/#primaryimage\"},\"thumbnailUrl\":\"https:\/\/henoi.org.py\/wp-content\/uploads\/2025\/03\/536-scaled.jpg\",\"datePublished\":\"2025-03-17T11:44:43+00:00\",\"dateModified\":\"2025-04-03T21:36:41+00:00\",\"author\":{\"@id\":\"https:\/\/henoi.org.py\/#\/schema\/person\/3366e0c9ecc69322037ce95a591b59d0\"},\"breadcrumb\":{\"@id\":\"https:\/\/henoi.org.py\/index.php\/2025\/03\/17\/los-ava-guarani-continuan-en-lucha-por-sus-territorios-ancestrales\/#breadcrumb\"},\"inLanguage\":\"es-AR\",\"potentialAction\":[{\"@type\":\"ReadAction\",\"target\":[\"https:\/\/henoi.org.py\/index.php\/2025\/03\/17\/los-ava-guarani-continuan-en-lucha-por-sus-territorios-ancestrales\/\"]}]},{\"@type\":\"ImageObject\",\"inLanguage\":\"es-AR\",\"@id\":\"https:\/\/henoi.org.py\/index.php\/2025\/03\/17\/los-ava-guarani-continuan-en-lucha-por-sus-territorios-ancestrales\/#primaryimage\",\"url\":\"https:\/\/henoi.org.py\/wp-content\/uploads\/2025\/03\/536-scaled.jpg\",\"contentUrl\":\"https:\/\/henoi.org.py\/wp-content\/uploads\/2025\/03\/536-scaled.jpg\",\"width\":2560,\"height\":1707},{\"@type\":\"BreadcrumbList\",\"@id\":\"https:\/\/henoi.org.py\/index.php\/2025\/03\/17\/los-ava-guarani-continuan-en-lucha-por-sus-territorios-ancestrales\/#breadcrumb\",\"itemListElement\":[{\"@type\":\"ListItem\",\"position\":1,\"name\":\"Inicio\",\"item\":\"https:\/\/henoi.org.py\/\"},{\"@type\":\"ListItem\",\"position\":2,\"name\":\"Los Ava Guaran\u00ed contin\u00faan en lucha por sus territorios ancestrales\"}]},{\"@type\":\"WebSite\",\"@id\":\"https:\/\/henoi.org.py\/#website\",\"url\":\"https:\/\/henoi.org.py\/\",\"name\":\"henoi\",\"description\":\"Centro de estudios\",\"potentialAction\":[{\"@type\":\"SearchAction\",\"target\":{\"@type\":\"EntryPoint\",\"urlTemplate\":\"https:\/\/henoi.org.py\/?s={search_term_string}\"},\"query-input\":{\"@type\":\"PropertyValueSpecification\",\"valueRequired\":true,\"valueName\":\"search_term_string\"}}],\"inLanguage\":\"es-AR\"},{\"@type\":\"Person\",\"@id\":\"https:\/\/henoi.org.py\/#\/schema\/person\/3366e0c9ecc69322037ce95a591b59d0\",\"name\":\"He\u00f1oi\",\"image\":{\"@type\":\"ImageObject\",\"inLanguage\":\"es-AR\",\"@id\":\"https:\/\/henoi.org.py\/#\/schema\/person\/image\/\",\"url\":\"https:\/\/secure.gravatar.com\/avatar\/f3a9e761a2eb9637cb5be1b4af2f2dc1a9d76284adc9af24924ba5bdffbdf35d?s=96&d=mm&r=g\",\"contentUrl\":\"https:\/\/secure.gravatar.com\/avatar\/f3a9e761a2eb9637cb5be1b4af2f2dc1a9d76284adc9af24924ba5bdffbdf35d?s=96&d=mm&r=g\",\"caption\":\"He\u00f1oi\"},\"url\":\"https:\/\/henoi.org.py\/index.php\/author\/sandino\/\"}]}<\/script>\n<!-- \/ Yoast SEO plugin. -->","yoast_head_json":{"title":"Los Ava Guaran\u00ed contin\u00faan en lucha por sus territorios ancestrales - henoi","robots":{"index":"index","follow":"follow","max-snippet":"max-snippet:-1","max-image-preview":"max-image-preview:large","max-video-preview":"max-video-preview:-1"},"canonical":"https:\/\/henoi.org.py\/index.php\/2025\/03\/17\/los-ava-guarani-continuan-en-lucha-por-sus-territorios-ancestrales\/","og_locale":"es_ES","og_type":"article","og_title":"Los Ava Guaran\u00ed contin\u00faan en lucha por sus territorios ancestrales - henoi","og_description":"17\/03\/2025 La comunidad ind\u00edgena Ava Guaran\u00ed Cerrito Ipotapy-vyju, ubicada a unos 60 km de Minga Por\u00e3, en el departamento de Alto Paran\u00e1, ha sido desalojada cinco veces en menos de tres a\u00f1os. Dicha comunidad integra la Organizaci\u00f3n Nacional de Abor\u00edgenes Independientes (ONAI), articulaci\u00f3n que viene haciendo frente a desalojos en otras comunidades ind\u00edgenas como Hugua Po\u2019i. C\u00e1ndido Soria, opora\u00edva (l\u00edder espiritual), recuerda que la primera vez huy\u00f3 al monte a esconderse con sus \u201ctemiarir\u00f5\u201d (nietos). Desde all\u00ed, con impotencia, vio c\u00f3mo prend\u00edan fuego a su comunidad. \u201cEn cada desalojo nos robaron y saquearon todo. Incendiaron nuestras casas, nos dejaron sin alimentos, y se llevaron nuestras pocas pertenencias\u201d, relata el l\u00edder Alberto Britez Larrea. La comunidad se asienta en 328 hect\u00e1reas de tierras ancestrales Ava Guaran\u00ed. Aunque ya cuenta con la demarcaci\u00f3n territorial por parte del Instituto Paraguayo del Ind\u00edgena (INDI), lleva dos a\u00f1os esperando el reconocimiento de su personer\u00eda jur\u00eddica. Britez exige celeridad a las instituciones del Estado, especialmente al INDI, ya que la comunidad sigue sinti\u00e9ndose en peligro y teme otro atropello. \u201cToda la documentaci\u00f3n requerida ya fue presentada por mesa de entrada\u201d, afirm\u00f3. Seg\u00fan publicaciones del diario \u00daltima Hora, durante el tercer desalojo, la Polic\u00eda Nacional de Alto Paran\u00e1 inform\u00f3 que el operativo fue realizado en cumplimiento de una orden judicial dictada por el fiscal Juan Daniel Ben\u00edtez por supuesta invasi\u00f3n de un inmueble propiedad de Germ\u00e1n Hutz. El objetivo era \u201cinspeccionar\u201d y \u201cverificar\u201d el lugar, con facultad de detener a personas \u201cen caso de existir m\u00e9ritos\u201d.&nbsp; Sin embargo, el INDI cuestion\u00f3 esta acci\u00f3n, ya que la instituci\u00f3n no fue notificada previamente del procedimiento. \u00bfQui\u00e9n es Germ\u00e1n Hutz, el empresario detr\u00e1s de estos desalojos? Vinculado al cultivo de soja, Hutz fue responsable en 2016 del desalojo de la comunidad ind\u00edgena Ava Guaran\u00ed de Tekoha Sauce. Adem\u00e1s, es acusado de usurpar cerca de 80 hect\u00e1reas de tierras fiscales cercanas a la reserva Limoy de Itaip\u00fa, en Alto Paran\u00e1, seg\u00fan un estudio del perito antrop\u00f3logo y ex presidente del INDI, Jorge Serv\u00edn. Hutz tambi\u00e9n es conocido por sus v\u00ednculos pol\u00edticos con el exvicepresidente Juan Afara. Cabe destacar que los Av\u00e1 Guaran\u00ed fueron v\u00edctimas de desplazamientos forzosos para la construcci\u00f3n de la hidroel\u00e9ctrica Itaip\u00fa en los a\u00f1os 70 y no han sido resarcidos a\u00fan por el Estado paraguayo.","og_url":"https:\/\/henoi.org.py\/index.php\/2025\/03\/17\/los-ava-guarani-continuan-en-lucha-por-sus-territorios-ancestrales\/","og_site_name":"henoi","article_published_time":"2025-03-17T11:44:43+00:00","article_modified_time":"2025-04-03T21:36:41+00:00","og_image":[{"width":2560,"height":1707,"url":"https:\/\/henoi.org.py\/wp-content\/uploads\/2025\/03\/536-scaled.jpg","type":"image\/jpeg"}],"author":"He\u00f1oi","twitter_card":"summary_large_image","twitter_misc":{"Escrito por":"He\u00f1oi","Tiempo de lectura":"3 minutos"},"schema":{"@context":"https:\/\/schema.org","@graph":[{"@type":"WebPage","@id":"https:\/\/henoi.org.py\/index.php\/2025\/03\/17\/los-ava-guarani-continuan-en-lucha-por-sus-territorios-ancestrales\/","url":"https:\/\/henoi.org.py\/index.php\/2025\/03\/17\/los-ava-guarani-continuan-en-lucha-por-sus-territorios-ancestrales\/","name":"Los Ava Guaran\u00ed contin\u00faan en lucha por sus territorios ancestrales - henoi","isPartOf":{"@id":"https:\/\/henoi.org.py\/#website"},"primaryImageOfPage":{"@id":"https:\/\/henoi.org.py\/index.php\/2025\/03\/17\/los-ava-guarani-continuan-en-lucha-por-sus-territorios-ancestrales\/#primaryimage"},"image":{"@id":"https:\/\/henoi.org.py\/index.php\/2025\/03\/17\/los-ava-guarani-continuan-en-lucha-por-sus-territorios-ancestrales\/#primaryimage"},"thumbnailUrl":"https:\/\/henoi.org.py\/wp-content\/uploads\/2025\/03\/536-scaled.jpg","datePublished":"2025-03-17T11:44:43+00:00","dateModified":"2025-04-03T21:36:41+00:00","author":{"@id":"https:\/\/henoi.org.py\/#\/schema\/person\/3366e0c9ecc69322037ce95a591b59d0"},"breadcrumb":{"@id":"https:\/\/henoi.org.py\/index.php\/2025\/03\/17\/los-ava-guarani-continuan-en-lucha-por-sus-territorios-ancestrales\/#breadcrumb"},"inLanguage":"es-AR","potentialAction":[{"@type":"ReadAction","target":["https:\/\/henoi.org.py\/index.php\/2025\/03\/17\/los-ava-guarani-continuan-en-lucha-por-sus-territorios-ancestrales\/"]}]},{"@type":"ImageObject","inLanguage":"es-AR","@id":"https:\/\/henoi.org.py\/index.php\/2025\/03\/17\/los-ava-guarani-continuan-en-lucha-por-sus-territorios-ancestrales\/#primaryimage","url":"https:\/\/henoi.org.py\/wp-content\/uploads\/2025\/03\/536-scaled.jpg","contentUrl":"https:\/\/henoi.org.py\/wp-content\/uploads\/2025\/03\/536-scaled.jpg","width":2560,"height":1707},{"@type":"BreadcrumbList","@id":"https:\/\/henoi.org.py\/index.php\/2025\/03\/17\/los-ava-guarani-continuan-en-lucha-por-sus-territorios-ancestrales\/#breadcrumb","itemListElement":[{"@type":"ListItem","position":1,"name":"Inicio","item":"https:\/\/henoi.org.py\/"},{"@type":"ListItem","position":2,"name":"Los Ava Guaran\u00ed contin\u00faan en lucha por sus territorios ancestrales"}]},{"@type":"WebSite","@id":"https:\/\/henoi.org.py\/#website","url":"https:\/\/henoi.org.py\/","name":"henoi","description":"Centro de estudios","potentialAction":[{"@type":"SearchAction","target":{"@type":"EntryPoint","urlTemplate":"https:\/\/henoi.org.py\/?s={search_term_string}"},"query-input":{"@type":"PropertyValueSpecification","valueRequired":true,"valueName":"search_term_string"}}],"inLanguage":"es-AR"},{"@type":"Person","@id":"https:\/\/henoi.org.py\/#\/schema\/person\/3366e0c9ecc69322037ce95a591b59d0","name":"He\u00f1oi","image":{"@type":"ImageObject","inLanguage":"es-AR","@id":"https:\/\/henoi.org.py\/#\/schema\/person\/image\/","url":"https:\/\/secure.gravatar.com\/avatar\/f3a9e761a2eb9637cb5be1b4af2f2dc1a9d76284adc9af24924ba5bdffbdf35d?s=96&d=mm&r=g","contentUrl":"https:\/\/secure.gravatar.com\/avatar\/f3a9e761a2eb9637cb5be1b4af2f2dc1a9d76284adc9af24924ba5bdffbdf35d?s=96&d=mm&r=g","caption":"He\u00f1oi"},"url":"https:\/\/henoi.org.py\/index.php\/author\/sandino\/"}]}},"_links":{"self":[{"href":"https:\/\/henoi.org.py\/index.php\/wp-json\/wp\/v2\/posts\/5372","targetHints":{"allow":["GET"]}}],"collection":[{"href":"https:\/\/henoi.org.py\/index.php\/wp-json\/wp\/v2\/posts"}],"about":[{"href":"https:\/\/henoi.org.py\/index.php\/wp-json\/wp\/v2\/types\/post"}],"author":[{"embeddable":true,"href":"https:\/\/henoi.org.py\/index.php\/wp-json\/wp\/v2\/users\/3"}],"replies":[{"embeddable":true,"href":"https:\/\/henoi.org.py\/index.php\/wp-json\/wp\/v2\/comments?post=5372"}],"version-history":[{"count":3,"href":"https:\/\/henoi.org.py\/index.php\/wp-json\/wp\/v2\/posts\/5372\/revisions"}],"predecessor-version":[{"id":5399,"href":"https:\/\/henoi.org.py\/index.php\/wp-json\/wp\/v2\/posts\/5372\/revisions\/5399"}],"wp:featuredmedia":[{"embeddable":true,"href":"https:\/\/henoi.org.py\/index.php\/wp-json\/wp\/v2\/media\/5376"}],"wp:attachment":[{"href":"https:\/\/henoi.org.py\/index.php\/wp-json\/wp\/v2\/media?parent=5372"}],"wp:term":[{"taxonomy":"category","embeddable":true,"href":"https:\/\/henoi.org.py\/index.php\/wp-json\/wp\/v2\/categories?post=5372"},{"taxonomy":"post_tag","embeddable":true,"href":"https:\/\/henoi.org.py\/index.php\/wp-json\/wp\/v2\/tags?post=5372"}],"curies":[{"name":"wp","href":"https:\/\/api.w.org\/{rel}","templated":true}]}}