{"id":5305,"date":"2025-01-22T11:35:10","date_gmt":"2025-01-22T14:35:10","guid":{"rendered":"https:\/\/henoi.org.py\/?p=5305"},"modified":"2025-01-22T11:36:33","modified_gmt":"2025-01-22T14:36:33","slug":"un-ano-de-milei-de-licuadoras-carretillas-y-triciclos","status":"publish","type":"post","link":"https:\/\/henoi.org.py\/index.php\/2025\/01\/22\/un-ano-de-milei-de-licuadoras-carretillas-y-triciclos\/","title":{"rendered":"Un a\u00f1o de Milei: de licuadoras, carretillas y triciclos"},"content":{"rendered":"\n<p>Por Nicol\u00e1s Dvoskin<a id=\"_ednref1\" href=\"#_edn1\">[i]<\/a><\/p>\n\n\n\n<p>Ciclo de colaboraciones del Centro de Estudios He\u00f1\u00f3i<\/p>\n\n\n\n<hr class=\"wp-block-separator has-alpha-channel-opacity\" \/>\n\n\n\n<p class=\"has-text-align-center has-small-font-size\"><em><a id=\"_edn1\" href=\"#_ednref1\">[i]<\/a> Nicol\u00e1s Dvoskin es Doctor en Ciencias Sociales y Mag\u00edster en Historia Econ\u00f3mica y Pol\u00edticas Econ\u00f3micas. Licenciado en Econom\u00eda y Ciencias Pol\u00edticas. Es investigador categorizado por el CONICET, Argentina, adscripto al Centro de Estudios e Investigaciones Laborales [CEIL \u2013 CONICET]. Coordina la Licenciatura en Econom\u00eda Pol\u00edtica de la Universidad de Lan\u00fas y es profesor en la Universidad Nacional de General Sarmiento, en la Universidad Nacional de Mar del Plata y de la Universidad Nacional de Jos\u00e9 C. Paz. Sus l\u00edneas de trabajo incluyen las Teor\u00edas del Desarrollo Econ\u00f3mico y la Seguridad Social, la Heterogeneidad Estructural e Historia de las Ideas Econ\u00f3micas. Es integrante de la Sociedad de Econom\u00eda Cr\u00edtica (Argentina \u2013 Uruguay) y de la Asociaci\u00f3n Latinoamericana del Pensamiento Econ\u00f3mico, ALAHPE. Adem\u00e1s de coordinar diversos grupos de trabajo en el marco de la Young Scholar Initiative (YSI Group).<\/em><\/p>\n\n\n\n<hr class=\"wp-block-separator has-alpha-channel-opacity\" \/>\n\n\n\n<p>Ya llevamos m\u00e1s de un a\u00f1o de gobierno de Javier Milei en Argentina. En este a\u00f1o pas\u00f3 de todo, menos lo que Milei anunciaba en la campa\u00f1a electoral que lo llev\u00f3 a la presidencia. El peso argentino, denunciado como excremento, se iba a eliminar, y result\u00f3 ser la moneda m\u00e1s apreciada -en t\u00e9rminos reales- del mundo. El cepo cambiario era simult\u00e1neamente un delito contra el inalienable derecho de propiedad y un limitante del crecimiento, y sigue ah\u00ed, m\u00e1s vivo que nunca. El Banco Central habr\u00eda de cerrar sus puertas para dar paso a la dolarizaci\u00f3n, y sigue ah\u00ed, con emisi\u00f3n monetaria r\u00e9cord y la menor independencia entre sus autoridades y las de Hacienda desde su creaci\u00f3n hace noventa a\u00f1os.<\/p>\n\n\n\n<p>Es decir, del programa de transformaci\u00f3n radical de las instituciones, sostenido en cambios profundos en materia monetaria, no hubo ni siquiera un atisbo. \u00bfQu\u00e9 fue lo que s\u00ed hubo? Licuadoras, carretillas y triciclos, en un renovado, pero no del todo novedoso ciclo de valorizaci\u00f3n financiera. \u00bfC\u00f3mo es eso? Veamos.<\/p>\n\n\n\n<figure class=\"wp-block-image size-full\"><img fetchpriority=\"high\" decoding=\"async\" width=\"760\" height=\"522\" src=\"https:\/\/henoi.org.py\/wp-content\/uploads\/2025\/01\/Javier-Milei.-Fuente-Cadena-3.jpg.webp\" alt=\"\" class=\"wp-image-5309\" srcset=\"https:\/\/henoi.org.py\/wp-content\/uploads\/2025\/01\/Javier-Milei.-Fuente-Cadena-3.jpg.webp 760w, https:\/\/henoi.org.py\/wp-content\/uploads\/2025\/01\/Javier-Milei.-Fuente-Cadena-3.jpg-300x206.webp 300w\" sizes=\"(max-width: 760px) 100vw, 760px\" \/><figcaption class=\"wp-element-caption\"><sup><em><strong>Foto: <\/strong>Di\u00e1logo Pol\u00edtico<\/em><\/sup><\/figcaption><\/figure>\n\n\n\n<p><strong>Licuadoras<\/strong><\/p>\n\n\n\n<p>Uno de los problemas que tanto Milei como gran parte de la ortodoxia econ\u00f3mica ven\u00edan denunciando en los a\u00f1os posteriores a la pandemia era la distorsi\u00f3n de los precios relativos, que se hab\u00eda potenciado con la aceleraci\u00f3n inflacionaria. En este sentido, la brutal devaluaci\u00f3n de principios de diciembre de 2023, que llev\u00f3 al d\u00f3lar oficial de 360 a 800 pesos, y por consiguiente a la inflaci\u00f3n a un r\u00e9cord de 25,5% mensual, duplicando el ya elevado dato de noviembre, fue justificada como una correcci\u00f3n necesaria, pero causada por los desequilibrios preexistentes. La brecha cambiaria del 200% fue reducida a poco m\u00e1s del 30% y empezaron a autorizarse elevados aumentos de precios de bienes y servicios regulados, siendo el combustible y la salud los m\u00e1s notorios.<\/p>\n\n\n\n<p>La inflaci\u00f3n creciente hizo que las ganancias de competitividad de la mega devaluaci\u00f3n se fueran diluyendo muy r\u00e1pidamente. Ya en febrero el \u00edndice de tipo de cambio real multilateral estaba a niveles de agosto de 2023, y ya a principios de abril estaba en valores similares a los del promedio de los primeros siete meses de 2023, antes de la peque\u00f1a devaluaci\u00f3n posterior a las elecciones primarias. Es decir, el d\u00f3lar oficial estaba muy atrasado, pero la devaluaci\u00f3n solo corrigi\u00f3 ese retraso de manera coyuntural, por pocos meses.<\/p>\n\n\n\n<p>Lo que hizo la devaluaci\u00f3n, al acelerar la inflaci\u00f3n, fue atentar contra el precio relativo m\u00e1s importante para los\/as trabajadores\/as: el salario.<\/p>\n\n\n\n<p><\/p>\n\n\n\n<figure class=\"wp-block-image size-full\"><img decoding=\"async\" width=\"568\" height=\"300\" src=\"https:\/\/henoi.org.py\/wp-content\/uploads\/2025\/01\/Grafico-1.png\" alt=\"\" class=\"wp-image-5306\" srcset=\"https:\/\/henoi.org.py\/wp-content\/uploads\/2025\/01\/Grafico-1.png 568w, https:\/\/henoi.org.py\/wp-content\/uploads\/2025\/01\/Grafico-1-300x158.png 300w\" sizes=\"(max-width: 568px) 100vw, 568px\" \/><figcaption class=\"wp-element-caption\"><strong><em><sup>Gr\u00e1fico 1<\/sup><\/em><\/strong><sup><em>: Elaboraci\u00f3n propia en base a INDEC y \u00c1mbito Financiero<\/em><\/sup><\/figcaption><\/figure>\n\n\n\n<p>El salario promedio de los trabajadores registrados medido por el RIPTE<a href=\"#_ftn1\" id=\"_ftnref1\">[1]<\/a> era de 447.000 pesos en noviembre de 2023, lo que equivale a 1.189.000 pesos de noviembre de 2024 (l\u00ednea azul). En moneda constante, el salario se derrumb\u00f3 hasta 961.000 pesos en febrero, para despu\u00e9s subir muy lentamente. Hacia noviembre de 2024 -\u00faltimo dato disponible hasta hoy- el salario promedio llega a 1.178.000 pesos, casi el mismo que un a\u00f1o atr\u00e1s. Es decir, llegamos a un salario real privado registrado igual al de antes de Milei, pero con toda la p\u00e9rdida acumulada en el medio. En el caso de los trabajadores del sector p\u00fablico, la p\u00e9rdida es mucho mayor, y hacia noviembre de 2024 sigue estando 20% por debajo del mismo mes de 2023.<\/p>\n\n\n\n<p>El \u00e1rea en rojo presenta la p\u00e9rdida de ingreso acumulada por un trabajador registrado promedio, medida en d\u00f3lares CCL<a href=\"#_ftn2\" id=\"_ftnref2\">[2]<\/a>. Se la obtiene la diferencia entre el salario promedio en pesos de cada mes, menos el de noviembre de 2023 en pesos del mes en cuesti\u00f3n, dividido el tipo de cambio del \u00faltimo d\u00eda h\u00e1bil del mes. La suma luego de un a\u00f1o da 821 d\u00f3lares. Es decir, eso es lo que perdi\u00f3 cada trabajador\/a registrado\/a en promedio luego de un a\u00f1o de gobierno de Milei. El n\u00famero aumenta si tenemos en cuenta que la baja pronunciada de los salarios en los primeros meses pudo haberse cubierto con endeudamiento personal a tasas reales positivas (r\u00e9cord en montos durante 2024), que se llevaron los aumentos salariales de los meses siguientes.<\/p>\n\n\n\n<p>Podemos hacer un ejercicio similar con la jubilaci\u00f3n m\u00ednima y el resultado es una p\u00e9rdida acumulada de 155 d\u00f3lares por cada jubilado\/a.<\/p>\n\n\n\n<p>\u00bfTodos perdieron entonces? Pareciera que no.<\/p>\n\n\n\n<p><strong>Carretillas<\/strong><\/p>\n\n\n\n<p>Tanto en campa\u00f1a como en el gobierno, el discurso de Milei se focaliz\u00f3 en que el ajuste ser\u00eda pagado por \u201cla casta\u201d. M\u00e1s all\u00e1 de lo amorfo del concepto y del \u00e9nfasis en algunas medidas simb\u00f3licas como el congelamiento de salarios del alto funcionariado p\u00fablico, lo cierto es que el ajuste fue pagado principalmente, como vimos en el apartado anterior, por trabajadores\/as y jubilados\/as. Sin embargo, en econom\u00eda generalmente cuando hay ganadores tambi\u00e9n hay perdedores.<\/p>\n\n\n\n<p>Es dif\u00edcil medir la ganancia o p\u00e9rdida del capital en general, porque lo cierto es que muchos sectores han visto reducida su tasa de ganancia a lo largo del a\u00f1o: los industriales enfocados en el mercado interno vivieron cataclismos durante el primer semestre, con la pronunciad\u00edsima recesi\u00f3n; los agroexportadores lo est\u00e1n viviendo ahora con la acelerada apreciaci\u00f3n cambiaria sumada a los bajos precios internacionales. Sin embargo, hay un sector que gan\u00f3 sin parar: el financiero.<\/p>\n\n\n\n<p><\/p>\n\n\n\n<figure class=\"wp-block-image size-full\"><img decoding=\"async\" width=\"568\" height=\"319\" src=\"https:\/\/henoi.org.py\/wp-content\/uploads\/2025\/01\/grafico-2.png\" alt=\"\" class=\"wp-image-5307\" srcset=\"https:\/\/henoi.org.py\/wp-content\/uploads\/2025\/01\/grafico-2.png 568w, https:\/\/henoi.org.py\/wp-content\/uploads\/2025\/01\/grafico-2-300x168.png 300w\" sizes=\"(max-width: 568px) 100vw, 568px\" \/><figcaption class=\"wp-element-caption\"><sup><em><strong>Gr\u00e1fico 2<\/strong>: Elaboraci\u00f3n propia en base a \u00c1mbito Financiero<\/em><\/sup><\/figcaption><\/figure>\n\n\n\n<p>La l\u00ednea azul nos muestra la evoluci\u00f3n del \u00edndice del Mercado de Valores (Merval), que promedia las variaciones de la bolsa de Buenos Aires, pero en d\u00f3lares. Lo que vemos es que el valor de las acciones se mantiene pr\u00e1cticamente constante hasta febrero de 2024, cuando empieza a subir, luego baja hacia mediados de a\u00f1o, alcanzando su piso en la corrida cambiaria de la segunda semana de julio (cuando el d\u00f3lar CCL alcanz\u00f3 los 1500 pesos), pero vuelve a acelerarse con fuerza durante los \u00faltimos cinco meses. Hacia noviembre de 2024 el \u00edndice Merval en d\u00f3lares duplicaba al de noviembre de 2023. Si nos extendi\u00e9ramos hacia enero de 2025, ver\u00edamos una cuasi triplicaci\u00f3n. La rentabilidad real durante noviembre de 2024 \u2013en pesos, descontando la inflaci\u00f3n- fue del 18,5% mensual.<\/p>\n\n\n\n<p>El \u00e1rea verde lo que hace es simular la ganancia acumulada de un inversor que compr\u00f3 una cartera promedio de acciones valuada en 1000 d\u00f3lares en noviembre de 2023. En noviembre de 2024, un a\u00f1o despu\u00e9s, esa cartera val\u00eda 2107 d\u00f3lares. Es decir, m\u00e1s que duplic\u00f3 su valor en un a\u00f1o. Se trata de una tasa de ganancia abismal, pero al mismo tiempo insostenible.<\/p>\n\n\n\n<p>Mientras a algunos\/as, vendiendo su fuerza de trabajo, les licuaron los ingresos, otros\/as, haciendo que el dinero trabaje solo, pudieron juntarlo en carretillas. De hecho, podemos verlos a todos juntos:<\/p>\n\n\n\n<p><\/p>\n\n\n\n<figure class=\"wp-block-image size-full\"><img loading=\"lazy\" decoding=\"async\" width=\"568\" height=\"339\" src=\"https:\/\/henoi.org.py\/wp-content\/uploads\/2025\/01\/Grafico-3.png\" alt=\"\" class=\"wp-image-5308\" srcset=\"https:\/\/henoi.org.py\/wp-content\/uploads\/2025\/01\/Grafico-3.png 568w, https:\/\/henoi.org.py\/wp-content\/uploads\/2025\/01\/Grafico-3-300x179.png 300w\" sizes=\"(max-width: 568px) 100vw, 568px\" \/><figcaption class=\"wp-element-caption\"><sup><em><strong>Gr\u00e1fico 3<\/strong>: Elaboraci\u00f3n propia en base a INDEC y \u00c1mbito Financiero<\/em><\/sup><\/figcaption><\/figure>\n\n\n\n<p>El \u00e1rea roja es la p\u00e9rdida de un\/a trabajador\/a registrado\/a promedio. El \u00e1rea amarilla es la de un\/a jubilado\/a de la m\u00ednima. El \u00e1rea verde es la ganancia acumulada de quien invirti\u00f3 solo mil d\u00f3lares en la bolsa. Como vemos, la suma del \u00e1rea amarilla y la roja es similar a la verde hacia noviembre de 2024.<\/p>\n\n\n\n<p><strong>Triciclos<\/strong><\/p>\n\n\n\n<p>\u00bfC\u00f3mo se pudo sostener este mecanismo de brutal transferencia de riquezas del trabajo al capital financiero? La clave estuvo en el triciclo, una versi\u00f3n ad hoc de la famosa bicicleta financiera que tantas veces rod\u00f3 por las carreteras burs\u00e1tiles argentinas.<\/p>\n\n\n\n<p>En resumidas cuentas, la bicicleta financiera consiste en que el Estado ofrezca t\u00edtulos de alta rentabilidad nominal en pesos, lo cual en un contexto de alta inflaci\u00f3n no necesariamente va a desincentivar la inversi\u00f3n, pues las tasas reales pueden seguir siendo bajas o incluso negativas, pero con una promesa cre\u00edble de un tipo de cambio relativamente estable, lo que traduce esa alta tasa nominal en pesos en una alta tasa en d\u00f3lares. Su versi\u00f3n m\u00e1s pura es la de la \u00faltima dictadura militar, donde el tipo de cambio estaba fijo por la \u201ctablita cambiaria\u201d, pero tambi\u00e9n es bastante pura la versi\u00f3n que rigi\u00f3 entre mediados de 2016 y principios de 2018, durante el gobierno de Mauricio Macri, con un tipo de cambio flexible pero estable a partir de los masivos ingresos de capitales.<\/p>\n\n\n\n<p>Mientras rueda, la bicicleta atrae inversiones que se pesifican. La entrada de d\u00f3lares le da fuerza a la estabilidad cambiaria que mantiene activo al rodado. Incluso puede suceder que los ingresos sean tan masivos que se acepte una baja de tasas. Normalmente al inicio una bicicleta viene acompa\u00f1ada de alg\u00fan ingreso extraordinario de capitales, como fue en 2016 -y tambi\u00e9n en 2024-, el blanqueo. Entonces, la bicicleta rueda, los d\u00f3lares entran, el tipo de cambio se estabiliza y se controla la inflaci\u00f3n.<\/p>\n\n\n\n<p>\u00bfPor qu\u00e9 decimos que lo de ahora no es una bicicleta sino un triciclo? Bien, porque es un mecanismo mucho m\u00e1s peque\u00f1o y controlado. En primer lugar, no llega tan lejos: opera solo a escala nacional. Argentina est\u00e1 fuera de los mercados internacionales de deuda, y en estos t\u00e9rminos el triciclo est\u00e1 funcionando principalmente para evitar la compra de d\u00f3lares por parte de residentes, no tanto para atraer recursos extranjeros. De hecho, las reservas internacionales no se han movido mucho en el \u00faltimo a\u00f1o, mientras que entre 2016 y 2018 se hab\u00edan duplicado.<\/p>\n\n\n\n<p>En segundo lugar, se mueve mucho m\u00e1s lento: los montos operados son menores, e incluso est\u00e1 funcionando con letras a tres, seis o nueve meses, con vencimientos escalonados mensuales, mientras que en 2016 se operaba con letras mensuales y vencimientos todas las semanas.<\/p>\n\n\n\n<p>En tercer lugar, y por sobre todo, es mucho m\u00e1s estable: la vigencia del cepo cambiario impide que los vaivenes de la bicicleta afecten a las reservas internacionales. Impide la salida de capitales y as\u00ed desincentiva la entrada. Juegan menos jugadores y el riesgo es mucho menor. Al mismo tiempo, es m\u00e1s dif\u00edcil hacerlo circular por caminos sinuosos: si el triciclo juega en el terreno del tipo de cambio financiero, mucho m\u00e1s vol\u00e1til, es dif\u00edcil proveer credibilidad a la estabilidad del mismo, algo que este gobierno ha conseguido, muchas veces a costa de la propia acumulaci\u00f3n de reservas.<\/p>\n\n\n\n<p>Las grandes ganancias burs\u00e1tiles necesariamente est\u00e1n atadas a este proceso de valorizaci\u00f3n financiera garantizado con deuda p\u00fablica -que crece a pesar del super\u00e1vit fiscal-, proceso cuyos resultados son harto conocidos en el pa\u00eds.<\/p>\n\n\n\n<p>En s\u00edntesis, llevamos poco m\u00e1s de un a\u00f1o de un proceso que se autoconsagra por la baja de la inflaci\u00f3n, el equilibrio fiscal y la estabilidad cambiaria. Mientras el gobierno insiste en que el elemento clave de todo ello fue la motosierra (reducci\u00f3n salvaje del gasto p\u00fablico), lo cierto es que el clivaje que jug\u00f3 fue otro: no se trata de un gobierno donde el Estado se retira para dar aire y libertad al sector privado; se trata de un proceso por el cual los\/as trabajadores\/as ven licuados sus ingresos a costa de una acelerada valorizaci\u00f3n financiera que crea fantas\u00edas de estabilidad y posibilidades de enriquecimiento acelerado para algunos. Sin embargo, no solo es pan para hoy y hambre para la ma\u00f1ana (porque indefectiblemente las bicicletas o triciclos terminan chocando) sino que tampoco es pan para todos: algunos llenan sus carretillas y otros ven migajas pasadas por licuadora.<\/p>\n\n\n\n<hr class=\"wp-block-separator has-alpha-channel-opacity\" \/>\n\n\n\n<p class=\"has-small-font-size\"><a href=\"#_ftnref1\" id=\"_ftn1\">[1]<\/a>Nota del Comit\u00e9 Editorial: El RIPTE o Remuneraci\u00f3n Imponible Promedio de los Trabajadores Estables, es un indicador que mide la evoluci\u00f3n de los salarios en Argentina y es calculado a partir de los salarios de los trabajadores en relaci\u00f3n de dependencia y sujetos al Sistema Integrado Previsional Argentino (SIPA).<\/p>\n\n\n\n<p class=\"has-small-font-size\"><a href=\"#_ftnref2\" id=\"_ftn2\">[2]<\/a> Nota del Comit\u00e9 Editorial: El d\u00f3lar CCL es uno de los instrumentos financieros m\u00e1s utilizados en Argentina para intercambiar pesos por d\u00f3lares en el extranjero y se refiere a aquellos d\u00f3lares adquiridos al contado con liquidaci\u00f3n en los mercados burs\u00e1tiles a trav\u00e9s de la venta de instrumentos financieros como bonos y acciones.<\/p>\n\n\n\n<p><\/p>\n","protected":false},"excerpt":{"rendered":"<p>Por Nicol\u00e1s Dvoskin[i] Ciclo de colaboraciones del Centro de Estudios He\u00f1\u00f3i [i] Nicol\u00e1s Dvoskin es Doctor en Ciencias Sociales y Mag\u00edster en Historia Econ\u00f3mica y Pol\u00edticas Econ\u00f3micas. Licenciado en Econom\u00eda y Ciencias Pol\u00edticas. Es investigador categorizado por el CONICET, Argentina, adscripto al Centro de Estudios e Investigaciones Laborales [CEIL \u2013 CONICET]. Coordina la Licenciatura en Econom\u00eda Pol\u00edtica de la Universidad de Lan\u00fas y es profesor en la Universidad Nacional de General Sarmiento, en la Universidad Nacional de Mar del Plata y de la Universidad Nacional de Jos\u00e9 C. Paz. Sus l\u00edneas de trabajo incluyen las Teor\u00edas del Desarrollo Econ\u00f3mico y la Seguridad Social, la Heterogeneidad Estructural e Historia de las Ideas Econ\u00f3micas. Es integrante de la Sociedad de Econom\u00eda Cr\u00edtica (Argentina \u2013 Uruguay) y de la Asociaci\u00f3n Latinoamericana del Pensamiento Econ\u00f3mico, ALAHPE. Adem\u00e1s de coordinar diversos grupos de trabajo en el marco de la Young Scholar Initiative (YSI Group). Ya llevamos m\u00e1s de un a\u00f1o de gobierno de Javier Milei en Argentina. En este a\u00f1o pas\u00f3 de todo, menos lo que Milei anunciaba en la campa\u00f1a electoral que lo llev\u00f3 a la presidencia. El peso argentino, denunciado como excremento, se iba a eliminar, y result\u00f3 ser la moneda m\u00e1s apreciada -en t\u00e9rminos reales- del mundo. El cepo cambiario era simult\u00e1neamente un delito contra el inalienable derecho de propiedad y un limitante del crecimiento, y sigue ah\u00ed, m\u00e1s vivo que nunca. El Banco Central habr\u00eda de cerrar sus puertas para dar paso a la dolarizaci\u00f3n, y sigue ah\u00ed, con emisi\u00f3n monetaria r\u00e9cord y la menor independencia entre sus autoridades y las de Hacienda desde su creaci\u00f3n hace noventa a\u00f1os. Es decir, del programa de transformaci\u00f3n radical de las instituciones, sostenido en cambios profundos en materia monetaria, no hubo ni siquiera un atisbo. \u00bfQu\u00e9 fue lo que s\u00ed hubo? Licuadoras, carretillas y triciclos, en un renovado, pero no del todo novedoso ciclo de valorizaci\u00f3n financiera. \u00bfC\u00f3mo es eso? Veamos. Licuadoras Uno de los problemas que tanto Milei como gran parte de la ortodoxia econ\u00f3mica ven\u00edan denunciando en los a\u00f1os posteriores a la pandemia era la distorsi\u00f3n de los precios relativos, que se hab\u00eda potenciado con la aceleraci\u00f3n inflacionaria. En este sentido, la brutal devaluaci\u00f3n de principios de diciembre de 2023, que llev\u00f3 al d\u00f3lar oficial de 360 a 800 pesos, y por consiguiente a la inflaci\u00f3n a un r\u00e9cord de 25,5% mensual, duplicando el ya elevado dato de noviembre, fue justificada como una correcci\u00f3n necesaria, pero causada por los desequilibrios preexistentes. La brecha cambiaria del 200% fue reducida a poco m\u00e1s del 30% y empezaron a autorizarse elevados aumentos de precios de bienes y servicios regulados, siendo el combustible y la salud los m\u00e1s notorios. La inflaci\u00f3n creciente hizo que las ganancias de competitividad de la mega devaluaci\u00f3n se fueran diluyendo muy r\u00e1pidamente. Ya en febrero el \u00edndice de tipo de cambio real multilateral estaba a niveles de agosto de 2023, y ya a principios de abril estaba en valores similares a los del promedio de los primeros siete meses de 2023, antes de la peque\u00f1a devaluaci\u00f3n posterior a las elecciones primarias. Es decir, el d\u00f3lar oficial estaba muy atrasado, pero la devaluaci\u00f3n solo corrigi\u00f3 ese retraso de manera coyuntural, por pocos meses. Lo que hizo la devaluaci\u00f3n, al acelerar la inflaci\u00f3n, fue atentar contra el precio relativo m\u00e1s importante para los\/as trabajadores\/as: el salario. El salario promedio de los trabajadores registrados medido por el RIPTE[1] era de 447.000 pesos en noviembre de 2023, lo que equivale a 1.189.000 pesos de noviembre de 2024 (l\u00ednea azul). En moneda constante, el salario se derrumb\u00f3 hasta 961.000 pesos en febrero, para despu\u00e9s subir muy lentamente. Hacia noviembre de 2024 -\u00faltimo dato disponible hasta hoy- el salario promedio llega a 1.178.000 pesos, casi el mismo que un a\u00f1o atr\u00e1s. Es decir, llegamos a un salario real privado registrado igual al de antes de Milei, pero con toda la p\u00e9rdida acumulada en el medio. En el caso de los trabajadores del sector p\u00fablico, la p\u00e9rdida es mucho mayor, y hacia noviembre de 2024 sigue estando 20% por debajo del mismo mes de 2023. El \u00e1rea en rojo presenta la p\u00e9rdida de ingreso acumulada por un trabajador registrado promedio, medida en d\u00f3lares CCL[2]. Se la obtiene la diferencia entre el salario promedio en pesos de cada mes, menos el de noviembre de 2023 en pesos del mes en cuesti\u00f3n, dividido el tipo de cambio del \u00faltimo d\u00eda h\u00e1bil del mes. La suma luego de un a\u00f1o da 821 d\u00f3lares. Es decir, eso es lo que perdi\u00f3 cada trabajador\/a registrado\/a en promedio luego de un a\u00f1o de gobierno de Milei. El n\u00famero aumenta si tenemos en cuenta que la baja pronunciada de los salarios en los primeros meses pudo haberse cubierto con endeudamiento personal a tasas reales positivas (r\u00e9cord en montos durante 2024), que se llevaron los aumentos salariales de los meses siguientes. Podemos hacer un ejercicio similar con la jubilaci\u00f3n m\u00ednima y el resultado es una p\u00e9rdida acumulada de 155 d\u00f3lares por cada jubilado\/a. \u00bfTodos perdieron entonces? Pareciera que no. Carretillas Tanto en campa\u00f1a como en el gobierno, el discurso de Milei se focaliz\u00f3 en que el ajuste ser\u00eda pagado por \u201cla casta\u201d. M\u00e1s all\u00e1 de lo amorfo del concepto y del \u00e9nfasis en algunas medidas simb\u00f3licas como el congelamiento de salarios del alto funcionariado p\u00fablico, lo cierto es que el ajuste fue pagado principalmente, como vimos en el apartado anterior, por trabajadores\/as y jubilados\/as. Sin embargo, en econom\u00eda generalmente cuando hay ganadores tambi\u00e9n hay perdedores. Es dif\u00edcil medir la ganancia o p\u00e9rdida del capital en general, porque lo cierto es que muchos sectores han visto reducida su tasa de ganancia a lo largo del a\u00f1o: los industriales enfocados en el mercado interno vivieron cataclismos durante el primer semestre, con la pronunciad\u00edsima recesi\u00f3n; los agroexportadores lo est\u00e1n viviendo ahora con la acelerada apreciaci\u00f3n cambiaria sumada a los bajos precios internacionales. Sin embargo, hay un sector que gan\u00f3 sin parar: el financiero. La l\u00ednea azul nos muestra la evoluci\u00f3n del \u00edndice del Mercado de Valores (Merval), que<\/p>\n","protected":false},"author":3,"featured_media":5309,"comment_status":"open","ping_status":"open","sticky":false,"template":"","format":"standard","meta":{"footnotes":""},"categories":[299,5,277],"tags":[],"class_list":["post-5305","post","type-post","status-publish","format-standard","has-post-thumbnail","hentry","category-paraguay-libre-de-comercio","category-publicaciones","category-sin-categoria-es"],"yoast_head":"<!-- This site is optimized with the Yoast SEO plugin v25.5 - https:\/\/yoast.com\/wordpress\/plugins\/seo\/ -->\n<title>Un a\u00f1o de Milei: de licuadoras, carretillas y triciclos - henoi<\/title>\n<meta name=\"robots\" content=\"index, follow, max-snippet:-1, max-image-preview:large, max-video-preview:-1\" \/>\n<link rel=\"canonical\" href=\"https:\/\/henoi.org.py\/index.php\/2025\/01\/22\/un-ano-de-milei-de-licuadoras-carretillas-y-triciclos\/\" \/>\n<meta property=\"og:locale\" content=\"es_ES\" \/>\n<meta property=\"og:type\" content=\"article\" \/>\n<meta property=\"og:title\" content=\"Un a\u00f1o de Milei: de licuadoras, carretillas y triciclos - henoi\" \/>\n<meta property=\"og:description\" content=\"Por Nicol\u00e1s Dvoskin[i] Ciclo de colaboraciones del Centro de Estudios He\u00f1\u00f3i [i] Nicol\u00e1s Dvoskin es Doctor en Ciencias Sociales y Mag\u00edster en Historia Econ\u00f3mica y Pol\u00edticas Econ\u00f3micas. Licenciado en Econom\u00eda y Ciencias Pol\u00edticas. Es investigador categorizado por el CONICET, Argentina, adscripto al Centro de Estudios e Investigaciones Laborales [CEIL \u2013 CONICET]. Coordina la Licenciatura en Econom\u00eda Pol\u00edtica de la Universidad de Lan\u00fas y es profesor en la Universidad Nacional de General Sarmiento, en la Universidad Nacional de Mar del Plata y de la Universidad Nacional de Jos\u00e9 C. Paz. Sus l\u00edneas de trabajo incluyen las Teor\u00edas del Desarrollo Econ\u00f3mico y la Seguridad Social, la Heterogeneidad Estructural e Historia de las Ideas Econ\u00f3micas. Es integrante de la Sociedad de Econom\u00eda Cr\u00edtica (Argentina \u2013 Uruguay) y de la Asociaci\u00f3n Latinoamericana del Pensamiento Econ\u00f3mico, ALAHPE. Adem\u00e1s de coordinar diversos grupos de trabajo en el marco de la Young Scholar Initiative (YSI Group). Ya llevamos m\u00e1s de un a\u00f1o de gobierno de Javier Milei en Argentina. En este a\u00f1o pas\u00f3 de todo, menos lo que Milei anunciaba en la campa\u00f1a electoral que lo llev\u00f3 a la presidencia. El peso argentino, denunciado como excremento, se iba a eliminar, y result\u00f3 ser la moneda m\u00e1s apreciada -en t\u00e9rminos reales- del mundo. El cepo cambiario era simult\u00e1neamente un delito contra el inalienable derecho de propiedad y un limitante del crecimiento, y sigue ah\u00ed, m\u00e1s vivo que nunca. El Banco Central habr\u00eda de cerrar sus puertas para dar paso a la dolarizaci\u00f3n, y sigue ah\u00ed, con emisi\u00f3n monetaria r\u00e9cord y la menor independencia entre sus autoridades y las de Hacienda desde su creaci\u00f3n hace noventa a\u00f1os. Es decir, del programa de transformaci\u00f3n radical de las instituciones, sostenido en cambios profundos en materia monetaria, no hubo ni siquiera un atisbo. \u00bfQu\u00e9 fue lo que s\u00ed hubo? Licuadoras, carretillas y triciclos, en un renovado, pero no del todo novedoso ciclo de valorizaci\u00f3n financiera. \u00bfC\u00f3mo es eso? Veamos. Licuadoras Uno de los problemas que tanto Milei como gran parte de la ortodoxia econ\u00f3mica ven\u00edan denunciando en los a\u00f1os posteriores a la pandemia era la distorsi\u00f3n de los precios relativos, que se hab\u00eda potenciado con la aceleraci\u00f3n inflacionaria. En este sentido, la brutal devaluaci\u00f3n de principios de diciembre de 2023, que llev\u00f3 al d\u00f3lar oficial de 360 a 800 pesos, y por consiguiente a la inflaci\u00f3n a un r\u00e9cord de 25,5% mensual, duplicando el ya elevado dato de noviembre, fue justificada como una correcci\u00f3n necesaria, pero causada por los desequilibrios preexistentes. La brecha cambiaria del 200% fue reducida a poco m\u00e1s del 30% y empezaron a autorizarse elevados aumentos de precios de bienes y servicios regulados, siendo el combustible y la salud los m\u00e1s notorios. La inflaci\u00f3n creciente hizo que las ganancias de competitividad de la mega devaluaci\u00f3n se fueran diluyendo muy r\u00e1pidamente. Ya en febrero el \u00edndice de tipo de cambio real multilateral estaba a niveles de agosto de 2023, y ya a principios de abril estaba en valores similares a los del promedio de los primeros siete meses de 2023, antes de la peque\u00f1a devaluaci\u00f3n posterior a las elecciones primarias. Es decir, el d\u00f3lar oficial estaba muy atrasado, pero la devaluaci\u00f3n solo corrigi\u00f3 ese retraso de manera coyuntural, por pocos meses. Lo que hizo la devaluaci\u00f3n, al acelerar la inflaci\u00f3n, fue atentar contra el precio relativo m\u00e1s importante para los\/as trabajadores\/as: el salario. El salario promedio de los trabajadores registrados medido por el RIPTE[1] era de 447.000 pesos en noviembre de 2023, lo que equivale a 1.189.000 pesos de noviembre de 2024 (l\u00ednea azul). En moneda constante, el salario se derrumb\u00f3 hasta 961.000 pesos en febrero, para despu\u00e9s subir muy lentamente. Hacia noviembre de 2024 -\u00faltimo dato disponible hasta hoy- el salario promedio llega a 1.178.000 pesos, casi el mismo que un a\u00f1o atr\u00e1s. Es decir, llegamos a un salario real privado registrado igual al de antes de Milei, pero con toda la p\u00e9rdida acumulada en el medio. En el caso de los trabajadores del sector p\u00fablico, la p\u00e9rdida es mucho mayor, y hacia noviembre de 2024 sigue estando 20% por debajo del mismo mes de 2023. El \u00e1rea en rojo presenta la p\u00e9rdida de ingreso acumulada por un trabajador registrado promedio, medida en d\u00f3lares CCL[2]. Se la obtiene la diferencia entre el salario promedio en pesos de cada mes, menos el de noviembre de 2023 en pesos del mes en cuesti\u00f3n, dividido el tipo de cambio del \u00faltimo d\u00eda h\u00e1bil del mes. La suma luego de un a\u00f1o da 821 d\u00f3lares. Es decir, eso es lo que perdi\u00f3 cada trabajador\/a registrado\/a en promedio luego de un a\u00f1o de gobierno de Milei. El n\u00famero aumenta si tenemos en cuenta que la baja pronunciada de los salarios en los primeros meses pudo haberse cubierto con endeudamiento personal a tasas reales positivas (r\u00e9cord en montos durante 2024), que se llevaron los aumentos salariales de los meses siguientes. Podemos hacer un ejercicio similar con la jubilaci\u00f3n m\u00ednima y el resultado es una p\u00e9rdida acumulada de 155 d\u00f3lares por cada jubilado\/a. \u00bfTodos perdieron entonces? Pareciera que no. Carretillas Tanto en campa\u00f1a como en el gobierno, el discurso de Milei se focaliz\u00f3 en que el ajuste ser\u00eda pagado por \u201cla casta\u201d. M\u00e1s all\u00e1 de lo amorfo del concepto y del \u00e9nfasis en algunas medidas simb\u00f3licas como el congelamiento de salarios del alto funcionariado p\u00fablico, lo cierto es que el ajuste fue pagado principalmente, como vimos en el apartado anterior, por trabajadores\/as y jubilados\/as. Sin embargo, en econom\u00eda generalmente cuando hay ganadores tambi\u00e9n hay perdedores. Es dif\u00edcil medir la ganancia o p\u00e9rdida del capital en general, porque lo cierto es que muchos sectores han visto reducida su tasa de ganancia a lo largo del a\u00f1o: los industriales enfocados en el mercado interno vivieron cataclismos durante el primer semestre, con la pronunciad\u00edsima recesi\u00f3n; los agroexportadores lo est\u00e1n viviendo ahora con la acelerada apreciaci\u00f3n cambiaria sumada a los bajos precios internacionales. Sin embargo, hay un sector que gan\u00f3 sin parar: el financiero. La l\u00ednea azul nos muestra la evoluci\u00f3n del \u00edndice del Mercado de Valores (Merval), que\" \/>\n<meta property=\"og:url\" content=\"https:\/\/henoi.org.py\/index.php\/2025\/01\/22\/un-ano-de-milei-de-licuadoras-carretillas-y-triciclos\/\" \/>\n<meta property=\"og:site_name\" content=\"henoi\" \/>\n<meta property=\"article:published_time\" content=\"2025-01-22T14:35:10+00:00\" \/>\n<meta property=\"article:modified_time\" content=\"2025-01-22T14:36:33+00:00\" \/>\n<meta property=\"og:image\" content=\"https:\/\/henoi.org.py\/wp-content\/uploads\/2025\/01\/Javier-Milei.-Fuente-Cadena-3.jpg.webp\" \/>\n\t<meta property=\"og:image:width\" content=\"760\" \/>\n\t<meta property=\"og:image:height\" content=\"522\" \/>\n\t<meta property=\"og:image:type\" content=\"image\/webp\" \/>\n<meta name=\"author\" content=\"He\u00f1oi\" \/>\n<meta name=\"twitter:card\" content=\"summary_large_image\" \/>\n<meta name=\"twitter:label1\" content=\"Escrito por\" \/>\n\t<meta name=\"twitter:data1\" content=\"He\u00f1oi\" \/>\n\t<meta name=\"twitter:label2\" content=\"Tiempo de lectura\" \/>\n\t<meta name=\"twitter:data2\" content=\"11 minutos\" \/>\n<script type=\"application\/ld+json\" class=\"yoast-schema-graph\">{\"@context\":\"https:\/\/schema.org\",\"@graph\":[{\"@type\":\"WebPage\",\"@id\":\"https:\/\/henoi.org.py\/index.php\/2025\/01\/22\/un-ano-de-milei-de-licuadoras-carretillas-y-triciclos\/\",\"url\":\"https:\/\/henoi.org.py\/index.php\/2025\/01\/22\/un-ano-de-milei-de-licuadoras-carretillas-y-triciclos\/\",\"name\":\"Un a\u00f1o de Milei: de licuadoras, carretillas y triciclos - henoi\",\"isPartOf\":{\"@id\":\"https:\/\/henoi.org.py\/#website\"},\"primaryImageOfPage\":{\"@id\":\"https:\/\/henoi.org.py\/index.php\/2025\/01\/22\/un-ano-de-milei-de-licuadoras-carretillas-y-triciclos\/#primaryimage\"},\"image\":{\"@id\":\"https:\/\/henoi.org.py\/index.php\/2025\/01\/22\/un-ano-de-milei-de-licuadoras-carretillas-y-triciclos\/#primaryimage\"},\"thumbnailUrl\":\"https:\/\/henoi.org.py\/wp-content\/uploads\/2025\/01\/Javier-Milei.-Fuente-Cadena-3.jpg.webp\",\"datePublished\":\"2025-01-22T14:35:10+00:00\",\"dateModified\":\"2025-01-22T14:36:33+00:00\",\"author\":{\"@id\":\"https:\/\/henoi.org.py\/#\/schema\/person\/3366e0c9ecc69322037ce95a591b59d0\"},\"breadcrumb\":{\"@id\":\"https:\/\/henoi.org.py\/index.php\/2025\/01\/22\/un-ano-de-milei-de-licuadoras-carretillas-y-triciclos\/#breadcrumb\"},\"inLanguage\":\"es-AR\",\"potentialAction\":[{\"@type\":\"ReadAction\",\"target\":[\"https:\/\/henoi.org.py\/index.php\/2025\/01\/22\/un-ano-de-milei-de-licuadoras-carretillas-y-triciclos\/\"]}]},{\"@type\":\"ImageObject\",\"inLanguage\":\"es-AR\",\"@id\":\"https:\/\/henoi.org.py\/index.php\/2025\/01\/22\/un-ano-de-milei-de-licuadoras-carretillas-y-triciclos\/#primaryimage\",\"url\":\"https:\/\/henoi.org.py\/wp-content\/uploads\/2025\/01\/Javier-Milei.-Fuente-Cadena-3.jpg.webp\",\"contentUrl\":\"https:\/\/henoi.org.py\/wp-content\/uploads\/2025\/01\/Javier-Milei.-Fuente-Cadena-3.jpg.webp\",\"width\":760,\"height\":522},{\"@type\":\"BreadcrumbList\",\"@id\":\"https:\/\/henoi.org.py\/index.php\/2025\/01\/22\/un-ano-de-milei-de-licuadoras-carretillas-y-triciclos\/#breadcrumb\",\"itemListElement\":[{\"@type\":\"ListItem\",\"position\":1,\"name\":\"Inicio\",\"item\":\"https:\/\/henoi.org.py\/\"},{\"@type\":\"ListItem\",\"position\":2,\"name\":\"Un a\u00f1o de Milei: de licuadoras, carretillas y triciclos\"}]},{\"@type\":\"WebSite\",\"@id\":\"https:\/\/henoi.org.py\/#website\",\"url\":\"https:\/\/henoi.org.py\/\",\"name\":\"henoi\",\"description\":\"Centro de estudios\",\"potentialAction\":[{\"@type\":\"SearchAction\",\"target\":{\"@type\":\"EntryPoint\",\"urlTemplate\":\"https:\/\/henoi.org.py\/?s={search_term_string}\"},\"query-input\":{\"@type\":\"PropertyValueSpecification\",\"valueRequired\":true,\"valueName\":\"search_term_string\"}}],\"inLanguage\":\"es-AR\"},{\"@type\":\"Person\",\"@id\":\"https:\/\/henoi.org.py\/#\/schema\/person\/3366e0c9ecc69322037ce95a591b59d0\",\"name\":\"He\u00f1oi\",\"image\":{\"@type\":\"ImageObject\",\"inLanguage\":\"es-AR\",\"@id\":\"https:\/\/henoi.org.py\/#\/schema\/person\/image\/\",\"url\":\"https:\/\/secure.gravatar.com\/avatar\/f3a9e761a2eb9637cb5be1b4af2f2dc1a9d76284adc9af24924ba5bdffbdf35d?s=96&d=mm&r=g\",\"contentUrl\":\"https:\/\/secure.gravatar.com\/avatar\/f3a9e761a2eb9637cb5be1b4af2f2dc1a9d76284adc9af24924ba5bdffbdf35d?s=96&d=mm&r=g\",\"caption\":\"He\u00f1oi\"},\"url\":\"https:\/\/henoi.org.py\/index.php\/author\/sandino\/\"}]}<\/script>\n<!-- \/ Yoast SEO plugin. -->","yoast_head_json":{"title":"Un a\u00f1o de Milei: de licuadoras, carretillas y triciclos - henoi","robots":{"index":"index","follow":"follow","max-snippet":"max-snippet:-1","max-image-preview":"max-image-preview:large","max-video-preview":"max-video-preview:-1"},"canonical":"https:\/\/henoi.org.py\/index.php\/2025\/01\/22\/un-ano-de-milei-de-licuadoras-carretillas-y-triciclos\/","og_locale":"es_ES","og_type":"article","og_title":"Un a\u00f1o de Milei: de licuadoras, carretillas y triciclos - henoi","og_description":"Por Nicol\u00e1s Dvoskin[i] Ciclo de colaboraciones del Centro de Estudios He\u00f1\u00f3i [i] Nicol\u00e1s Dvoskin es Doctor en Ciencias Sociales y Mag\u00edster en Historia Econ\u00f3mica y Pol\u00edticas Econ\u00f3micas. Licenciado en Econom\u00eda y Ciencias Pol\u00edticas. Es investigador categorizado por el CONICET, Argentina, adscripto al Centro de Estudios e Investigaciones Laborales [CEIL \u2013 CONICET]. Coordina la Licenciatura en Econom\u00eda Pol\u00edtica de la Universidad de Lan\u00fas y es profesor en la Universidad Nacional de General Sarmiento, en la Universidad Nacional de Mar del Plata y de la Universidad Nacional de Jos\u00e9 C. Paz. Sus l\u00edneas de trabajo incluyen las Teor\u00edas del Desarrollo Econ\u00f3mico y la Seguridad Social, la Heterogeneidad Estructural e Historia de las Ideas Econ\u00f3micas. Es integrante de la Sociedad de Econom\u00eda Cr\u00edtica (Argentina \u2013 Uruguay) y de la Asociaci\u00f3n Latinoamericana del Pensamiento Econ\u00f3mico, ALAHPE. Adem\u00e1s de coordinar diversos grupos de trabajo en el marco de la Young Scholar Initiative (YSI Group). Ya llevamos m\u00e1s de un a\u00f1o de gobierno de Javier Milei en Argentina. En este a\u00f1o pas\u00f3 de todo, menos lo que Milei anunciaba en la campa\u00f1a electoral que lo llev\u00f3 a la presidencia. El peso argentino, denunciado como excremento, se iba a eliminar, y result\u00f3 ser la moneda m\u00e1s apreciada -en t\u00e9rminos reales- del mundo. El cepo cambiario era simult\u00e1neamente un delito contra el inalienable derecho de propiedad y un limitante del crecimiento, y sigue ah\u00ed, m\u00e1s vivo que nunca. El Banco Central habr\u00eda de cerrar sus puertas para dar paso a la dolarizaci\u00f3n, y sigue ah\u00ed, con emisi\u00f3n monetaria r\u00e9cord y la menor independencia entre sus autoridades y las de Hacienda desde su creaci\u00f3n hace noventa a\u00f1os. Es decir, del programa de transformaci\u00f3n radical de las instituciones, sostenido en cambios profundos en materia monetaria, no hubo ni siquiera un atisbo. \u00bfQu\u00e9 fue lo que s\u00ed hubo? Licuadoras, carretillas y triciclos, en un renovado, pero no del todo novedoso ciclo de valorizaci\u00f3n financiera. \u00bfC\u00f3mo es eso? Veamos. Licuadoras Uno de los problemas que tanto Milei como gran parte de la ortodoxia econ\u00f3mica ven\u00edan denunciando en los a\u00f1os posteriores a la pandemia era la distorsi\u00f3n de los precios relativos, que se hab\u00eda potenciado con la aceleraci\u00f3n inflacionaria. En este sentido, la brutal devaluaci\u00f3n de principios de diciembre de 2023, que llev\u00f3 al d\u00f3lar oficial de 360 a 800 pesos, y por consiguiente a la inflaci\u00f3n a un r\u00e9cord de 25,5% mensual, duplicando el ya elevado dato de noviembre, fue justificada como una correcci\u00f3n necesaria, pero causada por los desequilibrios preexistentes. La brecha cambiaria del 200% fue reducida a poco m\u00e1s del 30% y empezaron a autorizarse elevados aumentos de precios de bienes y servicios regulados, siendo el combustible y la salud los m\u00e1s notorios. La inflaci\u00f3n creciente hizo que las ganancias de competitividad de la mega devaluaci\u00f3n se fueran diluyendo muy r\u00e1pidamente. Ya en febrero el \u00edndice de tipo de cambio real multilateral estaba a niveles de agosto de 2023, y ya a principios de abril estaba en valores similares a los del promedio de los primeros siete meses de 2023, antes de la peque\u00f1a devaluaci\u00f3n posterior a las elecciones primarias. Es decir, el d\u00f3lar oficial estaba muy atrasado, pero la devaluaci\u00f3n solo corrigi\u00f3 ese retraso de manera coyuntural, por pocos meses. Lo que hizo la devaluaci\u00f3n, al acelerar la inflaci\u00f3n, fue atentar contra el precio relativo m\u00e1s importante para los\/as trabajadores\/as: el salario. El salario promedio de los trabajadores registrados medido por el RIPTE[1] era de 447.000 pesos en noviembre de 2023, lo que equivale a 1.189.000 pesos de noviembre de 2024 (l\u00ednea azul). En moneda constante, el salario se derrumb\u00f3 hasta 961.000 pesos en febrero, para despu\u00e9s subir muy lentamente. Hacia noviembre de 2024 -\u00faltimo dato disponible hasta hoy- el salario promedio llega a 1.178.000 pesos, casi el mismo que un a\u00f1o atr\u00e1s. Es decir, llegamos a un salario real privado registrado igual al de antes de Milei, pero con toda la p\u00e9rdida acumulada en el medio. En el caso de los trabajadores del sector p\u00fablico, la p\u00e9rdida es mucho mayor, y hacia noviembre de 2024 sigue estando 20% por debajo del mismo mes de 2023. El \u00e1rea en rojo presenta la p\u00e9rdida de ingreso acumulada por un trabajador registrado promedio, medida en d\u00f3lares CCL[2]. Se la obtiene la diferencia entre el salario promedio en pesos de cada mes, menos el de noviembre de 2023 en pesos del mes en cuesti\u00f3n, dividido el tipo de cambio del \u00faltimo d\u00eda h\u00e1bil del mes. La suma luego de un a\u00f1o da 821 d\u00f3lares. Es decir, eso es lo que perdi\u00f3 cada trabajador\/a registrado\/a en promedio luego de un a\u00f1o de gobierno de Milei. El n\u00famero aumenta si tenemos en cuenta que la baja pronunciada de los salarios en los primeros meses pudo haberse cubierto con endeudamiento personal a tasas reales positivas (r\u00e9cord en montos durante 2024), que se llevaron los aumentos salariales de los meses siguientes. Podemos hacer un ejercicio similar con la jubilaci\u00f3n m\u00ednima y el resultado es una p\u00e9rdida acumulada de 155 d\u00f3lares por cada jubilado\/a. \u00bfTodos perdieron entonces? Pareciera que no. Carretillas Tanto en campa\u00f1a como en el gobierno, el discurso de Milei se focaliz\u00f3 en que el ajuste ser\u00eda pagado por \u201cla casta\u201d. M\u00e1s all\u00e1 de lo amorfo del concepto y del \u00e9nfasis en algunas medidas simb\u00f3licas como el congelamiento de salarios del alto funcionariado p\u00fablico, lo cierto es que el ajuste fue pagado principalmente, como vimos en el apartado anterior, por trabajadores\/as y jubilados\/as. Sin embargo, en econom\u00eda generalmente cuando hay ganadores tambi\u00e9n hay perdedores. Es dif\u00edcil medir la ganancia o p\u00e9rdida del capital en general, porque lo cierto es que muchos sectores han visto reducida su tasa de ganancia a lo largo del a\u00f1o: los industriales enfocados en el mercado interno vivieron cataclismos durante el primer semestre, con la pronunciad\u00edsima recesi\u00f3n; los agroexportadores lo est\u00e1n viviendo ahora con la acelerada apreciaci\u00f3n cambiaria sumada a los bajos precios internacionales. Sin embargo, hay un sector que gan\u00f3 sin parar: el financiero. La l\u00ednea azul nos muestra la evoluci\u00f3n del \u00edndice del Mercado de Valores (Merval), que","og_url":"https:\/\/henoi.org.py\/index.php\/2025\/01\/22\/un-ano-de-milei-de-licuadoras-carretillas-y-triciclos\/","og_site_name":"henoi","article_published_time":"2025-01-22T14:35:10+00:00","article_modified_time":"2025-01-22T14:36:33+00:00","og_image":[{"width":760,"height":522,"url":"https:\/\/henoi.org.py\/wp-content\/uploads\/2025\/01\/Javier-Milei.-Fuente-Cadena-3.jpg.webp","type":"image\/webp"}],"author":"He\u00f1oi","twitter_card":"summary_large_image","twitter_misc":{"Escrito por":"He\u00f1oi","Tiempo de lectura":"11 minutos"},"schema":{"@context":"https:\/\/schema.org","@graph":[{"@type":"WebPage","@id":"https:\/\/henoi.org.py\/index.php\/2025\/01\/22\/un-ano-de-milei-de-licuadoras-carretillas-y-triciclos\/","url":"https:\/\/henoi.org.py\/index.php\/2025\/01\/22\/un-ano-de-milei-de-licuadoras-carretillas-y-triciclos\/","name":"Un a\u00f1o de Milei: de licuadoras, carretillas y triciclos - henoi","isPartOf":{"@id":"https:\/\/henoi.org.py\/#website"},"primaryImageOfPage":{"@id":"https:\/\/henoi.org.py\/index.php\/2025\/01\/22\/un-ano-de-milei-de-licuadoras-carretillas-y-triciclos\/#primaryimage"},"image":{"@id":"https:\/\/henoi.org.py\/index.php\/2025\/01\/22\/un-ano-de-milei-de-licuadoras-carretillas-y-triciclos\/#primaryimage"},"thumbnailUrl":"https:\/\/henoi.org.py\/wp-content\/uploads\/2025\/01\/Javier-Milei.-Fuente-Cadena-3.jpg.webp","datePublished":"2025-01-22T14:35:10+00:00","dateModified":"2025-01-22T14:36:33+00:00","author":{"@id":"https:\/\/henoi.org.py\/#\/schema\/person\/3366e0c9ecc69322037ce95a591b59d0"},"breadcrumb":{"@id":"https:\/\/henoi.org.py\/index.php\/2025\/01\/22\/un-ano-de-milei-de-licuadoras-carretillas-y-triciclos\/#breadcrumb"},"inLanguage":"es-AR","potentialAction":[{"@type":"ReadAction","target":["https:\/\/henoi.org.py\/index.php\/2025\/01\/22\/un-ano-de-milei-de-licuadoras-carretillas-y-triciclos\/"]}]},{"@type":"ImageObject","inLanguage":"es-AR","@id":"https:\/\/henoi.org.py\/index.php\/2025\/01\/22\/un-ano-de-milei-de-licuadoras-carretillas-y-triciclos\/#primaryimage","url":"https:\/\/henoi.org.py\/wp-content\/uploads\/2025\/01\/Javier-Milei.-Fuente-Cadena-3.jpg.webp","contentUrl":"https:\/\/henoi.org.py\/wp-content\/uploads\/2025\/01\/Javier-Milei.-Fuente-Cadena-3.jpg.webp","width":760,"height":522},{"@type":"BreadcrumbList","@id":"https:\/\/henoi.org.py\/index.php\/2025\/01\/22\/un-ano-de-milei-de-licuadoras-carretillas-y-triciclos\/#breadcrumb","itemListElement":[{"@type":"ListItem","position":1,"name":"Inicio","item":"https:\/\/henoi.org.py\/"},{"@type":"ListItem","position":2,"name":"Un a\u00f1o de Milei: de licuadoras, carretillas y triciclos"}]},{"@type":"WebSite","@id":"https:\/\/henoi.org.py\/#website","url":"https:\/\/henoi.org.py\/","name":"henoi","description":"Centro de estudios","potentialAction":[{"@type":"SearchAction","target":{"@type":"EntryPoint","urlTemplate":"https:\/\/henoi.org.py\/?s={search_term_string}"},"query-input":{"@type":"PropertyValueSpecification","valueRequired":true,"valueName":"search_term_string"}}],"inLanguage":"es-AR"},{"@type":"Person","@id":"https:\/\/henoi.org.py\/#\/schema\/person\/3366e0c9ecc69322037ce95a591b59d0","name":"He\u00f1oi","image":{"@type":"ImageObject","inLanguage":"es-AR","@id":"https:\/\/henoi.org.py\/#\/schema\/person\/image\/","url":"https:\/\/secure.gravatar.com\/avatar\/f3a9e761a2eb9637cb5be1b4af2f2dc1a9d76284adc9af24924ba5bdffbdf35d?s=96&d=mm&r=g","contentUrl":"https:\/\/secure.gravatar.com\/avatar\/f3a9e761a2eb9637cb5be1b4af2f2dc1a9d76284adc9af24924ba5bdffbdf35d?s=96&d=mm&r=g","caption":"He\u00f1oi"},"url":"https:\/\/henoi.org.py\/index.php\/author\/sandino\/"}]}},"_links":{"self":[{"href":"https:\/\/henoi.org.py\/index.php\/wp-json\/wp\/v2\/posts\/5305","targetHints":{"allow":["GET"]}}],"collection":[{"href":"https:\/\/henoi.org.py\/index.php\/wp-json\/wp\/v2\/posts"}],"about":[{"href":"https:\/\/henoi.org.py\/index.php\/wp-json\/wp\/v2\/types\/post"}],"author":[{"embeddable":true,"href":"https:\/\/henoi.org.py\/index.php\/wp-json\/wp\/v2\/users\/3"}],"replies":[{"embeddable":true,"href":"https:\/\/henoi.org.py\/index.php\/wp-json\/wp\/v2\/comments?post=5305"}],"version-history":[{"count":1,"href":"https:\/\/henoi.org.py\/index.php\/wp-json\/wp\/v2\/posts\/5305\/revisions"}],"predecessor-version":[{"id":5310,"href":"https:\/\/henoi.org.py\/index.php\/wp-json\/wp\/v2\/posts\/5305\/revisions\/5310"}],"wp:featuredmedia":[{"embeddable":true,"href":"https:\/\/henoi.org.py\/index.php\/wp-json\/wp\/v2\/media\/5309"}],"wp:attachment":[{"href":"https:\/\/henoi.org.py\/index.php\/wp-json\/wp\/v2\/media?parent=5305"}],"wp:term":[{"taxonomy":"category","embeddable":true,"href":"https:\/\/henoi.org.py\/index.php\/wp-json\/wp\/v2\/categories?post=5305"},{"taxonomy":"post_tag","embeddable":true,"href":"https:\/\/henoi.org.py\/index.php\/wp-json\/wp\/v2\/tags?post=5305"}],"curies":[{"name":"wp","href":"https:\/\/api.w.org\/{rel}","templated":true}]}}