{"id":5297,"date":"2025-01-17T12:38:08","date_gmt":"2025-01-17T15:38:08","guid":{"rendered":"https:\/\/henoi.org.py\/?p=5297"},"modified":"2025-01-17T12:40:23","modified_gmt":"2025-01-17T15:40:23","slug":"por-que-frenar-la-puesta-en-marcha-del-acuerdo-ue-mercosur","status":"publish","type":"post","link":"https:\/\/henoi.org.py\/index.php\/2025\/01\/17\/por-que-frenar-la-puesta-en-marcha-del-acuerdo-ue-mercosur\/","title":{"rendered":"\u00bfPor qu\u00e9 frenar la puesta en marcha del acuerdo UE-Mercosur?"},"content":{"rendered":"\n<p><strong>Por F. Javier Murillo Arroyo<sup>1<\/sup><\/strong><\/p>\n\n\n\n<p>Ciclo de colaboraciones del Centro de Estudios He\u00f1\u00f3i<\/p>\n\n\n\n<hr class=\"wp-block-separator has-alpha-channel-opacity\" \/>\n\n\n\n<p class=\"has-text-align-center has-small-font-size\"><sup>1 <\/sup>Profesor de Econom\u00eda Pol\u00edtica en el Departamento de Econom\u00eda Aplicada, Estructura e Historia. Universidad Complutense de Madrid (UCM). Miembro Coordinador del Diploma de Formaci\u00f3n Permanente de la UCM <em>\u201cAn\u00e1lisis cr\u00edtico de la Econom\u00eda Capitalista\u201d<\/em> e integra el Grupo de Investigaci\u00f3n <em>Econom\u00eda Pol\u00edtica: Capitalismo y Desarrollo Desigual<\/em>. Sus l\u00edneas de investigaci\u00f3n incluyen el an\u00e1lisis de los procesos de acumulaci\u00f3n, ajuste salarial, tendencias de concentraci\u00f3n y centralizaci\u00f3n de la riqueza y el an\u00e1lisis del proceso europeo de integraci\u00f3n.<\/p>\n\n\n\n<hr class=\"wp-block-separator has-alpha-channel-opacity\" \/>\n\n\n\n<blockquote class=\"wp-block-quote is-layout-flow wp-block-quote-is-layout-flow\">\n<blockquote class=\"wp-block-quote is-layout-flow wp-block-quote-is-layout-flow\">\n<blockquote class=\"wp-block-quote is-layout-flow wp-block-quote-is-layout-flow\">\n<blockquote class=\"wp-block-quote is-layout-flow wp-block-quote-is-layout-flow\">\n<p class=\"has-text-align-center has-medium-font-size\"><em><strong>\u201cNo os dej\u00e9is enga\u00f1ar por la palabra abstracta de libertad.&nbsp;No es la libertad de cada individuo con relaci\u00f3n a otro individuo. Es la libertad del capital para machacar al trabajador\u201d.<\/strong><\/em><\/p>\n<\/blockquote>\n<\/blockquote>\n<\/blockquote>\n<\/blockquote>\n\n\n\n<p>En estos t\u00e9rminos se expresa Marx en el <em>Discurso sobre el libre cambio <\/em>pronunciado en 1848, en el que desgrana el verdadero significado del debate entre proteccionismo y librecambio. El citado texto resulta esclarecedor para comprender los verdaderos intereses que defiende el acuerdo entre Mercosur y la Uni\u00f3n Europea, as\u00ed como el rechazo que est\u00e1 encontrando entre la clase trabajadora a ambos lados del Atl\u00e1ntico.&nbsp;<\/p>\n\n\n\n<figure class=\"wp-block-image size-large\"><img fetchpriority=\"high\" decoding=\"async\" width=\"1024\" height=\"683\" src=\"https:\/\/henoi.org.py\/wp-content\/uploads\/2025\/01\/stop-eu-mercosur-08-1024x683.jpg\" alt=\"\" class=\"wp-image-5299\" srcset=\"https:\/\/henoi.org.py\/wp-content\/uploads\/2025\/01\/stop-eu-mercosur-08-1024x683.jpg 1024w, https:\/\/henoi.org.py\/wp-content\/uploads\/2025\/01\/stop-eu-mercosur-08-300x200.jpg 300w, https:\/\/henoi.org.py\/wp-content\/uploads\/2025\/01\/stop-eu-mercosur-08-768x512.jpg 768w, https:\/\/henoi.org.py\/wp-content\/uploads\/2025\/01\/stop-eu-mercosur-08.jpg 1080w\" sizes=\"(max-width: 1024px) 100vw, 1024px\" \/><figcaption class=\"wp-element-caption\"><sup><sup>Performance durante la cumbre de la UE-CELAC del a\u00f1o 2023 en Bruselas. Foto: Ecologistas en Acci\u00f3n<\/sup><\/sup><\/figcaption><\/figure>\n\n\n\n<p>Las crecientes dificultades a las que se enfrenta el capitalismo a nivel mundial, que se expresan en el deterioro tendencial de la tasa de ganancia, explican la feroz disputa por los mercados y el reposicionamiento del capital financiero internacional. En la batalla que se libra por el reparto del mercado mundial, la burgues\u00eda europea se ha lanzado al arrebato con el objetivo de extender su \u00e1rea de influencia hacia el continente sudamericano. Los segmentos dominantes del capital procedente de los pa\u00edses de Mercosur han considerado que esta alianza puede resultar funcional a sus propios intereses a efectos de reforzar su posici\u00f3n en la econom\u00eda mundial. &nbsp;<\/p>\n\n\n\n<p>A falta de la ratificaci\u00f3n por parte de los parlamentos nacionales de los pa\u00edses implicados, los l\u00edderes de Mercosur y de la UE alcanzaron un acuerdo el pasado mes de diciembre que cerraba un largo proceso de negociaciones, mediante el que pretenden crear un \u00e1rea de libre comercio entre dos regiones que concentran m\u00e1s de 700 millones de personas y un PIB agregado de m\u00e1s de 22 mil millones de d\u00f3lares.<\/p>\n\n\n\n<p>En primer lugar, se ha de destacar el contexto de opacidad en el que han tenido lugar las negociaciones. Atendiendo al car\u00e1cter de ambas entidades supranacionales, tanto UE como Mercosur, se puede entender que haya sido as\u00ed: en ambos casos se erigen como instrumentos institucionales que el capital utiliza para auspiciar medidas que resulten funcionales a sus propios intereses, sorteando tanto los mecanismos democr\u00e1ticos estatales como los resortes de oposici\u00f3n que la clase trabajadora ha podido levantar en los espacios nacionales.<\/p>\n\n\n\n<p>A la luz de quienes ser\u00e1n los beneficiarios de las medidas recogidas en dicho acuerdo, es f\u00e1cilmente comprensible que la negociaci\u00f3n haya tenido lugar de espaldas a la poblaci\u00f3n de las sociedades afectadas. El acuerdo comercial entre Mercosur y la UE se consagra a la rentabilidad, situ\u00e1ndola por encima de las necesidades sociales y de la naturaleza. Las grandes empresas multinacionales de ambas regiones sacar\u00e1n provecho del nuevo marco regulatorio, reforzando su posici\u00f3n competitiva en los mercados. Todo ello, favorecer\u00e1 un escenario de mayor concentraci\u00f3n y centralizaci\u00f3n de la propiedad.<\/p>\n\n\n\n<p>El capital europeo pretende aprovechar el menor grado de protecci\u00f3n social que tienen los trabajadores del sector agroindustrial en Am\u00e9rica del Sur. La mayor incidencia de la informalidad, la menor sindicaci\u00f3n y el grado m\u00e1s reducido de protecci\u00f3n en materia de seguridad social y salarios permitir\u00e1 unas condiciones m\u00e1s ventajosas para la explotaci\u00f3n de la fuerza de trabajo. En Sudam\u00e9rica, ser\u00e1n los grandes latifundios los m\u00e1s beneficiados por el acuerdo, al ampliar sus mercados potenciales.<\/p>\n\n\n\n<p>Los trabajadores de ambas regiones sufrir\u00e1n las consecuencias de este proceso. No solo por el impacto que generar\u00e1 sobre los salarios sino tambi\u00e9n por la p\u00e9rdida en t\u00e9rminos de empleo que implica. La peque\u00f1a agricultura y ganader\u00eda, circunscrita en la mayor\u00eda de los casos al \u00e1mbito familiar, as\u00ed como la producci\u00f3n de las cooperativas, sucumbir\u00e1 frente a la mayor competencia de las grandes empresas del sector agropecuario. El mayor tama\u00f1o de sus explotaciones les permite disfrutar de unas econom\u00edas de escala frente a las que los peque\u00f1os productores no pueden competir. Adem\u00e1s, la ausencia de cl\u00e1usulas espejo en el acuerdo, que garantizar\u00edan que las normas de producci\u00f3n del Mercosur coincidan con las de la UE, permitir\u00e1 que puedan aprovechar un marco m\u00e1s laxo de regulaci\u00f3n laboral, sanitaria y medioambiental. El contraste entre lo que se exige a los peque\u00f1os agricultores en Europa y lo que se tolera a las grandes multinacionales de la agroalimentaci\u00f3n es atroz. &nbsp;<\/p>\n\n\n\n<figure class=\"wp-block-image size-full\"><img decoding=\"async\" width=\"1000\" height=\"563\" src=\"https:\/\/henoi.org.py\/wp-content\/uploads\/2025\/01\/download-2.jpeg\" alt=\"\" class=\"wp-image-5300\" srcset=\"https:\/\/henoi.org.py\/wp-content\/uploads\/2025\/01\/download-2.jpeg 1000w, https:\/\/henoi.org.py\/wp-content\/uploads\/2025\/01\/download-2-300x169.jpeg 300w, https:\/\/henoi.org.py\/wp-content\/uploads\/2025\/01\/download-2-768x432.jpeg 768w\" sizes=\"(max-width: 1000px) 100vw, 1000px\" \/><figcaption class=\"wp-element-caption\"><sup>Jefes de estado del Mercosur junto a Ursula von der Leyen, presidenta de la comisi\u00f3n europea, durante la cumbre del Mercosur<\/sup> <sup>en Montevideo. Foto: EFE<\/sup><\/figcaption><\/figure>\n\n\n\n<p>Asimismo, el acuerdo no hace sino agudizar los desequilibrios entre ambas regiones: lejos de corregir las asimetr\u00edas productivas, las intensifica. As\u00ed como potencia las exportaciones del sector primario entre los pa\u00edses de Mercosur, promueve la entrada de manufacturas y servicios procedentes de Europa en estos pa\u00edses, especialmente en lo que se refiere a algunas ramas productivas particularmente sensibles para sus estructuras productivas. Sectores como el automovil\u00edstico, la industria qu\u00edmica, el sector farmac\u00e9utico y tambi\u00e9n la banca se ver\u00e1n afectados. De este modo, la entrada de multinacionales europeas en estos sectores provocar\u00e1 la destrucci\u00f3n de cierta parte del tejido industrial sudamericano y, por lo tanto, la liquidaci\u00f3n de miles de puestos de trabajo. Y se ahondar\u00e1 la posici\u00f3n de vulnerabilidad que estas econom\u00edas mantienen en los mercados mundiales.<\/p>\n\n\n\n<p>Todo ello redundar\u00e1, adem\u00e1s, en la agudizaci\u00f3n de los problemas ambientales. El refuerzo de la agroindustria y el monocultivo, especialmente de sectores como la producci\u00f3n de soja, de ca\u00f1a de az\u00facar, de biomasa forestal o de carne procesada, implicar\u00e1 la devastaci\u00f3n de ecosistemas, m\u00e1s deforestaci\u00f3n y, por tanto, p\u00e9rdida de biodiversidad. En el centro de la producci\u00f3n no se sit\u00faa la soberan\u00eda alimentaria sino la defensa de los intereses de la elite econ\u00f3mica. Asimismo, el comercio de mercanc\u00edas en ambos sentidos provocar\u00e1 un mayor n\u00famero de emisiones asociadas al transporte. Aunque se ha recogido la pretensi\u00f3n de cumplir con ciertos objetivos clim\u00e1ticos, en realidad es un movimiento que \u00fanicamente responde a una estrategia de lavado verde de imagen, ya que no establece medidas espec\u00edficas para alcanzarlos.<\/p>\n\n\n\n<p>Con base a todo esto se puede afirmar que la agenda pol\u00edtica se rige por los intereses de las grandes empresas y no por las necesidades de la mayor\u00eda de la poblaci\u00f3n. A ambos lados del oc\u00e9ano se est\u00e1 levantando un movimiento de resistencia frente a la ratificaci\u00f3n del acuerdo, liderado por trabajadores, peque\u00f1os productores y organizaciones ecologistas que denuncian los problemas asociados a su implementaci\u00f3n. Es necesario articular una estrategia internacional entre los pueblos de Am\u00e9rica del Sur y de Europa para rechazar frontalmente la ratificaci\u00f3n de este acuerdo en los parlamentos de los pa\u00edses de ambas regiones: su implementaci\u00f3n representar\u00eda un paso atr\u00e1s en la lucha de los intereses de la mayor\u00eda de la poblaci\u00f3n y en la defensa de una estrategia de desarrollo sostenible y respetuosa con el&nbsp; ambiente. La \u00fanica libertad que promueve es la libertad de explotaci\u00f3n para el capital. Por eso, las organizaciones de los trabajadores y los pueblos de ambas regiones deber\u00edan tejer alianzas para frenar su implementaci\u00f3n.&nbsp;<\/p>\n","protected":false},"excerpt":{"rendered":"<p>Por F. Javier Murillo Arroyo1 Ciclo de colaboraciones del Centro de Estudios He\u00f1\u00f3i 1 Profesor de Econom\u00eda Pol\u00edtica en el Departamento de Econom\u00eda Aplicada, Estructura e Historia. Universidad Complutense de Madrid (UCM). Miembro Coordinador del Diploma de Formaci\u00f3n Permanente de la UCM \u201cAn\u00e1lisis cr\u00edtico de la Econom\u00eda Capitalista\u201d e integra el Grupo de Investigaci\u00f3n Econom\u00eda Pol\u00edtica: Capitalismo y Desarrollo Desigual. Sus l\u00edneas de investigaci\u00f3n incluyen el an\u00e1lisis de los procesos de acumulaci\u00f3n, ajuste salarial, tendencias de concentraci\u00f3n y centralizaci\u00f3n de la riqueza y el an\u00e1lisis del proceso europeo de integraci\u00f3n. En estos t\u00e9rminos se expresa Marx en el Discurso sobre el libre cambio pronunciado en 1848, en el que desgrana el verdadero significado del debate entre proteccionismo y librecambio. El citado texto resulta esclarecedor para comprender los verdaderos intereses que defiende el acuerdo entre Mercosur y la Uni\u00f3n Europea, as\u00ed como el rechazo que est\u00e1 encontrando entre la clase trabajadora a ambos lados del Atl\u00e1ntico.&nbsp; Las crecientes dificultades a las que se enfrenta el capitalismo a nivel mundial, que se expresan en el deterioro tendencial de la tasa de ganancia, explican la feroz disputa por los mercados y el reposicionamiento del capital financiero internacional. En la batalla que se libra por el reparto del mercado mundial, la burgues\u00eda europea se ha lanzado al arrebato con el objetivo de extender su \u00e1rea de influencia hacia el continente sudamericano. Los segmentos dominantes del capital procedente de los pa\u00edses de Mercosur han considerado que esta alianza puede resultar funcional a sus propios intereses a efectos de reforzar su posici\u00f3n en la econom\u00eda mundial. &nbsp; A falta de la ratificaci\u00f3n por parte de los parlamentos nacionales de los pa\u00edses implicados, los l\u00edderes de Mercosur y de la UE alcanzaron un acuerdo el pasado mes de diciembre que cerraba un largo proceso de negociaciones, mediante el que pretenden crear un \u00e1rea de libre comercio entre dos regiones que concentran m\u00e1s de 700 millones de personas y un PIB agregado de m\u00e1s de 22 mil millones de d\u00f3lares. En primer lugar, se ha de destacar el contexto de opacidad en el que han tenido lugar las negociaciones. Atendiendo al car\u00e1cter de ambas entidades supranacionales, tanto UE como Mercosur, se puede entender que haya sido as\u00ed: en ambos casos se erigen como instrumentos institucionales que el capital utiliza para auspiciar medidas que resulten funcionales a sus propios intereses, sorteando tanto los mecanismos democr\u00e1ticos estatales como los resortes de oposici\u00f3n que la clase trabajadora ha podido levantar en los espacios nacionales. A la luz de quienes ser\u00e1n los beneficiarios de las medidas recogidas en dicho acuerdo, es f\u00e1cilmente comprensible que la negociaci\u00f3n haya tenido lugar de espaldas a la poblaci\u00f3n de las sociedades afectadas. El acuerdo comercial entre Mercosur y la UE se consagra a la rentabilidad, situ\u00e1ndola por encima de las necesidades sociales y de la naturaleza. Las grandes empresas multinacionales de ambas regiones sacar\u00e1n provecho del nuevo marco regulatorio, reforzando su posici\u00f3n competitiva en los mercados. Todo ello, favorecer\u00e1 un escenario de mayor concentraci\u00f3n y centralizaci\u00f3n de la propiedad. El capital europeo pretende aprovechar el menor grado de protecci\u00f3n social que tienen los trabajadores del sector agroindustrial en Am\u00e9rica del Sur. La mayor incidencia de la informalidad, la menor sindicaci\u00f3n y el grado m\u00e1s reducido de protecci\u00f3n en materia de seguridad social y salarios permitir\u00e1 unas condiciones m\u00e1s ventajosas para la explotaci\u00f3n de la fuerza de trabajo. En Sudam\u00e9rica, ser\u00e1n los grandes latifundios los m\u00e1s beneficiados por el acuerdo, al ampliar sus mercados potenciales. Los trabajadores de ambas regiones sufrir\u00e1n las consecuencias de este proceso. No solo por el impacto que generar\u00e1 sobre los salarios sino tambi\u00e9n por la p\u00e9rdida en t\u00e9rminos de empleo que implica. La peque\u00f1a agricultura y ganader\u00eda, circunscrita en la mayor\u00eda de los casos al \u00e1mbito familiar, as\u00ed como la producci\u00f3n de las cooperativas, sucumbir\u00e1 frente a la mayor competencia de las grandes empresas del sector agropecuario. El mayor tama\u00f1o de sus explotaciones les permite disfrutar de unas econom\u00edas de escala frente a las que los peque\u00f1os productores no pueden competir. Adem\u00e1s, la ausencia de cl\u00e1usulas espejo en el acuerdo, que garantizar\u00edan que las normas de producci\u00f3n del Mercosur coincidan con las de la UE, permitir\u00e1 que puedan aprovechar un marco m\u00e1s laxo de regulaci\u00f3n laboral, sanitaria y medioambiental. El contraste entre lo que se exige a los peque\u00f1os agricultores en Europa y lo que se tolera a las grandes multinacionales de la agroalimentaci\u00f3n es atroz. &nbsp; Asimismo, el acuerdo no hace sino agudizar los desequilibrios entre ambas regiones: lejos de corregir las asimetr\u00edas productivas, las intensifica. As\u00ed como potencia las exportaciones del sector primario entre los pa\u00edses de Mercosur, promueve la entrada de manufacturas y servicios procedentes de Europa en estos pa\u00edses, especialmente en lo que se refiere a algunas ramas productivas particularmente sensibles para sus estructuras productivas. Sectores como el automovil\u00edstico, la industria qu\u00edmica, el sector farmac\u00e9utico y tambi\u00e9n la banca se ver\u00e1n afectados. De este modo, la entrada de multinacionales europeas en estos sectores provocar\u00e1 la destrucci\u00f3n de cierta parte del tejido industrial sudamericano y, por lo tanto, la liquidaci\u00f3n de miles de puestos de trabajo. Y se ahondar\u00e1 la posici\u00f3n de vulnerabilidad que estas econom\u00edas mantienen en los mercados mundiales. Todo ello redundar\u00e1, adem\u00e1s, en la agudizaci\u00f3n de los problemas ambientales. El refuerzo de la agroindustria y el monocultivo, especialmente de sectores como la producci\u00f3n de soja, de ca\u00f1a de az\u00facar, de biomasa forestal o de carne procesada, implicar\u00e1 la devastaci\u00f3n de ecosistemas, m\u00e1s deforestaci\u00f3n y, por tanto, p\u00e9rdida de biodiversidad. En el centro de la producci\u00f3n no se sit\u00faa la soberan\u00eda alimentaria sino la defensa de los intereses de la elite econ\u00f3mica. Asimismo, el comercio de mercanc\u00edas en ambos sentidos provocar\u00e1 un mayor n\u00famero de emisiones asociadas al transporte. Aunque se ha recogido la pretensi\u00f3n de cumplir con ciertos objetivos clim\u00e1ticos, en realidad es un movimiento que \u00fanicamente responde a una estrategia de lavado verde de imagen, ya que no establece medidas espec\u00edficas para alcanzarlos. Con base a todo esto se puede afirmar que la agenda<\/p>\n","protected":false},"author":3,"featured_media":5298,"comment_status":"open","ping_status":"open","sticky":false,"template":"","format":"standard","meta":{"footnotes":""},"categories":[299,5],"tags":[],"class_list":["post-5297","post","type-post","status-publish","format-standard","has-post-thumbnail","hentry","category-paraguay-libre-de-comercio","category-publicaciones"],"yoast_head":"<!-- This site is optimized with the Yoast SEO plugin v25.5 - https:\/\/yoast.com\/wordpress\/plugins\/seo\/ -->\n<title>\u00bfPor qu\u00e9 frenar la puesta en marcha del acuerdo UE-Mercosur? - henoi<\/title>\n<meta name=\"robots\" content=\"index, follow, max-snippet:-1, max-image-preview:large, max-video-preview:-1\" \/>\n<link rel=\"canonical\" href=\"https:\/\/henoi.org.py\/index.php\/2025\/01\/17\/por-que-frenar-la-puesta-en-marcha-del-acuerdo-ue-mercosur\/\" \/>\n<meta property=\"og:locale\" content=\"es_ES\" \/>\n<meta property=\"og:type\" content=\"article\" \/>\n<meta property=\"og:title\" content=\"\u00bfPor qu\u00e9 frenar la puesta en marcha del acuerdo UE-Mercosur? - henoi\" \/>\n<meta property=\"og:description\" content=\"Por F. Javier Murillo Arroyo1 Ciclo de colaboraciones del Centro de Estudios He\u00f1\u00f3i 1 Profesor de Econom\u00eda Pol\u00edtica en el Departamento de Econom\u00eda Aplicada, Estructura e Historia. Universidad Complutense de Madrid (UCM). Miembro Coordinador del Diploma de Formaci\u00f3n Permanente de la UCM \u201cAn\u00e1lisis cr\u00edtico de la Econom\u00eda Capitalista\u201d e integra el Grupo de Investigaci\u00f3n Econom\u00eda Pol\u00edtica: Capitalismo y Desarrollo Desigual. Sus l\u00edneas de investigaci\u00f3n incluyen el an\u00e1lisis de los procesos de acumulaci\u00f3n, ajuste salarial, tendencias de concentraci\u00f3n y centralizaci\u00f3n de la riqueza y el an\u00e1lisis del proceso europeo de integraci\u00f3n. En estos t\u00e9rminos se expresa Marx en el Discurso sobre el libre cambio pronunciado en 1848, en el que desgrana el verdadero significado del debate entre proteccionismo y librecambio. El citado texto resulta esclarecedor para comprender los verdaderos intereses que defiende el acuerdo entre Mercosur y la Uni\u00f3n Europea, as\u00ed como el rechazo que est\u00e1 encontrando entre la clase trabajadora a ambos lados del Atl\u00e1ntico.&nbsp; Las crecientes dificultades a las que se enfrenta el capitalismo a nivel mundial, que se expresan en el deterioro tendencial de la tasa de ganancia, explican la feroz disputa por los mercados y el reposicionamiento del capital financiero internacional. En la batalla que se libra por el reparto del mercado mundial, la burgues\u00eda europea se ha lanzado al arrebato con el objetivo de extender su \u00e1rea de influencia hacia el continente sudamericano. Los segmentos dominantes del capital procedente de los pa\u00edses de Mercosur han considerado que esta alianza puede resultar funcional a sus propios intereses a efectos de reforzar su posici\u00f3n en la econom\u00eda mundial. &nbsp; A falta de la ratificaci\u00f3n por parte de los parlamentos nacionales de los pa\u00edses implicados, los l\u00edderes de Mercosur y de la UE alcanzaron un acuerdo el pasado mes de diciembre que cerraba un largo proceso de negociaciones, mediante el que pretenden crear un \u00e1rea de libre comercio entre dos regiones que concentran m\u00e1s de 700 millones de personas y un PIB agregado de m\u00e1s de 22 mil millones de d\u00f3lares. En primer lugar, se ha de destacar el contexto de opacidad en el que han tenido lugar las negociaciones. Atendiendo al car\u00e1cter de ambas entidades supranacionales, tanto UE como Mercosur, se puede entender que haya sido as\u00ed: en ambos casos se erigen como instrumentos institucionales que el capital utiliza para auspiciar medidas que resulten funcionales a sus propios intereses, sorteando tanto los mecanismos democr\u00e1ticos estatales como los resortes de oposici\u00f3n que la clase trabajadora ha podido levantar en los espacios nacionales. A la luz de quienes ser\u00e1n los beneficiarios de las medidas recogidas en dicho acuerdo, es f\u00e1cilmente comprensible que la negociaci\u00f3n haya tenido lugar de espaldas a la poblaci\u00f3n de las sociedades afectadas. El acuerdo comercial entre Mercosur y la UE se consagra a la rentabilidad, situ\u00e1ndola por encima de las necesidades sociales y de la naturaleza. Las grandes empresas multinacionales de ambas regiones sacar\u00e1n provecho del nuevo marco regulatorio, reforzando su posici\u00f3n competitiva en los mercados. Todo ello, favorecer\u00e1 un escenario de mayor concentraci\u00f3n y centralizaci\u00f3n de la propiedad. El capital europeo pretende aprovechar el menor grado de protecci\u00f3n social que tienen los trabajadores del sector agroindustrial en Am\u00e9rica del Sur. La mayor incidencia de la informalidad, la menor sindicaci\u00f3n y el grado m\u00e1s reducido de protecci\u00f3n en materia de seguridad social y salarios permitir\u00e1 unas condiciones m\u00e1s ventajosas para la explotaci\u00f3n de la fuerza de trabajo. En Sudam\u00e9rica, ser\u00e1n los grandes latifundios los m\u00e1s beneficiados por el acuerdo, al ampliar sus mercados potenciales. Los trabajadores de ambas regiones sufrir\u00e1n las consecuencias de este proceso. No solo por el impacto que generar\u00e1 sobre los salarios sino tambi\u00e9n por la p\u00e9rdida en t\u00e9rminos de empleo que implica. La peque\u00f1a agricultura y ganader\u00eda, circunscrita en la mayor\u00eda de los casos al \u00e1mbito familiar, as\u00ed como la producci\u00f3n de las cooperativas, sucumbir\u00e1 frente a la mayor competencia de las grandes empresas del sector agropecuario. El mayor tama\u00f1o de sus explotaciones les permite disfrutar de unas econom\u00edas de escala frente a las que los peque\u00f1os productores no pueden competir. Adem\u00e1s, la ausencia de cl\u00e1usulas espejo en el acuerdo, que garantizar\u00edan que las normas de producci\u00f3n del Mercosur coincidan con las de la UE, permitir\u00e1 que puedan aprovechar un marco m\u00e1s laxo de regulaci\u00f3n laboral, sanitaria y medioambiental. El contraste entre lo que se exige a los peque\u00f1os agricultores en Europa y lo que se tolera a las grandes multinacionales de la agroalimentaci\u00f3n es atroz. &nbsp; Asimismo, el acuerdo no hace sino agudizar los desequilibrios entre ambas regiones: lejos de corregir las asimetr\u00edas productivas, las intensifica. As\u00ed como potencia las exportaciones del sector primario entre los pa\u00edses de Mercosur, promueve la entrada de manufacturas y servicios procedentes de Europa en estos pa\u00edses, especialmente en lo que se refiere a algunas ramas productivas particularmente sensibles para sus estructuras productivas. Sectores como el automovil\u00edstico, la industria qu\u00edmica, el sector farmac\u00e9utico y tambi\u00e9n la banca se ver\u00e1n afectados. De este modo, la entrada de multinacionales europeas en estos sectores provocar\u00e1 la destrucci\u00f3n de cierta parte del tejido industrial sudamericano y, por lo tanto, la liquidaci\u00f3n de miles de puestos de trabajo. Y se ahondar\u00e1 la posici\u00f3n de vulnerabilidad que estas econom\u00edas mantienen en los mercados mundiales. Todo ello redundar\u00e1, adem\u00e1s, en la agudizaci\u00f3n de los problemas ambientales. El refuerzo de la agroindustria y el monocultivo, especialmente de sectores como la producci\u00f3n de soja, de ca\u00f1a de az\u00facar, de biomasa forestal o de carne procesada, implicar\u00e1 la devastaci\u00f3n de ecosistemas, m\u00e1s deforestaci\u00f3n y, por tanto, p\u00e9rdida de biodiversidad. En el centro de la producci\u00f3n no se sit\u00faa la soberan\u00eda alimentaria sino la defensa de los intereses de la elite econ\u00f3mica. Asimismo, el comercio de mercanc\u00edas en ambos sentidos provocar\u00e1 un mayor n\u00famero de emisiones asociadas al transporte. Aunque se ha recogido la pretensi\u00f3n de cumplir con ciertos objetivos clim\u00e1ticos, en realidad es un movimiento que \u00fanicamente responde a una estrategia de lavado verde de imagen, ya que no establece medidas espec\u00edficas para alcanzarlos. Con base a todo esto se puede afirmar que la agenda\" \/>\n<meta property=\"og:url\" content=\"https:\/\/henoi.org.py\/index.php\/2025\/01\/17\/por-que-frenar-la-puesta-en-marcha-del-acuerdo-ue-mercosur\/\" \/>\n<meta property=\"og:site_name\" content=\"henoi\" \/>\n<meta property=\"article:published_time\" content=\"2025-01-17T15:38:08+00:00\" \/>\n<meta property=\"article:modified_time\" content=\"2025-01-17T15:40:23+00:00\" \/>\n<meta property=\"og:image\" content=\"https:\/\/henoi.org.py\/wp-content\/uploads\/2025\/01\/stop-eu-mercosur.jpg\" \/>\n\t<meta property=\"og:image:width\" content=\"1080\" \/>\n\t<meta property=\"og:image:height\" content=\"720\" \/>\n\t<meta property=\"og:image:type\" content=\"image\/jpeg\" \/>\n<meta name=\"author\" content=\"He\u00f1oi\" \/>\n<meta name=\"twitter:card\" content=\"summary_large_image\" \/>\n<meta name=\"twitter:label1\" content=\"Escrito por\" \/>\n\t<meta name=\"twitter:data1\" content=\"He\u00f1oi\" \/>\n\t<meta name=\"twitter:label2\" content=\"Tiempo de lectura\" \/>\n\t<meta name=\"twitter:data2\" content=\"6 minutos\" \/>\n<script type=\"application\/ld+json\" class=\"yoast-schema-graph\">{\"@context\":\"https:\/\/schema.org\",\"@graph\":[{\"@type\":\"WebPage\",\"@id\":\"https:\/\/henoi.org.py\/index.php\/2025\/01\/17\/por-que-frenar-la-puesta-en-marcha-del-acuerdo-ue-mercosur\/\",\"url\":\"https:\/\/henoi.org.py\/index.php\/2025\/01\/17\/por-que-frenar-la-puesta-en-marcha-del-acuerdo-ue-mercosur\/\",\"name\":\"\u00bfPor qu\u00e9 frenar la puesta en marcha del acuerdo UE-Mercosur? - henoi\",\"isPartOf\":{\"@id\":\"https:\/\/henoi.org.py\/#website\"},\"primaryImageOfPage\":{\"@id\":\"https:\/\/henoi.org.py\/index.php\/2025\/01\/17\/por-que-frenar-la-puesta-en-marcha-del-acuerdo-ue-mercosur\/#primaryimage\"},\"image\":{\"@id\":\"https:\/\/henoi.org.py\/index.php\/2025\/01\/17\/por-que-frenar-la-puesta-en-marcha-del-acuerdo-ue-mercosur\/#primaryimage\"},\"thumbnailUrl\":\"https:\/\/henoi.org.py\/wp-content\/uploads\/2025\/01\/stop-eu-mercosur.jpg\",\"datePublished\":\"2025-01-17T15:38:08+00:00\",\"dateModified\":\"2025-01-17T15:40:23+00:00\",\"author\":{\"@id\":\"https:\/\/henoi.org.py\/#\/schema\/person\/3366e0c9ecc69322037ce95a591b59d0\"},\"breadcrumb\":{\"@id\":\"https:\/\/henoi.org.py\/index.php\/2025\/01\/17\/por-que-frenar-la-puesta-en-marcha-del-acuerdo-ue-mercosur\/#breadcrumb\"},\"inLanguage\":\"es-AR\",\"potentialAction\":[{\"@type\":\"ReadAction\",\"target\":[\"https:\/\/henoi.org.py\/index.php\/2025\/01\/17\/por-que-frenar-la-puesta-en-marcha-del-acuerdo-ue-mercosur\/\"]}]},{\"@type\":\"ImageObject\",\"inLanguage\":\"es-AR\",\"@id\":\"https:\/\/henoi.org.py\/index.php\/2025\/01\/17\/por-que-frenar-la-puesta-en-marcha-del-acuerdo-ue-mercosur\/#primaryimage\",\"url\":\"https:\/\/henoi.org.py\/wp-content\/uploads\/2025\/01\/stop-eu-mercosur.jpg\",\"contentUrl\":\"https:\/\/henoi.org.py\/wp-content\/uploads\/2025\/01\/stop-eu-mercosur.jpg\",\"width\":1080,\"height\":720},{\"@type\":\"BreadcrumbList\",\"@id\":\"https:\/\/henoi.org.py\/index.php\/2025\/01\/17\/por-que-frenar-la-puesta-en-marcha-del-acuerdo-ue-mercosur\/#breadcrumb\",\"itemListElement\":[{\"@type\":\"ListItem\",\"position\":1,\"name\":\"Inicio\",\"item\":\"https:\/\/henoi.org.py\/\"},{\"@type\":\"ListItem\",\"position\":2,\"name\":\"\u00bfPor qu\u00e9 frenar la puesta en marcha del acuerdo UE-Mercosur?\"}]},{\"@type\":\"WebSite\",\"@id\":\"https:\/\/henoi.org.py\/#website\",\"url\":\"https:\/\/henoi.org.py\/\",\"name\":\"henoi\",\"description\":\"Centro de estudios\",\"potentialAction\":[{\"@type\":\"SearchAction\",\"target\":{\"@type\":\"EntryPoint\",\"urlTemplate\":\"https:\/\/henoi.org.py\/?s={search_term_string}\"},\"query-input\":{\"@type\":\"PropertyValueSpecification\",\"valueRequired\":true,\"valueName\":\"search_term_string\"}}],\"inLanguage\":\"es-AR\"},{\"@type\":\"Person\",\"@id\":\"https:\/\/henoi.org.py\/#\/schema\/person\/3366e0c9ecc69322037ce95a591b59d0\",\"name\":\"He\u00f1oi\",\"image\":{\"@type\":\"ImageObject\",\"inLanguage\":\"es-AR\",\"@id\":\"https:\/\/henoi.org.py\/#\/schema\/person\/image\/\",\"url\":\"https:\/\/secure.gravatar.com\/avatar\/f3a9e761a2eb9637cb5be1b4af2f2dc1a9d76284adc9af24924ba5bdffbdf35d?s=96&d=mm&r=g\",\"contentUrl\":\"https:\/\/secure.gravatar.com\/avatar\/f3a9e761a2eb9637cb5be1b4af2f2dc1a9d76284adc9af24924ba5bdffbdf35d?s=96&d=mm&r=g\",\"caption\":\"He\u00f1oi\"},\"url\":\"https:\/\/henoi.org.py\/index.php\/author\/sandino\/\"}]}<\/script>\n<!-- \/ Yoast SEO plugin. -->","yoast_head_json":{"title":"\u00bfPor qu\u00e9 frenar la puesta en marcha del acuerdo UE-Mercosur? - henoi","robots":{"index":"index","follow":"follow","max-snippet":"max-snippet:-1","max-image-preview":"max-image-preview:large","max-video-preview":"max-video-preview:-1"},"canonical":"https:\/\/henoi.org.py\/index.php\/2025\/01\/17\/por-que-frenar-la-puesta-en-marcha-del-acuerdo-ue-mercosur\/","og_locale":"es_ES","og_type":"article","og_title":"\u00bfPor qu\u00e9 frenar la puesta en marcha del acuerdo UE-Mercosur? - henoi","og_description":"Por F. Javier Murillo Arroyo1 Ciclo de colaboraciones del Centro de Estudios He\u00f1\u00f3i 1 Profesor de Econom\u00eda Pol\u00edtica en el Departamento de Econom\u00eda Aplicada, Estructura e Historia. Universidad Complutense de Madrid (UCM). Miembro Coordinador del Diploma de Formaci\u00f3n Permanente de la UCM \u201cAn\u00e1lisis cr\u00edtico de la Econom\u00eda Capitalista\u201d e integra el Grupo de Investigaci\u00f3n Econom\u00eda Pol\u00edtica: Capitalismo y Desarrollo Desigual. Sus l\u00edneas de investigaci\u00f3n incluyen el an\u00e1lisis de los procesos de acumulaci\u00f3n, ajuste salarial, tendencias de concentraci\u00f3n y centralizaci\u00f3n de la riqueza y el an\u00e1lisis del proceso europeo de integraci\u00f3n. En estos t\u00e9rminos se expresa Marx en el Discurso sobre el libre cambio pronunciado en 1848, en el que desgrana el verdadero significado del debate entre proteccionismo y librecambio. El citado texto resulta esclarecedor para comprender los verdaderos intereses que defiende el acuerdo entre Mercosur y la Uni\u00f3n Europea, as\u00ed como el rechazo que est\u00e1 encontrando entre la clase trabajadora a ambos lados del Atl\u00e1ntico.&nbsp; Las crecientes dificultades a las que se enfrenta el capitalismo a nivel mundial, que se expresan en el deterioro tendencial de la tasa de ganancia, explican la feroz disputa por los mercados y el reposicionamiento del capital financiero internacional. En la batalla que se libra por el reparto del mercado mundial, la burgues\u00eda europea se ha lanzado al arrebato con el objetivo de extender su \u00e1rea de influencia hacia el continente sudamericano. Los segmentos dominantes del capital procedente de los pa\u00edses de Mercosur han considerado que esta alianza puede resultar funcional a sus propios intereses a efectos de reforzar su posici\u00f3n en la econom\u00eda mundial. &nbsp; A falta de la ratificaci\u00f3n por parte de los parlamentos nacionales de los pa\u00edses implicados, los l\u00edderes de Mercosur y de la UE alcanzaron un acuerdo el pasado mes de diciembre que cerraba un largo proceso de negociaciones, mediante el que pretenden crear un \u00e1rea de libre comercio entre dos regiones que concentran m\u00e1s de 700 millones de personas y un PIB agregado de m\u00e1s de 22 mil millones de d\u00f3lares. En primer lugar, se ha de destacar el contexto de opacidad en el que han tenido lugar las negociaciones. Atendiendo al car\u00e1cter de ambas entidades supranacionales, tanto UE como Mercosur, se puede entender que haya sido as\u00ed: en ambos casos se erigen como instrumentos institucionales que el capital utiliza para auspiciar medidas que resulten funcionales a sus propios intereses, sorteando tanto los mecanismos democr\u00e1ticos estatales como los resortes de oposici\u00f3n que la clase trabajadora ha podido levantar en los espacios nacionales. A la luz de quienes ser\u00e1n los beneficiarios de las medidas recogidas en dicho acuerdo, es f\u00e1cilmente comprensible que la negociaci\u00f3n haya tenido lugar de espaldas a la poblaci\u00f3n de las sociedades afectadas. El acuerdo comercial entre Mercosur y la UE se consagra a la rentabilidad, situ\u00e1ndola por encima de las necesidades sociales y de la naturaleza. Las grandes empresas multinacionales de ambas regiones sacar\u00e1n provecho del nuevo marco regulatorio, reforzando su posici\u00f3n competitiva en los mercados. Todo ello, favorecer\u00e1 un escenario de mayor concentraci\u00f3n y centralizaci\u00f3n de la propiedad. El capital europeo pretende aprovechar el menor grado de protecci\u00f3n social que tienen los trabajadores del sector agroindustrial en Am\u00e9rica del Sur. La mayor incidencia de la informalidad, la menor sindicaci\u00f3n y el grado m\u00e1s reducido de protecci\u00f3n en materia de seguridad social y salarios permitir\u00e1 unas condiciones m\u00e1s ventajosas para la explotaci\u00f3n de la fuerza de trabajo. En Sudam\u00e9rica, ser\u00e1n los grandes latifundios los m\u00e1s beneficiados por el acuerdo, al ampliar sus mercados potenciales. Los trabajadores de ambas regiones sufrir\u00e1n las consecuencias de este proceso. No solo por el impacto que generar\u00e1 sobre los salarios sino tambi\u00e9n por la p\u00e9rdida en t\u00e9rminos de empleo que implica. La peque\u00f1a agricultura y ganader\u00eda, circunscrita en la mayor\u00eda de los casos al \u00e1mbito familiar, as\u00ed como la producci\u00f3n de las cooperativas, sucumbir\u00e1 frente a la mayor competencia de las grandes empresas del sector agropecuario. El mayor tama\u00f1o de sus explotaciones les permite disfrutar de unas econom\u00edas de escala frente a las que los peque\u00f1os productores no pueden competir. Adem\u00e1s, la ausencia de cl\u00e1usulas espejo en el acuerdo, que garantizar\u00edan que las normas de producci\u00f3n del Mercosur coincidan con las de la UE, permitir\u00e1 que puedan aprovechar un marco m\u00e1s laxo de regulaci\u00f3n laboral, sanitaria y medioambiental. El contraste entre lo que se exige a los peque\u00f1os agricultores en Europa y lo que se tolera a las grandes multinacionales de la agroalimentaci\u00f3n es atroz. &nbsp; Asimismo, el acuerdo no hace sino agudizar los desequilibrios entre ambas regiones: lejos de corregir las asimetr\u00edas productivas, las intensifica. As\u00ed como potencia las exportaciones del sector primario entre los pa\u00edses de Mercosur, promueve la entrada de manufacturas y servicios procedentes de Europa en estos pa\u00edses, especialmente en lo que se refiere a algunas ramas productivas particularmente sensibles para sus estructuras productivas. Sectores como el automovil\u00edstico, la industria qu\u00edmica, el sector farmac\u00e9utico y tambi\u00e9n la banca se ver\u00e1n afectados. De este modo, la entrada de multinacionales europeas en estos sectores provocar\u00e1 la destrucci\u00f3n de cierta parte del tejido industrial sudamericano y, por lo tanto, la liquidaci\u00f3n de miles de puestos de trabajo. Y se ahondar\u00e1 la posici\u00f3n de vulnerabilidad que estas econom\u00edas mantienen en los mercados mundiales. Todo ello redundar\u00e1, adem\u00e1s, en la agudizaci\u00f3n de los problemas ambientales. El refuerzo de la agroindustria y el monocultivo, especialmente de sectores como la producci\u00f3n de soja, de ca\u00f1a de az\u00facar, de biomasa forestal o de carne procesada, implicar\u00e1 la devastaci\u00f3n de ecosistemas, m\u00e1s deforestaci\u00f3n y, por tanto, p\u00e9rdida de biodiversidad. En el centro de la producci\u00f3n no se sit\u00faa la soberan\u00eda alimentaria sino la defensa de los intereses de la elite econ\u00f3mica. Asimismo, el comercio de mercanc\u00edas en ambos sentidos provocar\u00e1 un mayor n\u00famero de emisiones asociadas al transporte. Aunque se ha recogido la pretensi\u00f3n de cumplir con ciertos objetivos clim\u00e1ticos, en realidad es un movimiento que \u00fanicamente responde a una estrategia de lavado verde de imagen, ya que no establece medidas espec\u00edficas para alcanzarlos. Con base a todo esto se puede afirmar que la agenda","og_url":"https:\/\/henoi.org.py\/index.php\/2025\/01\/17\/por-que-frenar-la-puesta-en-marcha-del-acuerdo-ue-mercosur\/","og_site_name":"henoi","article_published_time":"2025-01-17T15:38:08+00:00","article_modified_time":"2025-01-17T15:40:23+00:00","og_image":[{"width":1080,"height":720,"url":"https:\/\/henoi.org.py\/wp-content\/uploads\/2025\/01\/stop-eu-mercosur.jpg","type":"image\/jpeg"}],"author":"He\u00f1oi","twitter_card":"summary_large_image","twitter_misc":{"Escrito por":"He\u00f1oi","Tiempo de lectura":"6 minutos"},"schema":{"@context":"https:\/\/schema.org","@graph":[{"@type":"WebPage","@id":"https:\/\/henoi.org.py\/index.php\/2025\/01\/17\/por-que-frenar-la-puesta-en-marcha-del-acuerdo-ue-mercosur\/","url":"https:\/\/henoi.org.py\/index.php\/2025\/01\/17\/por-que-frenar-la-puesta-en-marcha-del-acuerdo-ue-mercosur\/","name":"\u00bfPor qu\u00e9 frenar la puesta en marcha del acuerdo UE-Mercosur? - henoi","isPartOf":{"@id":"https:\/\/henoi.org.py\/#website"},"primaryImageOfPage":{"@id":"https:\/\/henoi.org.py\/index.php\/2025\/01\/17\/por-que-frenar-la-puesta-en-marcha-del-acuerdo-ue-mercosur\/#primaryimage"},"image":{"@id":"https:\/\/henoi.org.py\/index.php\/2025\/01\/17\/por-que-frenar-la-puesta-en-marcha-del-acuerdo-ue-mercosur\/#primaryimage"},"thumbnailUrl":"https:\/\/henoi.org.py\/wp-content\/uploads\/2025\/01\/stop-eu-mercosur.jpg","datePublished":"2025-01-17T15:38:08+00:00","dateModified":"2025-01-17T15:40:23+00:00","author":{"@id":"https:\/\/henoi.org.py\/#\/schema\/person\/3366e0c9ecc69322037ce95a591b59d0"},"breadcrumb":{"@id":"https:\/\/henoi.org.py\/index.php\/2025\/01\/17\/por-que-frenar-la-puesta-en-marcha-del-acuerdo-ue-mercosur\/#breadcrumb"},"inLanguage":"es-AR","potentialAction":[{"@type":"ReadAction","target":["https:\/\/henoi.org.py\/index.php\/2025\/01\/17\/por-que-frenar-la-puesta-en-marcha-del-acuerdo-ue-mercosur\/"]}]},{"@type":"ImageObject","inLanguage":"es-AR","@id":"https:\/\/henoi.org.py\/index.php\/2025\/01\/17\/por-que-frenar-la-puesta-en-marcha-del-acuerdo-ue-mercosur\/#primaryimage","url":"https:\/\/henoi.org.py\/wp-content\/uploads\/2025\/01\/stop-eu-mercosur.jpg","contentUrl":"https:\/\/henoi.org.py\/wp-content\/uploads\/2025\/01\/stop-eu-mercosur.jpg","width":1080,"height":720},{"@type":"BreadcrumbList","@id":"https:\/\/henoi.org.py\/index.php\/2025\/01\/17\/por-que-frenar-la-puesta-en-marcha-del-acuerdo-ue-mercosur\/#breadcrumb","itemListElement":[{"@type":"ListItem","position":1,"name":"Inicio","item":"https:\/\/henoi.org.py\/"},{"@type":"ListItem","position":2,"name":"\u00bfPor qu\u00e9 frenar la puesta en marcha del acuerdo UE-Mercosur?"}]},{"@type":"WebSite","@id":"https:\/\/henoi.org.py\/#website","url":"https:\/\/henoi.org.py\/","name":"henoi","description":"Centro de estudios","potentialAction":[{"@type":"SearchAction","target":{"@type":"EntryPoint","urlTemplate":"https:\/\/henoi.org.py\/?s={search_term_string}"},"query-input":{"@type":"PropertyValueSpecification","valueRequired":true,"valueName":"search_term_string"}}],"inLanguage":"es-AR"},{"@type":"Person","@id":"https:\/\/henoi.org.py\/#\/schema\/person\/3366e0c9ecc69322037ce95a591b59d0","name":"He\u00f1oi","image":{"@type":"ImageObject","inLanguage":"es-AR","@id":"https:\/\/henoi.org.py\/#\/schema\/person\/image\/","url":"https:\/\/secure.gravatar.com\/avatar\/f3a9e761a2eb9637cb5be1b4af2f2dc1a9d76284adc9af24924ba5bdffbdf35d?s=96&d=mm&r=g","contentUrl":"https:\/\/secure.gravatar.com\/avatar\/f3a9e761a2eb9637cb5be1b4af2f2dc1a9d76284adc9af24924ba5bdffbdf35d?s=96&d=mm&r=g","caption":"He\u00f1oi"},"url":"https:\/\/henoi.org.py\/index.php\/author\/sandino\/"}]}},"_links":{"self":[{"href":"https:\/\/henoi.org.py\/index.php\/wp-json\/wp\/v2\/posts\/5297","targetHints":{"allow":["GET"]}}],"collection":[{"href":"https:\/\/henoi.org.py\/index.php\/wp-json\/wp\/v2\/posts"}],"about":[{"href":"https:\/\/henoi.org.py\/index.php\/wp-json\/wp\/v2\/types\/post"}],"author":[{"embeddable":true,"href":"https:\/\/henoi.org.py\/index.php\/wp-json\/wp\/v2\/users\/3"}],"replies":[{"embeddable":true,"href":"https:\/\/henoi.org.py\/index.php\/wp-json\/wp\/v2\/comments?post=5297"}],"version-history":[{"count":2,"href":"https:\/\/henoi.org.py\/index.php\/wp-json\/wp\/v2\/posts\/5297\/revisions"}],"predecessor-version":[{"id":5303,"href":"https:\/\/henoi.org.py\/index.php\/wp-json\/wp\/v2\/posts\/5297\/revisions\/5303"}],"wp:featuredmedia":[{"embeddable":true,"href":"https:\/\/henoi.org.py\/index.php\/wp-json\/wp\/v2\/media\/5298"}],"wp:attachment":[{"href":"https:\/\/henoi.org.py\/index.php\/wp-json\/wp\/v2\/media?parent=5297"}],"wp:term":[{"taxonomy":"category","embeddable":true,"href":"https:\/\/henoi.org.py\/index.php\/wp-json\/wp\/v2\/categories?post=5297"},{"taxonomy":"post_tag","embeddable":true,"href":"https:\/\/henoi.org.py\/index.php\/wp-json\/wp\/v2\/tags?post=5297"}],"curies":[{"name":"wp","href":"https:\/\/api.w.org\/{rel}","templated":true}]}}