{"id":5266,"date":"2024-12-05T14:08:44","date_gmt":"2024-12-05T17:08:44","guid":{"rendered":"https:\/\/henoi.org.py\/?p=5266"},"modified":"2024-12-05T16:32:40","modified_gmt":"2024-12-05T19:32:40","slug":"acuerdo-ue-mercosur-ante-la-inminente-firma-mas-de-400-organizaciones-dice-no","status":"publish","type":"post","link":"https:\/\/henoi.org.py\/index.php\/2024\/12\/05\/acuerdo-ue-mercosur-ante-la-inminente-firma-mas-de-400-organizaciones-dice-no\/","title":{"rendered":"Acuerdo UE-Mercosur: ante la inminente firma, mas de 400 organizaciones dicen \u00a1NO!"},"content":{"rendered":"\n<p>5\/12\/2023<\/p>\n\n\n\n<figure class=\"wp-block-image size-large\"><img fetchpriority=\"high\" decoding=\"async\" width=\"1024\" height=\"576\" src=\"https:\/\/henoi.org.py\/wp-content\/uploads\/2024\/12\/download-1024x576.jpeg\" alt=\"\" class=\"wp-image-5267\" srcset=\"https:\/\/henoi.org.py\/wp-content\/uploads\/2024\/12\/download-1024x576.jpeg 1024w, https:\/\/henoi.org.py\/wp-content\/uploads\/2024\/12\/download-300x169.jpeg 300w, https:\/\/henoi.org.py\/wp-content\/uploads\/2024\/12\/download-768x432.jpeg 768w, https:\/\/henoi.org.py\/wp-content\/uploads\/2024\/12\/download.jpeg 1200w\" sizes=\"(max-width: 1024px) 100vw, 1024px\" \/><figcaption class=\"wp-element-caption\">Collage: Am\u00e9rica Latina y el Caribe Mejor sin TLC<\/figcaption><\/figure>\n\n\n\n<p><em><strong>Pronunciamiento<\/strong><\/em><\/p>\n\n\n\n<h1 class=\"wp-block-heading\"><strong>\u00a1No m\u00e1s acuerdos comerciales t\u00f3xicos entre la UE y los pa\u00edses de Am\u00e9rica Latina! &#8211; \u00a1El acuerdo comercial entre la UE y Mercosur debe detenerse AHORA!<\/strong><\/h1>\n\n\n\n<p>Las organizaciones que suscribimos esta declaraci\u00f3n de Am\u00e9rica Latina y la Uni\u00f3n Europea, nos unimos en el rechazo del acuerdo de asociaci\u00f3n y comercio entre la UE y el Mercosur. Hacemos un llamado a los responsables pol\u00edticos de ambos lados del Atl\u00e1ntico para que finalmente detengan este acuerdo comercial t\u00f3xico.<\/p>\n\n\n\n<p>Negociado a puerta cerrada, este acuerdo carece de participaci\u00f3n p\u00fablica o escrutinio. Incluso el Defensor del Pueblo Europeo <a href=\"https:\/\/www.politico.eu\/article\/ethics-watchdog-press-brussels-disclose-secret-mercosur-protocol\/\">ha criticado<\/a> la falta de transparencia de la Comisi\u00f3n Europea. Ahora, la Comisi\u00f3n est\u00e1 considerando cambiar el proceso de votaci\u00f3n a trav\u00e9s de&nbsp;<\/p>\n\n\n\n<p>la \u201cdivisi\u00f3n\u201d del acuerdo, lo que permitir\u00eda eludir los vetos de los pa\u00edses individuales. <a href=\"https:\/\/europeantradejustice.org\/209-civil-society-organisations-say-eu-trade-deals-must-not-undermine-democratic-rights209\/\">Cientos de organizaciones de la sociedad civil <\/a>y <a href=\"https:\/\/europeantradejustice.org\/over-300-parliamentarians-reject-splitting-of-eu-mercosur-trade-deal\/\">parlamentarios<\/a> han condenado esta maniobra como un ataque a los procesos democr\u00e1ticos. Peor a\u00fan, los grupos m\u00e1s afectados, como los trabajadores, los peque\u00f1os agricultores, las comunidades ind\u00edgenas y las mujeres, han sido excluidos de las negociaciones de este acuerdo, y, sin embargo, sufrir\u00e1n sus peores efectos.<\/p>\n\n\n\n<p><strong>Un acuerdo t\u00f3xico para los pueblos y el planeta<\/strong><\/p>\n\n\n\n<figure class=\"wp-block-gallery has-nested-images columns-default is-cropped wp-block-gallery-1 is-layout-flex wp-block-gallery-is-layout-flex\">\n<figure class=\"wp-block-image size-full\"><img decoding=\"async\" width=\"1024\" height=\"673\" data-id=\"5270\" src=\"https:\/\/henoi.org.py\/wp-content\/uploads\/2024\/12\/IMG_5326ok-1-1024x673-1.jpg\" alt=\"\" class=\"wp-image-5270\" srcset=\"https:\/\/henoi.org.py\/wp-content\/uploads\/2024\/12\/IMG_5326ok-1-1024x673-1.jpg 1024w, https:\/\/henoi.org.py\/wp-content\/uploads\/2024\/12\/IMG_5326ok-1-1024x673-1-300x197.jpg 300w, https:\/\/henoi.org.py\/wp-content\/uploads\/2024\/12\/IMG_5326ok-1-1024x673-1-768x505.jpg 768w\" sizes=\"(max-width: 1024px) 100vw, 1024px\" \/><\/figure>\n\n\n\n<figure class=\"wp-block-image size-full\"><img decoding=\"async\" width=\"1024\" height=\"682\" data-id=\"5271\" src=\"https:\/\/henoi.org.py\/wp-content\/uploads\/2024\/12\/IMG_5317ok-1024x682-2.jpg\" alt=\"\" class=\"wp-image-5271\" srcset=\"https:\/\/henoi.org.py\/wp-content\/uploads\/2024\/12\/IMG_5317ok-1024x682-2.jpg 1024w, https:\/\/henoi.org.py\/wp-content\/uploads\/2024\/12\/IMG_5317ok-1024x682-2-300x200.jpg 300w, https:\/\/henoi.org.py\/wp-content\/uploads\/2024\/12\/IMG_5317ok-1024x682-2-768x512.jpg 768w\" sizes=\"(max-width: 1024px) 100vw, 1024px\" \/><\/figure>\n<figcaption class=\"blocks-gallery-caption wp-element-caption\"><sup>Peque\u00f1o agricultor afectado por fumigaciones sojeras de Paraguay. Foto: Leo de Blas \/ El Surti<\/sup><\/figcaption><\/figure>\n\n\n\n<p>Este acuerdo agravar\u00e1 el intercambio desigual entre el Sur y el Norte Global, perpetuando las estructuras comerciales neocoloniales. Promueve modelos agr\u00edcolas destructivos que desplazan a peque\u00f1os\/as agricultores y comunidades ind\u00edgenas, al tiempo que impulsan las exportaciones de agroqu\u00edmicos t\u00f3xicos, incluido aquellos prohibidos en la UE. Estas pr\u00e1cticas agr\u00edcolas insostenibles, incluyendo la ganader\u00eda industrial, amenazan la soberan\u00eda alimentaria y el bienestar animal en ambas regiones.<\/p>\n\n\n\n<p>Los y las trabajadores\/as en los pa\u00edses del Mercosur sufrir\u00e1n la p\u00e9rdida de empleos y el empeoramiento de las condiciones laborales. <a href=\"https:\/\/argentinasintlc.org\/wp-content\/uploads\/2023\/11\/Impactos-del-Acuerdo-Mercosur-Union-Europea-sobre-las-mujeres.pdf\">Las mujeres<\/a> perder\u00e1n a\u00fan m\u00e1s en este sentido, ya que tambi\u00e9n son las m\u00e1s afectadas por la privatizaci\u00f3n de los servicios p\u00fablicos promovida a trav\u00e9s de los tratados de libre comercio (TLC). Los <a href=\"https:\/\/www.bu.edu\/gdp\/2021\/06\/07\/how-the-eu-mercosur-free-trade-agreement-will-accelerate-economic-stagnation-inequality-and-vulnerability\/\">estudios<\/a> <a href=\"http:\/\/www.beigewum.at\/wp-content\/uploads\/Open-Letter-regarding-the-economic-impacts-of-the-EU-8-Novembr.pdf\">muestran<\/a> que el acuerdo representa graves riesgos econ\u00f3micos, profundizando a\u00fan m\u00e1s la desigualdad e impidiendo el desarrollo sostenible y la (re) industrializaci\u00f3n en los pa\u00edses del Mercosur.<\/p>\n\n\n\n<p>El ambiente tambi\u00e9n sufrir\u00e1. Ning\u00fan anexo ambiental puede mitigar el da\u00f1o a largo plazo que causar\u00e1 este acuerdo; es un simple lavado verde. El acuerdo entre la UE y el Mercosur impulsar\u00e1 la deforestaci\u00f3n, agravar\u00e1 la crisis clim\u00e1tica y alejar\u00e1 a nuestras regiones de la justicia clim\u00e1tica.<\/p>\n\n\n\n<p><strong>No m\u00e1s acuerdos con presidentes de extrema derecha que niegan la crisis clim\u00e1tica<\/strong><\/p>\n\n\n\n<figure class=\"wp-block-image size-full\"><img loading=\"lazy\" decoding=\"async\" width=\"666\" height=\"375\" src=\"https:\/\/henoi.org.py\/wp-content\/uploads\/2023\/12\/Diseno-sin-titulo-2-1.png\" alt=\"\" class=\"wp-image-4700\" srcset=\"https:\/\/henoi.org.py\/wp-content\/uploads\/2023\/12\/Diseno-sin-titulo-2-1.png 666w, https:\/\/henoi.org.py\/wp-content\/uploads\/2023\/12\/Diseno-sin-titulo-2-1-300x169.png 300w\" sizes=\"(max-width: 666px) 100vw, 666px\" \/><figcaption class=\"wp-element-caption\">Collage: Elisa Marecos<\/figcaption><\/figure>\n\n\n\n<p>Este acuerdo se est\u00e1 negociando con gobiernos liderados por negacionistas de la crisis clim\u00e1tica en Argentina y Paraguay, mientras que los bosques v\u00edrgenes -como resultado de la deforestaci\u00f3n masiva para la agroindustria- <a href=\"https:\/\/www.nodal.am\/2024\/09\/incendios-en-brasil-bolivia-y-paraguay-las-llamas-del-agronegocio\/\">arden<\/a>, y Brasil <a href=\"https:\/\/www.latimes.com\/espanol\/internacional\/articulo\/2024-09-09\/brasil-enfrenta-la-peor-sequia-de-su-historia-con-incendios-y-minimos-historicos-del-rio-amazonas\">sufre sequ\u00edas sin precedentes<\/a>.<\/p>\n\n\n\n<p>En Argentina, el autoproclamado anarcocapitalista Javier Milei, quien es un miembro activo del movimiento global de extrema derecha, ha sumido al pa\u00eds en la miseria. La pobreza ha alcanzado niveles sin precedentes, y los derechos b\u00e1sicos est\u00e1n siendo aplastados. Las protestas por la justicia social son violentamente reprimidas, mientras que m\u00e1s del <a href=\"https:\/\/www.cels.org.ar\/web\/en\/2024\/09\/mileis-government-fails-to-guarantee-childrens-rights\/\">60% de los ni\u00f1os argentinos <\/a>pasan hambre y los servicios esenciales como la educaci\u00f3n y la salud est\u00e1n siendo desmantelados. La combinaci\u00f3n de las desastrosas pol\u00edticas de Milei y este acuerdo comercial obsoleto es una receta para el desastre.<\/p>\n\n\n\n<p><strong>La geopol\u00edtica no se arregla con acuerdos comerciales neocoloniales<\/strong><\/p>\n\n\n\n<p>Los\/as pol\u00edticos\/as que promueven este acuerdo para contrarrestar la influencia de China en la regi\u00f3n del Mercosur est\u00e1n atrapados en una ideolog\u00eda de libre comercio que prioriza las ganancias corporativas sobre los pueblos y el planeta. Fortalecer los lazos, si bien es innegablemente necesario, requiere solidaridad, igualdad, cooperaci\u00f3n, sostenibilidad y democracia, no profundizar las asimetr\u00edas comerciales. Esto es tambi\u00e9n cierto para la \u201cmodernizaci\u00f3n\u201d de los tratados de libre comercio entre la UE y M\u00e9xico, y la UE y Chile, ambos igualmente problem\u00e1ticos.<\/p>\n\n\n\n<p><strong>La soluci\u00f3n es clara:<\/strong><\/p>\n\n\n\n<p>Los responsables pol\u00edticos de ambos lados del Atl\u00e1ntico deben cumplir con sus compromisos en materia de derechos humanos, sociales, clim\u00e1ticos y ambientales y detener estas negociaciones comerciales t\u00f3xicas de inmediato.<\/p>\n\n\n\n<p><strong>\u00a1Otro comercio es posible, basado en la solidaridad, la democracia, la cooperaci\u00f3n mutua y la igualdad!<\/strong><\/p>\n\n\n\n<p><strong>\u00a1Detengan el acuerdo UE-Mercosur AHORA!<\/strong><\/p>\n\n\n\n<figure class=\"wp-block-image size-full\"><img loading=\"lazy\" decoding=\"async\" width=\"751\" height=\"407\" src=\"https:\/\/henoi.org.py\/wp-content\/uploads\/2024\/12\/12ded-paremos_mercosur_ue.png\" alt=\"\" class=\"wp-image-5268\" srcset=\"https:\/\/henoi.org.py\/wp-content\/uploads\/2024\/12\/12ded-paremos_mercosur_ue.png 751w, https:\/\/henoi.org.py\/wp-content\/uploads\/2024\/12\/12ded-paremos_mercosur_ue-300x163.png 300w\" sizes=\"(max-width: 751px) 100vw, 751px\" \/><\/figure>\n\n\n\n<h3 class=\"wp-block-heading\" id=\"sig\">Firmantes:<\/h3>\n\n\n\n<ol class=\"wp-block-list\">\n<li>Amigos de la Tierra Am\u00e9rica Latina y el Caribe (ATALC)<\/li>\n\n\n\n<li>bilaterales.org<\/li>\n\n\n\n<li>CADTM AYNA (Comit\u00e9 para la Abolici\u00f3n de las Deudas Ileg\u00edtimas \/ Abya Yala \u2013 Nuestra Am\u00e9rica)<\/li>\n\n\n\n<li>CADTM Internacional<\/li>\n\n\n\n<li>Coordinadora CCSCS de Centrales Sindicales del Cono Sur<\/li>\n\n\n\n<li>CIDSE<\/li>\n\n\n\n<li>Red de Acci\u00f3n Clim\u00e1tica Am\u00e9rica Latina (CANLA)<\/li>\n\n\n\n<li>Red de Acci\u00f3n Clim\u00e1tica Europa<\/li>\n\n\n\n<li>Compasi\u00f3n en la agricultura mundial UE<\/li>\n\n\n\n<li>Confederaci\u00f3n de Trabajadores Estatales Latinoamericanos y del Caribe (CLATE)<\/li>\n\n\n\n<li>Observatorio Empresarial Europeo (CEO)<\/li>\n\n\n\n<li>Eko<\/li>\n\n\n\n<li>Red LAT de la UE<\/li>\n\n\n\n<li>Eurogrupo de Animales<\/li>\n\n\n\n<li>Coordinaci\u00f3n Europea V\u00eda Campesina (ECVC)<\/li>\n\n\n\n<li>Oficina Europea de Medio Ambiente<\/li>\n\n\n\n<li>Coalici\u00f3n Europea por la Justicia Comercial<\/li>\n\n\n\n<li>Oficina de Defensa del Comercio Justo<\/li>\n\n\n\n<li>Helecho<\/li>\n\n\n\n<li>Vigilancia alimentaria internacional<\/li>\n\n\n\n<li>Amigos de la Tierra Europa<\/li>\n\n\n\n<li>Amigos de la Tierra Internacional<\/li>\n\n\n\n<li>Coalici\u00f3n Mundial por los Bosques<\/li>\n\n\n\n<li>GRANO<\/li>\n\n\n\n<li>Maestros Jubilados<\/li>\n\n\n\n<li>Jubileo Sur Am\u00e9ricas<\/li>\n\n\n\n<li>Tierra poderosa<\/li>\n\n\n\n<li>Oilwatch Latinoamerica<\/li>\n\n\n\n<li>Oxfam<\/li>\n\n\n\n<li>Pacto Ecosocial e Intercultural del Sur<\/li>\n\n\n\n<li>Plataforma de Am\u00e9rica Latina y el Caribe Mejor Sin TLC<\/li>\n\n\n\n<li>PSI (Internacional de Servicios P\u00fablicos)<\/li>\n\n\n\n<li>Publica lo que pagas<\/li>\n\n\n\n<li>Resumen latinoamericano<\/li>\n\n\n\n<li>Coalici\u00f3n Africana sobre Crecimiento Verde (ACGG)<\/li>\n\n\n\n<li>Instituto Transnacional<\/li>\n\n\n\n<li>ANCHO+<\/li>\n\n\n\n<li>Ambiente Es Todo del FPDSCP (Frente Popular Dar\u00edo Santill\u00e1n Corriente Plurinacional), Argentina<\/li>\n\n\n\n<li>Argentina Mejor Sin TLC, Argentina<\/li>\n\n\n\n<li>Asamblea de Las Heras por el Agua Pura de Mendoza, Rep\u00fablica Argentina<\/li>\n\n\n\n<li>Asamblea por una MAR LIBRE de petroleras, Argentina<\/li>\n\n\n\n<li>Asociaci\u00f3n Argentina de Abogadxs Ambientalistas y Colectivo de Acci\u00f3n por la Justicia Ecosocial, Argentina<\/li>\n\n\n\n<li>Asociaci\u00f3n Civil Lola Mora, Argentina<\/li>\n\n\n\n<li>ATTAC Argentina, Argentina<\/li>\n\n\n\n<li>Autoconvocatoria para la Suspensi\u00f3n del Pago e Investigaci\u00f3n de la Deuda, Argentina<\/li>\n\n\n\n<li>Buenos Aires Insumisa, Argentina<\/li>\n\n\n\n<li>Campa\u00f1a Plurinacional NO en RIGI, Argentina<\/li>\n\n\n\n<li>Central de Trabajadores y Trabajadoras de la Argentina, Argentina<\/li>\n\n\n\n<li>Centro de Estudios Legales y Sociales (CELS), Argentina<\/li>\n\n\n\n<li>Colectivo Semillas Autoconvocadas, Argentina<\/li>\n\n\n\n<li>Colectivo Solidarios, Argentina<\/li>\n\n\n\n<li>Confederaci\u00f3n General del Trabajo de la Rep\u00fablica Argentina, Argentina<\/li>\n\n\n\n<li>Cooperativa de Producci\u00f3n Agroecol\u00f3gica CoPA, Argentina<\/li>\n\n\n\n<li>Coordinadora Plurinacional Basta de Falsas Soluciones, Argentina<\/li>\n\n\n\n<li>Corriente Pol\u00edtica de Izquierda, Argentina<\/li>\n\n\n\n<li>Corriente Pol\u00edtica Marabunta, Argentina<\/li>\n\n\n\n<li>Di\u00e1logo 2000 \u2013 Jubileo Sur Argentina, Argentina<\/li>\n\n\n\n<li>Frente de organizaciones de lucha libre, Argentina<\/li>\n\n\n\n<li>Fundaci\u00f3n de Investigaciones Sociales y Pol\u00edticas (FISYP, Argentina<\/li>\n\n\n\n<li>Grupo de Estudios sobre Am\u00e9rica Latina y el Caribe (GEAL-IEALC\/UBA), Argentina<\/li>\n\n\n\n<li>Iniciativa de Ecolog\u00eda Pol\u00edtica Arcoiris, Argentina<\/li>\n\n\n\n<li>Lof Rank\u00fclche Ng\u00fcrr\u00fc Mapu mew Ver provincia de Buenos Aires Comunidad Mapuche Rank\u00fcl, Argentina<\/li>\n\n\n\n<li>Multisectorial Golfo San Mat\u00edas, Rep\u00fablica Argentina<\/li>\n\n\n\n<li>Museo Hambre, Argentina<\/li>\n\n\n\n<li>Observatorio Petrolero Sur, Argentina<\/li>\n\n\n\n<li>SoliVerde \u2013 Colectivo Solidario, Argentina<\/li>\n\n\n\n<li>Somos Pueblo, Argentina<\/li>\n\n\n\n<li>Tierra Nativa \/ Amigos de la Tierra Argentina, Argentina<\/li>\n\n\n\n<li>AK EUROPA, Austria<\/li>\n\n\n\n<li>Anders Handeln Austria, Austria<\/li>\n\n\n\n<li>Attac Austria, Austria<\/li>\n\n\n\n<li>Federaci\u00f3n Austr\u00edaca de Sindicatos (\u00d6GB), Austria<\/li>\n\n\n\n<li>DKA Austria \u2013 Dreik\u00f6nigsaktion der Katholischen Jungschar, Austria<\/li>\n\n\n\n<li>GLOBAL 2000 \u2013 Amigos de la Tierra Austria, Austria<\/li>\n\n\n\n<li>KOO (Koordinierungsstelle der \u00d6sterreichischen Bischofskonferenz), Austria<\/li>\n\n\n\n<li>\u00d6BV-V\u00eda Campesina Austria, Austria<\/li>\n\n\n\n<li>Welthaus Di\u00f6zese Graz-Seckau, Austria<\/li>\n\n\n\n<li>WIDE Austria \u2013 Red por los derechos de las mujeres y las perspectivas feministas en el desarrollo, Austria<\/li>\n\n\n\n<li>11.11.11, B\u00e9lgica<\/li>\n\n\n\n<li>ACV-CSC, B\u00e9lgica<\/li>\n\n\n\n<li>Autre Terre, B\u00e9lgica<\/li>\n\n\n\n<li>Broederlijk Delen, B\u00e9lgica<\/li>\n\n\n\n<li>Canopea, B\u00e9lgica<\/li>\n\n\n\n<li>Triaje colectivo, Waterloo, B\u00e9lgica<\/li>\n\n\n\n<li>Crabe asbl, B\u00e9lgica<\/li>\n\n\n\n<li>DBA, B\u00e9lgica<\/li>\n\n\n\n<li>Eco-Vie asbl, B\u00e9lgica<\/li>\n\n\n\n<li>Escuela Paysanne Ind\u00e9pendante, B\u00e9lgica<\/li>\n\n\n\n<li>Entrada y Fraternidad, B\u00e9lgica<\/li>\n\n\n\n<li>Ferme Jungen, B\u00e9lgica<\/li>\n\n\n\n<li>FIAN B\u00e9lgica, B\u00e9lgica<\/li>\n\n\n\n<li>Acci\u00f3n por el Agua y la Alimentaci\u00f3n en Europa, B\u00e9lgica<\/li>\n\n\n\n<li>FUGEA, B\u00e9lgica<\/li>\n\n\n\n<li>Humundi, B\u00e9lgica<\/li>\n\n\n\n<li>Islas de Paix, B\u00e9lgica<\/li>\n\n\n\n<li>Entorno La Hulpe, B\u00e9lgica<\/li>\n\n\n\n<li>Le R\u00e9seau des GASAP, B\u00e9lgica<\/li>\n\n\n\n<li>Les Amis de la Terre \u2013 Belgique asbl, B\u00e9lgica<\/li>\n\n\n\n<li>Les P&#8217;tits Dons de P\u00e9tillons asbl, B\u00e9lgica<\/li>\n\n\n\n<li>Movimiento de Acci\u00f3n Paysanne, B\u00e9lgica<\/li>\n\n\n\n<li>Movimiento DEMAIN, B\u00e9lgica<\/li>\n\n\n\n<li>Nat\u00e1gora, B\u00e9lgica<\/li>\n\n\n\n<li>Red Europea de Comit\u00e9s Oscar Romero, B\u00e9lgica<\/li>\n\n\n\n<li>Encuentro de los Continentes, B\u00e9lgica<\/li>\n\n\n\n<li>R\u00e9seautransition.be, B\u00e9lgica<\/li>\n\n\n\n<li>Aumento del clima B\u00e9lgica, B\u00e9lgica<\/li>\n\n\n\n<li>Solidagro, B\u00e9lgica<\/li>\n\n\n\n<li>Solidair se reuni\u00f3 con Guatemala y B\u00e9lgica<\/li>\n\n\n\n<li>Solsoc, B\u00e9lgica<\/li>\n\n\n\n<li>Terre-en-vue, B\u00e9lgica<\/li>\n\n\n\n<li>UNAB \u2013 Union des agriculteurs\u00b7rices bio de Wallonie, B\u00e9lgica (Valonia)<\/li>\n\n\n\n<li>vzw Climaxi, B\u00e9lgica<\/li>\n\n\n\n<li>ULB-Cooperaci\u00f3n, B\u00e9lgica<\/li>\n\n\n\n<li>Fundaci\u00f3n AGRECOL Andes, Bolivia<\/li>\n\n\n\n<li>Fundaci\u00f3n Gaia Pacha, Bolivia<\/li>\n\n\n\n<li>Fundaci\u00f3n PASOS, Bolivia<\/li>\n\n\n\n<li>Movimiento Agroecol\u00f3gico Boliviano, Bolivia<\/li>\n\n\n\n<li>Plataforma Boliviana para el Cambio Clim\u00e1tico, Bolivia<\/li>\n\n\n\n<li>Red OEPAIC, Bolivia<\/li>\n\n\n\n<li>Centro de Climatolog\u00eda e Investigaci\u00f3n Aplicada, Botswana<\/li>\n\n\n\n<li>Coalici\u00f3n sobre el Cambio Clim\u00e1tico de \u00c1frica Meridional, Botswana<\/li>\n\n\n\n<li>AMA \u2013 Articulaci\u00f3n de Mujeres de Amazonas, Brasil<\/li>\n\n\n\n<li>Amigas da Terra Brasil \/ Amigos de la Tierra Brasil, Brasil<\/li>\n\n\n\n<li>APIB \u2013 Articulaci\u00f3n de los Pueblos Ind\u00edgenas de Brasil, Brasil<\/li>\n\n\n\n<li>Articulaci\u00f3n Agro \u00e9 Fogo \/ Consejo Pastoral de Pescadores, Brasil<\/li>\n\n\n\n<li>Articulaci\u00f3n de Mujeres Brasile\u00f1as &#8211; AMB, Brasil<\/li>\n\n\n\n<li>Asociaci\u00f3n Alternativa Terrazul, Brasil<\/li>\n\n\n\n<li>Asociaci\u00f3n Brasile\u00f1a Interdisciplinaria de SIDA, Brasil<\/li>\n\n\n\n<li>Asociaci\u00f3n Comunitaria para la Educaci\u00f3n en Salud y Agricultura \u2013 ACESA, Brasil<\/li>\n\n\n\n<li>Asociaci\u00f3n de Agroecolog\u00eda ABC, Brasil<\/li>\n\n\n\n<li>Asociaci\u00f3n SEDUP \u2013 Servicio de Educaci\u00f3n Popular, Brasil<\/li>\n\n\n\n<li>Asociaci\u00f3n Vianei para la Cooperaci\u00f3n y el Intercambio en Trabajo, Educaci\u00f3n, Cultura y Salud, Brasil<\/li>\n\n\n\n<li>C\u00e1ritas Brasile\u00f1a, Brasil<\/li>\n\n\n\n<li>CEAP -Centro de Educaci\u00f3n y Asesoramiento Popular, Brasil<\/li>\n\n\n\n<li>Central de Trabajadores, Brasil<\/li>\n\n\n\n<li>Centro Dandara de Fiscales Jur\u00eddicos Populares, Brasil<\/li>\n\n\n\n<li>Centro de Agricultura Alternativa Vicente Nica, Brasil<\/li>\n\n\n\n<li>Centro Ecol\u00f3gico, Brasil<\/li>\n\n\n\n<li>Clima electoral, Brasil<\/li>\n\n\n\n<li>Coletivo Mujer Vida, Brasil<\/li>\n\n\n\n<li>Comisi\u00f3n Pastoral de Tierras \u2013 MS, Brasil<\/li>\n\n\n\n<li>Comisi\u00f3n socioambiental Frei Tito de Alencar, Brasil<\/li>\n\n\n\n<li>ESPLAR \u2013 Centro de Investigaci\u00f3n y Asesoramiento, Brasil<\/li>\n\n\n\n<li>Foro de la FAOR sobre la Amazonia Oriental, Brasil<\/li>\n\n\n\n<li>FASE, Brasil<\/li>\n\n\n\n<li>Federaci\u00f3n Nacional de Enfermeras, Brasil<\/li>\n\n\n\n<li>Foro Brasile\u00f1o de ONG y Movimientos Sociales por el Medio Ambiente \u2013 FBOMS, Brasil<\/li>\n\n\n\n<li>Foro de la Amazonia Oriental \u2013 FAOR, Brasil<\/li>\n\n\n\n<li>Foro de Mujeres Amaz\u00f3nicas de Par\u00e1 &#8211; FMAP, Brasil<\/li>\n\n\n\n<li>Foro sobre Cambio Clim\u00e1tico y Justicia Socioambiental, Brasil<\/li>\n\n\n\n<li>Frente Brasile\u00f1o Contra los Acuerdos Mercosur-UE y Mercosur-AELC, Brasil<\/li>\n\n\n\n<li>Grupo de Trabajo sobre Propiedad Intelectual, Brasil<\/li>\n\n\n\n<li>Instituto Cordilheira, Brasil<\/li>\n\n\n\n<li>Instituto de Estudios Socioecon\u00f3micos (Inesc), Brasil<\/li>\n\n\n\n<li>Instituto Equit \u2013 Econom\u00eda de G\u00e9nero y Ciudadan\u00eda Global, Brasil<\/li>\n\n\n\n<li>Instituto de Pol\u00edticas Alternativas para el Cono Sur &#8211; PACS, Brasil<\/li>\n\n\n\n<li>ISP Brasil, Brasil<\/li>\n\n\n\n<li>Jubileo Sur de Brasil, Brasil<\/li>\n\n\n\n<li>Justicia sobre ra\u00edles, Brasil<\/li>\n\n\n\n<li>Marcha Mundial de las Mujeres, Brasil<\/li>\n\n\n\n<li>Movimiento de Mujeres de la Selva Negra \u2013 Dandara, Brasil<\/li>\n\n\n\n<li>Movimiento de Trabajadores Sin Hogar (MTST), Brasil<\/li>\n\n\n\n<li>Movimiento de Personas Afectadas por Represas \u2013 MAB, Brasil<\/li>\n\n\n\n<li>Movimiento por la Soberan\u00eda Popular en la Miner\u00eda (MAM), Brasil<\/li>\n\n\n\n<li>Movimiento SOS Chapada dos Veadeiros, Brasil<\/li>\n\n\n\n<li>PAD (Proceso de Articulaci\u00f3n y Di\u00e1logo), Brasil<\/li>\n\n\n\n<li>REBRIP \u2013 Red Brasile\u00f1a para la Integraci\u00f3n de los Pueblos, Brasil<\/li>\n\n\n\n<li>Red de Intercambio de Tecnolog\u00edas Alternativas, Brasil<\/li>\n\n\n\n<li>Servicio de Asistencia Rural y Urbana \u2013 SAR, Brasil<\/li>\n\n\n\n<li>Sindicato de Enfermeras del Estado de S\u00e3o Paulo (SEESP), Brasil<\/li>\n\n\n\n<li>Terramar, Brasil<\/li>\n\n\n\n<li>Acci\u00f3n clim\u00e1tica para estudiantes permanentes (CALL), Canad\u00e1<\/li>\n\n\n\n<li>Chile Mejor sin TLC, Chile<\/li>\n\n\n\n<li>Cedetrabajo, Colombia<\/li>\n\n\n\n<li>R\u00e9seau des Organizations de la Soci\u00e9t\u00e9 Civile pour le Developpement du Tonkpi (ROSCIDET), Costa de Marfil<\/li>\n\n\n\n<li>Hnut\u00ed DUHA \/ Amigos de la Tierra Rep\u00fablica Checa, Chequia<\/li>\n\n\n\n<li>Bosques del mundo, Dinamarca<\/li>\n\n\n\n<li>Acci\u00f3n Global, Dinamarca<\/li>\n\n\n\n<li>NOAH \/ Amigos de la Tierra Dinamarca, Dinamarca<\/li>\n\n\n\n<li>OMASNE, Ecuador<\/li>\n\n\n\n<li>Acci\u00f3n Ecol\u00f3gica, Ecuador<\/li>\n\n\n\n<li>Centro de Documentaci\u00f3n sobre Derechos Humanos \u201cSegundo Montes Mozo SJ\u201d (CSMM), Ecuador<\/li>\n\n\n\n<li>CESTA Amigos de la Tierra, El Salvador<\/li>\n\n\n\n<li>Amigas de la Tierra \/ Amigos de la Tierra Espa\u00f1a, Espa\u00f1a<\/li>\n\n\n\n<li>Asociaci\u00f3n por la Paz y los Derechos Humanos Taula per M\u00e8xic, Catalu\u00f1a<\/li>\n\n\n\n<li>Attac Espa\u00f1a, Espa\u00f1a<\/li>\n\n\n\n<li>C\u00e1tedra UNESCO de Desarrollo Humano Sostenible, UdG, Espa\u00f1a<\/li>\n\n\n\n<li>CCOO (Confederaci\u00f3n Sindical de Comisiones Obreras), Espa\u00f1a<\/li>\n\n\n\n<li>CGT \u2013 Confederaci\u00f3n General del Trabajo, Espa\u00f1a<\/li>\n\n\n\n<li>CICrA Justicia Ambiental, Espa\u00f1a<\/li>\n\n\n\n<li>COAG-Coordinadora de Organizaciones de Agricultores y Ganaderos, Espa\u00f1a<\/li>\n\n\n\n<li>Ecologistas en Acci\u00f3n, Espa\u00f1a<\/li>\n\n\n\n<li>Entrepueblos-Entrepobles-Entrepobos-Herriarte, Estado Espa\u00f1ol<\/li>\n\n\n\n<li>Movimiento Verde de Estonia \/ Amigos de la Tierra Estonia, Estonia<\/li>\n\n\n\n<li>Extinci\u00f3n Rebeli\u00f3n M\u00e1laga, Espa\u00f1a<\/li>\n\n\n\n<li>Iniciativa Global Cambio Personal y Justicia, Espa\u00f1a<\/li>\n\n\n\n<li>La Coordinadora de Organizaciones para el Desarrollo-Espa\u00f1a, Espa\u00f1a<\/li>\n\n\n\n<li>Observatorio del Deute en Globalitzaci\u00f3, Espa\u00f1a<\/li>\n\n\n\n<li>Paz Con Dignidad (OMAL), Estado espa\u00f1ol<\/li>\n\n\n\n<li>Salva la Selva, Espa\u00f1a<\/li>\n\n\n\n<li>SETEM Catalu\u00f1a, Espa\u00f1a<\/li>\n\n\n\n<li>ELA euskal sindikatua, Euskal Herria<\/li>\n\n\n\n<li>LAB sindikatua, Euskal Herria<\/li>\n\n\n\n<li>Amigos de la Tierra Finlandia, Finlandia<\/li>\n\n\n\n<li>Acci\u00f3n no violenta COP21 (ANV-COP21), Francia<\/li>\n\n\n\n<li>ActionAid Francia, Francia<\/li>\n\n\n\n<li>Act Pour L&#8217;Environnement, Francia<\/li>\n\n\n\n<li>AGTER, Francia<\/li>\n\n\n\n<li>Aitec, Francia<\/li>\n\n\n\n<li>Alofa Tuvalu, Francia<\/li>\n\n\n\n<li>Alternatiba, Francia<\/li>\n\n\n\n<li>Mapa de la sopa aux Cailloux, Francia<\/li>\n\n\n\n<li>AMAP Paniers d&#8217;ici, Francia<\/li>\n\n\n\n<li>Amis de la Terre C\u00f4te d&#8217;Or, Francia<\/li>\n\n\n\n<li>Amis de la Terre Francia \/ Amigos de la Tierra Francia, Francia<\/li>\n\n\n\n<li>Asociaci\u00f3n CRI-AC!, Francia<\/li>\n\n\n\n<li>Attac Artois -Ternois \u2013 La Gohelle, Francia<\/li>\n\n\n\n<li>Attac Dordo\u00f1a, Francia<\/li>\n\n\n\n<li>ATTAC Finisterre, Francia<\/li>\n\n\n\n<li>Attac Francia, Francia<\/li>\n\n\n\n<li>ATTAC Mosela, Francia<\/li>\n\n\n\n<li>ATTAC Nimes, Francia<\/li>\n\n\n\n<li>ATTAC Pays Vasco, Francia<\/li>\n\n\n\n<li>Actores de Bio Consom, Francia<\/li>\n\n\n\n<li>BIOAMAP, Francia<\/li>\n\n\n\n<li>Bloom, Francia<\/li>\n\n\n\n<li>CADTM Francia, Francia<\/li>\n\n\n\n<li>Canop\u00e9e, Francia<\/li>\n\n\n\n<li>CCFD-Terre Solidaire, Francia<\/li>\n\n\n\n<li>CFSI, Francia<\/li>\n\n\n\n<li>Colectivo Nacional Stop Mercosur, Francia<\/li>\n\n\n\n<li>Confederaci\u00f3n General del Trabajo (CGT), Francia<\/li>\n\n\n\n<li>Confederaci\u00f3n Paysanne, Francia<\/li>\n\n\n\n<li>CRID, Francia<\/li>\n\n\n\n<li>CTC-42, Francia<\/li>\n\n\n\n<li>DLS ip, Francia<\/li>\n\n\n\n<li>Eau Secours 62, Francia<\/li>\n\n\n\n<li>Extinci\u00f3n Rebeli\u00f3n Francia, Francia<\/li>\n\n\n\n<li>FADEAR, Francia<\/li>\n\n\n\n<li>Federaci\u00f3n de Artesanos del Mundo, Francia<\/li>\n\n\n\n<li>Foodwatch Francia, Francia<\/li>\n\n\n\n<li>France Am\u00e9rique Latin FAL, Francia<\/li>\n\n\n\n<li>Francia Naturaleza Medio Ambiente, Francia<\/li>\n\n\n\n<li>ex Uni\u00f3n Sovi\u00e9tica, Francia<\/li>\n\n\n\n<li>G\u00e9n\u00e9rations Futures, Francia<\/li>\n\n\n\n<li>Ingenieros Sin Fronteras, Francia<\/li>\n\n\n\n<li>ISF Agrista, Francia<\/li>\n\n\n\n<li>JDMO-AGRI, Francia<\/li>\n\n\n\n<li>Les Amis du Monde diplomatique, Francia<\/li>\n\n\n\n<li>LORAMAP R\u00e9seau Lorrain des AMAP, Francia<\/li>\n\n\n\n<li>Centro MAN Alsacia, Francia<\/li>\n\n\n\n<li>MIRAMAP \u2013 Movimiento Interregional de AMAP, Francia<\/li>\n\n\n\n<li>Lyc\u00e9en Nacional del Movimiento (MNL), Francia<\/li>\n\n\n\n<li>Notre Affair \u00e0 Tous, Francia<\/li>\n\n\n\n<li>Pueblos Solidarios, Francia<\/li>\n\n\n\n<li>Pueblos Solidarios de Doubs, Francia<\/li>\n\n\n\n<li>Pasajeros privados Le Mans \u2013 La Suze, Francia<\/li>\n\n\n\n<li>Pueblos solidarios Nancy, Francia<\/li>\n\n\n\n<li>Pasajeros solidarios pays d&#8217;aubagne, Francia<\/li>\n\n\n\n<li>Pasajeros privados en la regi\u00f3n de Lilloise, Francia<\/li>\n\n\n\n<li>R\u00e9seau Action Climat Francia, Francia<\/li>\n\n\n\n<li>SAS Champ&#8217;\u00e9tre, Francia<\/li>\n\n\n\n<li>Comida Lenta en Francia, Francia<\/li>\n\n\n\n<li>SOL Alternatives Agro\u00e9cologiques et Solidaires, Francia<\/li>\n\n\n\n<li>Terre &amp; Humanisme, Francia<\/li>\n\n\n\n<li>Uni\u00f3n Sindical Solidaria, Francia<\/li>\n\n\n\n<li>Aktion GEN-Klage, Alemania<\/li>\n\n\n\n<li>Aktionsgemeinschaft Solidarische Welt eV, Alemania<\/li>\n\n\n\n<li>Arbeitsgemeinschaft b\u00e4uerliche Landwirtschaft (AbL) eV, Alemania<\/li>\n\n\n\n<li>Asociaci\u00f3n de Accionistas \u00c9ticos Alemania, Alemania<\/li>\n\n\n\n<li>Attac Berl\u00edn, Alemania<\/li>\n\n\n\n<li>ATTAC Frankfurt\/Main, Alemania<\/li>\n\n\n\n<li>Attac Alemania, Alemania<\/li>\n\n\n\n<li>Attac Hamburgo, Alemania<\/li>\n\n\n\n<li>Berliner Wassertisch, Alemania<\/li>\n\n\n\n<li>Bloque Latinoamericano Berl\u00edn, Alemania<\/li>\n\n\n\n<li>Buendnis Gerechter Welthandel M\u00fanich, Alemania<\/li>\n\n\n\n<li>Bund f\u00fcr Umwelt und Naturschutz (BUND) eV, Alemania<\/li>\n\n\n\n<li>BUND Landesverband Hessen eV, Alemania<\/li>\n\n\n\n<li>BUNDjugend \/ J\u00f3venes Amigos de la Tierra Alemania, Alemania<\/li>\n\n\n\n<li>B\u00fcndnis \u201cGemeinsam gegen die Tierindustrie\u201d, Alemania, Austria<\/li>\n\n\n\n<li>B\u00fcndnis Gerechter Welthandel Darmstadt, Alemania<\/li>\n\n\n\n<li>Cristianos para el futuro, Alemania<\/li>\n\n\n\n<li>Cristianos para el futuro Hannover, Alemania<\/li>\n\n\n\n<li>Iniciativa Christliche Romero eV, Alemania<\/li>\n\n\n\n<li>Red Colombia Alemania, Alemania<\/li>\n\n\n\n<li>Coordinaci\u00f3n gegen BAYER-Gefahren (CBG), Alemania<\/li>\n\n\n\n<li>DEAB eV (Dachverband Entwicklungspolitik Baden-W\u00fcrttemberg), Alemania<\/li>\n\n\n\n<li>DGB Ortsverband Griesheim, Alemania<\/li>\n\n\n\n<li>Eine-Welt-Forum Mannheim eV, Alemania<\/li>\n\n\n\n<li>Ern\u00e4hrungsrat M\u00fcnster e. V., Alemania<\/li>\n\n\n\n<li>FARBE eV Friburgo, Alemania<\/li>\n\n\n\n<li>FDCL-Centro de Investigaci\u00f3n y Documentaci\u00f3n Chile-Am\u00e9rica Latina, Alemania<\/li>\n\n\n\n<li>FIAN Deutschland eV, Alemania<\/li>\n\n\n\n<li>foodsharing eV, Alemania<\/li>\n\n\n\n<li>Foro de ONG Alemanas sobre Medio Ambiente y Desarrollo, Alemania<\/li>\n\n\n\n<li>Gesellschaft f\u00fcr bedrohte V\u00f6lker, Alemania<\/li>\n\n\n\n<li>GEW Hessen, Alemania<\/li>\n\n\n\n<li>Heidelberger B\u00fcndnis f\u00fcr gerechten Welthandel, Alemania<\/li>\n\n\n\n<li>IG NAchbau, Alemania<\/li>\n\n\n\n<li>Informationsstelle Lateinamerika (ila) eV Bonn, Alemania<\/li>\n\n\n\n<li>Informationsstelle Per\u00fa eV, Alemania<\/li>\n\n\n\n<li>KlimaEntscheid M\u00fcnster, Alemania<\/li>\n\n\n\n<li>Klimanetz Heidelberg, Alemania<\/li>\n\n\n\n<li>KoBra \u2013 Kooperaci\u00f3n Brasilien eV, Alemania<\/li>\n\n\n\n<li>Konstanzer B\u00fcndnis f\u00fcr gerechten Welthandel, Alemania<\/li>\n\n\n\n<li>LSV, Alemania<\/li>\n\n\n\n<li>LSV EL\/NOH, Alemania<\/li>\n\n\n\n<li>Mannheimer B\u00fcndnis gerechter Welthandel, Alemania<\/li>\n\n\n\n<li>Misereor, Alemania<\/li>\n\n\n\n<li>Nachrichtenpool Lateinamerika eV, Alemania<\/li>\n\n\n\n<li>NaturFreunde Deutschlands, Alemania<\/li>\n\n\n\n<li>Naturfreunde Mannheim, Alemania<\/li>\n\n\n\n<li>Netzwerk gerechter Welthandel, Alemania<\/li>\n\n\n\n<li>Netzwerk Gerechter Welthandel Baden-W\u00fcrttemberg, Alemania<\/li>\n\n\n\n<li>Netzwerk Solidarische Landwirtschaft eV, Alemania<\/li>\n\n\n\n<li>\u00d6kumenisches B\u00fcro f\u00fcr Frieden und Gerechtigkeit eV (Oficina para la Paz y la Justicia en Munich), Alemania<\/li>\n\n\n\n<li>Padres y personas para el futuro Mannheim, Alemania<\/li>\n\n\n\n<li>Padres para el futuro Bonn, Alemania<\/li>\n\n\n\n<li>Padres para el futuro Hannover, Alemania<\/li>\n\n\n\n<li>PowerShift eV, Alemania<\/li>\n\n\n\n<li>PRO MenschNatur Mittelbaden, Alemania<\/li>\n\n\n\n<li>ProWaldProWind Heidelberg, Alemania<\/li>\n\n\n\n<li>Rettet den Regenwald, Alemania<\/li>\n\n\n\n<li>Robin Wood eV, Alemania<\/li>\n\n\n\n<li>Comida lenta Pfaffenwinkel, Alemania<\/li>\n\n\n\n<li>treemedia eV, Alemania<\/li>\n\n\n\n<li>Umweltinstitut M\u00fanich, Alemania<\/li>\n\n\n\n<li>Urgewald, Alemania<\/li>\n\n\n\n<li>VCD Regionalverband M\u00fcnsterland, Alemania<\/li>\n\n\n\n<li>Ver.di S\u00fcdhessen, Alemania<\/li>\n\n\n\n<li>Waldwende Heidelberg, Alemania<\/li>\n\n\n\n<li>Weltladen eV, Alemania<\/li>\n\n\n\n<li>Werkhof Darmstadt eV, Alemania<\/li>\n\n\n\n<li>Werkstatt \u00d6konomie eV, Alemania<\/li>\n\n\n\n<li>Iniciativa 136, Grecia<\/li>\n\n\n\n<li>Amigos de la naturaleza Grecia, Grecia<\/li>\n\n\n\n<li>Instituto para el Futuro Com\u00fan Amerindio IFCA, Honduras<\/li>\n\n\n\n<li>Grupo de Acci\u00f3n de Aire Limpio, Hungr\u00eda<\/li>\n\n\n\n<li>Asociaci\u00f3n de Acci\u00f3n Verde, Hungr\u00eda<\/li>\n\n\n\n<li>Fundaci\u00f3n Magosfa, Hungr\u00eda<\/li>\n\n\n\n<li>Magyar Term\u00e9szetv\u00e9d\u0151k Sz\u00f6vets\u00e9ge \/ Amigos de la Tierra Hungr\u00eda, Hungr\u00eda<\/li>\n\n\n\n<li>An Cla\u00edomh Glas, Irlanda<\/li>\n\n\n\n<li>An Taisce-The National Trust para Irlanda, Irlanda<\/li>\n\n\n\n<li>Derecho Ambiental Irlanda, Irlanda<\/li>\n\n\n\n<li>Amigos de la Tierra Irlanda, Irlanda<\/li>\n\n\n\n<li>Talamh Beo, Irlanda<\/li>\n\n\n\n<li>Attac Italia, Italia<\/li>\n\n\n\n<li>Coordinaci\u00f3n norte sur del mundo, Italia<\/li>\n\n\n\n<li>ASTM (Acci\u00f3n Solidaria Tiers Monde asbl), Luxemburgo<\/li>\n\n\n\n<li>Movimiento Ecol\u00f3gico asbl, Luxemburgo<\/li>\n\n\n\n<li>Asociaci\u00f3n Ecol\u00f3gica Santo Tom\u00e1s, AC, M\u00e9xico<\/li>\n\n\n\n<li>Centro de Promoci\u00f3n y Educaci\u00f3n Profesional \u201cvasco de Quiroga\u201d, M\u00e9xico<\/li>\n\n\n\n<li>Enlace Comunicaci\u00f3n y Capacitaci\u00f3n AC, M\u00e9xico<\/li>\n\n\n\n<li>Fronteras Comunas, M\u00e9xico<\/li>\n\n\n\n<li>NEB No es Basura, M\u00e9xico<\/li>\n\n\n\n<li>Otros Mundos Chiapas, M\u00e9xico<\/li>\n\n\n\n<li>RMALC, M\u00e9xico<\/li>\n\n\n\n<li>ECO-TIRAS Asociaci\u00f3n Internacional de Guardianes de R\u00edos, Moldavia<\/li>\n\n\n\n<li>Centro de Investigaci\u00f3n sobre Corporaciones Multinacionales (SOMO), Pa\u00edses Bajos<\/li>\n\n\n\n<li>FNV Sindicato Holand\u00e9s, Pa\u00edses Bajos<\/li>\n\n\n\n<li>Foodwatch, Pa\u00edses Bajos<\/li>\n\n\n\n<li>\u00a1H\u00e4ndel Anders! coalici\u00f3n, Pa\u00edses Bajos<\/li>\n\n\n\n<li>Justicia del agua y g\u00e9nero, Pa\u00edses Bajos<\/li>\n\n\n\n<li>Ambos ENDS, Pa\u00edses Bajos<\/li>\n\n\n\n<li>Milieudefensie, Pa\u00edses Bajos<\/li>\n\n\n\n<li>Plataforma Aarde Boer Consumo, Pa\u00edses Bajos<\/li>\n\n\n\n<li>Voedsel Anders NL, Pa\u00edses Bajos<\/li>\n\n\n\n<li>Grupo de trabajo Justicia Alimentaria, Pa\u00edses Bajos<\/li>\n\n\n\n<li>Latin-Amerikagruppene en Norge, Noruega<\/li>\n\n\n\n<li>Fundaci\u00f3n Rainforest Noruega, Noruega<\/li>\n\n\n\n<li>Articulaci\u00f3n de calles populares \u201cPYKU&#8217;I\u201d, Paraguay<\/li>\n\n\n\n<li>BASE Investigaciones Sociales (BASE-IS), Paraguay<\/li>\n\n\n\n<li>Comit\u00e9 Estudiantil F\u00e9lix H. Ag\u00fcero, Paraguay<\/li>\n\n\n\n<li>He\u00f1\u00f3i, Paraguay<\/li>\n\n\n\n<li>Plataforma Paraguay Mejor Sin Libre Comercio, Paraguay<\/li>\n\n\n\n<li>Savia, Paraguay<\/li>\n\n\n\n<li>SUPERVIVENCIA \/ Amigos de la Tierra Paraguay, Paraguay<\/li>\n\n\n\n<li>Sociedad de Econom\u00eda Pol\u00edtica del Paraguay, Paraguay<\/li>\n\n\n\n<li>Red Peruana de Globalizaci\u00f3n con Equidad (RedGE), Per\u00fa<\/li>\n\n\n\n<li>Club Ecol\u00f3gico Polaco en Gliwice, Polonia<\/li>\n\n\n\n<li>Asociaci\u00f3n Polaca de Residuos Cero, Polonia<\/li>\n\n\n\n<li>BioPorto \u2013 Grupo de Acci\u00f3n Ambiental, Portugal<\/li>\n\n\n\n<li>Ecofood Portugal, Portugal<\/li>\n\n\n\n<li>FAPAS \u2013 Asociaci\u00f3n Portuguesa para la Conservaci\u00f3n de la Biodiversidad, Portugal<\/li>\n\n\n\n<li>\u00cdris \u2013 Asociaci\u00f3n Nacional Ambiental, Portugal<\/li>\n\n\n\n<li>Plataforma Foros Transg\u00e9nicos, Portugal<\/li>\n\n\n\n<li>Red para el Decrecimiento, Portugal<\/li>\n\n\n\n<li>Reforma forestal J\u00e1-Por Pedr\u00f3g\u00e3o para Portugal, Portugal<\/li>\n\n\n\n<li>EXCHANGE &#8211; Plataforma para el Comercio Internacional Justo, Portugal<\/li>\n\n\n\n<li>Fundaci\u00f3n Batani, Rusia\/EE.UU.<\/li>\n\n\n\n<li>Focus, Asociaci\u00f3n para el Desarrollo Sostenible \/ Amigos de la Tierra Eslovenia, Eslovenia<\/li>\n\n\n\n<li>GADIP, G\u00e9nero y Desarrollo en la Pr\u00e1ctica, Suecia<\/li>\n\n\n\n<li>Jordens V\u00e4nner \/ Amigos de la Tierra Suecia, Suecia<\/li>\n\n\n\n<li>NOrdBruk, Suecia<\/li>\n\n\n\n<li>Solifons, Suiza<\/li>\n\n\n\n<li>Gen\u00e7 D\u00fc\u015f\u00fcnce Enstit\u00fcs\u00fc, Turqu\u00eda<\/li>\n\n\n\n<li>Ojos frescos, Reino Unido<\/li>\n\n\n\n<li>Testigo global, Reino Unido<\/li>\n\n\n\n<li>Verde m\u00e1s brillante, EE. UU.<\/li>\n\n\n\n<li>La casa de Sara, Estados Unidos<\/li>\n\n\n\n<li>Futuros locales, EE. UU.<\/li>\n\n\n\n<li>Estrategias para el Desarrollo \u00c9tico y Ambiental (SEED), Estados Unidos<\/li>\n\n\n\n<li>REDES-AT\/Amigos de la Tierra Uruguay, Uruguay<\/li>\n\n\n\n<li>Ema\u00fas Internacional, Zimbabue<\/li>\n\n\n\n<li>Coalici\u00f3n sobre el Cambio Clim\u00e1tico de Zimbabwe, Zimbabwe<\/li>\n<\/ol>\n","protected":false},"excerpt":{"rendered":"<p>5\/12\/2023 Pronunciamiento \u00a1No m\u00e1s acuerdos comerciales t\u00f3xicos entre la UE y los pa\u00edses de Am\u00e9rica Latina! &#8211; \u00a1El acuerdo comercial entre la UE y Mercosur debe detenerse AHORA! Las organizaciones que suscribimos esta declaraci\u00f3n de Am\u00e9rica Latina y la Uni\u00f3n Europea, nos unimos en el rechazo del acuerdo de asociaci\u00f3n y comercio entre la UE y el Mercosur. Hacemos un llamado a los responsables pol\u00edticos de ambos lados del Atl\u00e1ntico para que finalmente detengan este acuerdo comercial t\u00f3xico. Negociado a puerta cerrada, este acuerdo carece de participaci\u00f3n p\u00fablica o escrutinio. Incluso el Defensor del Pueblo Europeo ha criticado la falta de transparencia de la Comisi\u00f3n Europea. Ahora, la Comisi\u00f3n est\u00e1 considerando cambiar el proceso de votaci\u00f3n a trav\u00e9s de&nbsp; la \u201cdivisi\u00f3n\u201d del acuerdo, lo que permitir\u00eda eludir los vetos de los pa\u00edses individuales. Cientos de organizaciones de la sociedad civil y parlamentarios han condenado esta maniobra como un ataque a los procesos democr\u00e1ticos. Peor a\u00fan, los grupos m\u00e1s afectados, como los trabajadores, los peque\u00f1os agricultores, las comunidades ind\u00edgenas y las mujeres, han sido excluidos de las negociaciones de este acuerdo, y, sin embargo, sufrir\u00e1n sus peores efectos. Un acuerdo t\u00f3xico para los pueblos y el planeta Este acuerdo agravar\u00e1 el intercambio desigual entre el Sur y el Norte Global, perpetuando las estructuras comerciales neocoloniales. Promueve modelos agr\u00edcolas destructivos que desplazan a peque\u00f1os\/as agricultores y comunidades ind\u00edgenas, al tiempo que impulsan las exportaciones de agroqu\u00edmicos t\u00f3xicos, incluido aquellos prohibidos en la UE. Estas pr\u00e1cticas agr\u00edcolas insostenibles, incluyendo la ganader\u00eda industrial, amenazan la soberan\u00eda alimentaria y el bienestar animal en ambas regiones. Los y las trabajadores\/as en los pa\u00edses del Mercosur sufrir\u00e1n la p\u00e9rdida de empleos y el empeoramiento de las condiciones laborales. Las mujeres perder\u00e1n a\u00fan m\u00e1s en este sentido, ya que tambi\u00e9n son las m\u00e1s afectadas por la privatizaci\u00f3n de los servicios p\u00fablicos promovida a trav\u00e9s de los tratados de libre comercio (TLC). Los estudios muestran que el acuerdo representa graves riesgos econ\u00f3micos, profundizando a\u00fan m\u00e1s la desigualdad e impidiendo el desarrollo sostenible y la (re) industrializaci\u00f3n en los pa\u00edses del Mercosur. El ambiente tambi\u00e9n sufrir\u00e1. Ning\u00fan anexo ambiental puede mitigar el da\u00f1o a largo plazo que causar\u00e1 este acuerdo; es un simple lavado verde. El acuerdo entre la UE y el Mercosur impulsar\u00e1 la deforestaci\u00f3n, agravar\u00e1 la crisis clim\u00e1tica y alejar\u00e1 a nuestras regiones de la justicia clim\u00e1tica. No m\u00e1s acuerdos con presidentes de extrema derecha que niegan la crisis clim\u00e1tica Este acuerdo se est\u00e1 negociando con gobiernos liderados por negacionistas de la crisis clim\u00e1tica en Argentina y Paraguay, mientras que los bosques v\u00edrgenes -como resultado de la deforestaci\u00f3n masiva para la agroindustria- arden, y Brasil sufre sequ\u00edas sin precedentes. En Argentina, el autoproclamado anarcocapitalista Javier Milei, quien es un miembro activo del movimiento global de extrema derecha, ha sumido al pa\u00eds en la miseria. La pobreza ha alcanzado niveles sin precedentes, y los derechos b\u00e1sicos est\u00e1n siendo aplastados. Las protestas por la justicia social son violentamente reprimidas, mientras que m\u00e1s del 60% de los ni\u00f1os argentinos pasan hambre y los servicios esenciales como la educaci\u00f3n y la salud est\u00e1n siendo desmantelados. La combinaci\u00f3n de las desastrosas pol\u00edticas de Milei y este acuerdo comercial obsoleto es una receta para el desastre. La geopol\u00edtica no se arregla con acuerdos comerciales neocoloniales Los\/as pol\u00edticos\/as que promueven este acuerdo para contrarrestar la influencia de China en la regi\u00f3n del Mercosur est\u00e1n atrapados en una ideolog\u00eda de libre comercio que prioriza las ganancias corporativas sobre los pueblos y el planeta. Fortalecer los lazos, si bien es innegablemente necesario, requiere solidaridad, igualdad, cooperaci\u00f3n, sostenibilidad y democracia, no profundizar las asimetr\u00edas comerciales. Esto es tambi\u00e9n cierto para la \u201cmodernizaci\u00f3n\u201d de los tratados de libre comercio entre la UE y M\u00e9xico, y la UE y Chile, ambos igualmente problem\u00e1ticos. La soluci\u00f3n es clara: Los responsables pol\u00edticos de ambos lados del Atl\u00e1ntico deben cumplir con sus compromisos en materia de derechos humanos, sociales, clim\u00e1ticos y ambientales y detener estas negociaciones comerciales t\u00f3xicas de inmediato. \u00a1Otro comercio es posible, basado en la solidaridad, la democracia, la cooperaci\u00f3n mutua y la igualdad! \u00a1Detengan el acuerdo UE-Mercosur AHORA! Firmantes:<\/p>\n","protected":false},"author":3,"featured_media":5268,"comment_status":"open","ping_status":"open","sticky":false,"template":"","format":"standard","meta":{"footnotes":""},"categories":[299,5,277],"tags":[],"class_list":["post-5266","post","type-post","status-publish","format-standard","has-post-thumbnail","hentry","category-paraguay-libre-de-comercio","category-publicaciones","category-sin-categoria-es"],"yoast_head":"<!-- This site is optimized with the Yoast SEO plugin v25.5 - https:\/\/yoast.com\/wordpress\/plugins\/seo\/ -->\n<title>Acuerdo UE-Mercosur: ante la inminente firma, mas de 400 organizaciones dicen \u00a1NO! - henoi<\/title>\n<meta name=\"robots\" content=\"index, follow, max-snippet:-1, max-image-preview:large, max-video-preview:-1\" \/>\n<link rel=\"canonical\" href=\"https:\/\/henoi.org.py\/index.php\/2024\/12\/05\/acuerdo-ue-mercosur-ante-la-inminente-firma-mas-de-400-organizaciones-dice-no\/\" \/>\n<meta property=\"og:locale\" content=\"es_ES\" \/>\n<meta property=\"og:type\" content=\"article\" \/>\n<meta property=\"og:title\" content=\"Acuerdo UE-Mercosur: ante la inminente firma, mas de 400 organizaciones dicen \u00a1NO! - henoi\" \/>\n<meta property=\"og:description\" content=\"5\/12\/2023 Pronunciamiento \u00a1No m\u00e1s acuerdos comerciales t\u00f3xicos entre la UE y los pa\u00edses de Am\u00e9rica Latina! &#8211; \u00a1El acuerdo comercial entre la UE y Mercosur debe detenerse AHORA! Las organizaciones que suscribimos esta declaraci\u00f3n de Am\u00e9rica Latina y la Uni\u00f3n Europea, nos unimos en el rechazo del acuerdo de asociaci\u00f3n y comercio entre la UE y el Mercosur. Hacemos un llamado a los responsables pol\u00edticos de ambos lados del Atl\u00e1ntico para que finalmente detengan este acuerdo comercial t\u00f3xico. Negociado a puerta cerrada, este acuerdo carece de participaci\u00f3n p\u00fablica o escrutinio. Incluso el Defensor del Pueblo Europeo ha criticado la falta de transparencia de la Comisi\u00f3n Europea. Ahora, la Comisi\u00f3n est\u00e1 considerando cambiar el proceso de votaci\u00f3n a trav\u00e9s de&nbsp; la \u201cdivisi\u00f3n\u201d del acuerdo, lo que permitir\u00eda eludir los vetos de los pa\u00edses individuales. Cientos de organizaciones de la sociedad civil y parlamentarios han condenado esta maniobra como un ataque a los procesos democr\u00e1ticos. Peor a\u00fan, los grupos m\u00e1s afectados, como los trabajadores, los peque\u00f1os agricultores, las comunidades ind\u00edgenas y las mujeres, han sido excluidos de las negociaciones de este acuerdo, y, sin embargo, sufrir\u00e1n sus peores efectos. Un acuerdo t\u00f3xico para los pueblos y el planeta Este acuerdo agravar\u00e1 el intercambio desigual entre el Sur y el Norte Global, perpetuando las estructuras comerciales neocoloniales. Promueve modelos agr\u00edcolas destructivos que desplazan a peque\u00f1os\/as agricultores y comunidades ind\u00edgenas, al tiempo que impulsan las exportaciones de agroqu\u00edmicos t\u00f3xicos, incluido aquellos prohibidos en la UE. Estas pr\u00e1cticas agr\u00edcolas insostenibles, incluyendo la ganader\u00eda industrial, amenazan la soberan\u00eda alimentaria y el bienestar animal en ambas regiones. Los y las trabajadores\/as en los pa\u00edses del Mercosur sufrir\u00e1n la p\u00e9rdida de empleos y el empeoramiento de las condiciones laborales. Las mujeres perder\u00e1n a\u00fan m\u00e1s en este sentido, ya que tambi\u00e9n son las m\u00e1s afectadas por la privatizaci\u00f3n de los servicios p\u00fablicos promovida a trav\u00e9s de los tratados de libre comercio (TLC). Los estudios muestran que el acuerdo representa graves riesgos econ\u00f3micos, profundizando a\u00fan m\u00e1s la desigualdad e impidiendo el desarrollo sostenible y la (re) industrializaci\u00f3n en los pa\u00edses del Mercosur. El ambiente tambi\u00e9n sufrir\u00e1. Ning\u00fan anexo ambiental puede mitigar el da\u00f1o a largo plazo que causar\u00e1 este acuerdo; es un simple lavado verde. El acuerdo entre la UE y el Mercosur impulsar\u00e1 la deforestaci\u00f3n, agravar\u00e1 la crisis clim\u00e1tica y alejar\u00e1 a nuestras regiones de la justicia clim\u00e1tica. No m\u00e1s acuerdos con presidentes de extrema derecha que niegan la crisis clim\u00e1tica Este acuerdo se est\u00e1 negociando con gobiernos liderados por negacionistas de la crisis clim\u00e1tica en Argentina y Paraguay, mientras que los bosques v\u00edrgenes -como resultado de la deforestaci\u00f3n masiva para la agroindustria- arden, y Brasil sufre sequ\u00edas sin precedentes. En Argentina, el autoproclamado anarcocapitalista Javier Milei, quien es un miembro activo del movimiento global de extrema derecha, ha sumido al pa\u00eds en la miseria. La pobreza ha alcanzado niveles sin precedentes, y los derechos b\u00e1sicos est\u00e1n siendo aplastados. Las protestas por la justicia social son violentamente reprimidas, mientras que m\u00e1s del 60% de los ni\u00f1os argentinos pasan hambre y los servicios esenciales como la educaci\u00f3n y la salud est\u00e1n siendo desmantelados. La combinaci\u00f3n de las desastrosas pol\u00edticas de Milei y este acuerdo comercial obsoleto es una receta para el desastre. La geopol\u00edtica no se arregla con acuerdos comerciales neocoloniales Los\/as pol\u00edticos\/as que promueven este acuerdo para contrarrestar la influencia de China en la regi\u00f3n del Mercosur est\u00e1n atrapados en una ideolog\u00eda de libre comercio que prioriza las ganancias corporativas sobre los pueblos y el planeta. Fortalecer los lazos, si bien es innegablemente necesario, requiere solidaridad, igualdad, cooperaci\u00f3n, sostenibilidad y democracia, no profundizar las asimetr\u00edas comerciales. Esto es tambi\u00e9n cierto para la \u201cmodernizaci\u00f3n\u201d de los tratados de libre comercio entre la UE y M\u00e9xico, y la UE y Chile, ambos igualmente problem\u00e1ticos. La soluci\u00f3n es clara: Los responsables pol\u00edticos de ambos lados del Atl\u00e1ntico deben cumplir con sus compromisos en materia de derechos humanos, sociales, clim\u00e1ticos y ambientales y detener estas negociaciones comerciales t\u00f3xicas de inmediato. \u00a1Otro comercio es posible, basado en la solidaridad, la democracia, la cooperaci\u00f3n mutua y la igualdad! \u00a1Detengan el acuerdo UE-Mercosur AHORA! Firmantes:\" \/>\n<meta property=\"og:url\" content=\"https:\/\/henoi.org.py\/index.php\/2024\/12\/05\/acuerdo-ue-mercosur-ante-la-inminente-firma-mas-de-400-organizaciones-dice-no\/\" \/>\n<meta property=\"og:site_name\" content=\"henoi\" \/>\n<meta property=\"article:published_time\" content=\"2024-12-05T17:08:44+00:00\" \/>\n<meta property=\"article:modified_time\" content=\"2024-12-05T19:32:40+00:00\" \/>\n<meta property=\"og:image\" content=\"https:\/\/henoi.org.py\/wp-content\/uploads\/2024\/12\/12ded-paremos_mercosur_ue.png\" \/>\n\t<meta property=\"og:image:width\" content=\"751\" \/>\n\t<meta property=\"og:image:height\" content=\"407\" \/>\n\t<meta property=\"og:image:type\" content=\"image\/png\" \/>\n<meta name=\"author\" content=\"He\u00f1oi\" \/>\n<meta name=\"twitter:card\" content=\"summary_large_image\" \/>\n<meta name=\"twitter:label1\" content=\"Escrito por\" \/>\n\t<meta name=\"twitter:data1\" content=\"He\u00f1oi\" \/>\n\t<meta name=\"twitter:label2\" content=\"Tiempo de lectura\" \/>\n\t<meta name=\"twitter:data2\" content=\"15 minutos\" \/>\n<script type=\"application\/ld+json\" class=\"yoast-schema-graph\">{\"@context\":\"https:\/\/schema.org\",\"@graph\":[{\"@type\":\"WebPage\",\"@id\":\"https:\/\/henoi.org.py\/index.php\/2024\/12\/05\/acuerdo-ue-mercosur-ante-la-inminente-firma-mas-de-400-organizaciones-dice-no\/\",\"url\":\"https:\/\/henoi.org.py\/index.php\/2024\/12\/05\/acuerdo-ue-mercosur-ante-la-inminente-firma-mas-de-400-organizaciones-dice-no\/\",\"name\":\"Acuerdo UE-Mercosur: ante la inminente firma, mas de 400 organizaciones dicen \u00a1NO! - henoi\",\"isPartOf\":{\"@id\":\"https:\/\/henoi.org.py\/#website\"},\"primaryImageOfPage\":{\"@id\":\"https:\/\/henoi.org.py\/index.php\/2024\/12\/05\/acuerdo-ue-mercosur-ante-la-inminente-firma-mas-de-400-organizaciones-dice-no\/#primaryimage\"},\"image\":{\"@id\":\"https:\/\/henoi.org.py\/index.php\/2024\/12\/05\/acuerdo-ue-mercosur-ante-la-inminente-firma-mas-de-400-organizaciones-dice-no\/#primaryimage\"},\"thumbnailUrl\":\"https:\/\/henoi.org.py\/wp-content\/uploads\/2024\/12\/12ded-paremos_mercosur_ue.png\",\"datePublished\":\"2024-12-05T17:08:44+00:00\",\"dateModified\":\"2024-12-05T19:32:40+00:00\",\"author\":{\"@id\":\"https:\/\/henoi.org.py\/#\/schema\/person\/3366e0c9ecc69322037ce95a591b59d0\"},\"breadcrumb\":{\"@id\":\"https:\/\/henoi.org.py\/index.php\/2024\/12\/05\/acuerdo-ue-mercosur-ante-la-inminente-firma-mas-de-400-organizaciones-dice-no\/#breadcrumb\"},\"inLanguage\":\"es-AR\",\"potentialAction\":[{\"@type\":\"ReadAction\",\"target\":[\"https:\/\/henoi.org.py\/index.php\/2024\/12\/05\/acuerdo-ue-mercosur-ante-la-inminente-firma-mas-de-400-organizaciones-dice-no\/\"]}]},{\"@type\":\"ImageObject\",\"inLanguage\":\"es-AR\",\"@id\":\"https:\/\/henoi.org.py\/index.php\/2024\/12\/05\/acuerdo-ue-mercosur-ante-la-inminente-firma-mas-de-400-organizaciones-dice-no\/#primaryimage\",\"url\":\"https:\/\/henoi.org.py\/wp-content\/uploads\/2024\/12\/12ded-paremos_mercosur_ue.png\",\"contentUrl\":\"https:\/\/henoi.org.py\/wp-content\/uploads\/2024\/12\/12ded-paremos_mercosur_ue.png\",\"width\":751,\"height\":407},{\"@type\":\"BreadcrumbList\",\"@id\":\"https:\/\/henoi.org.py\/index.php\/2024\/12\/05\/acuerdo-ue-mercosur-ante-la-inminente-firma-mas-de-400-organizaciones-dice-no\/#breadcrumb\",\"itemListElement\":[{\"@type\":\"ListItem\",\"position\":1,\"name\":\"Inicio\",\"item\":\"https:\/\/henoi.org.py\/\"},{\"@type\":\"ListItem\",\"position\":2,\"name\":\"Acuerdo UE-Mercosur: ante la inminente firma, mas de 400 organizaciones dicen \u00a1NO!\"}]},{\"@type\":\"WebSite\",\"@id\":\"https:\/\/henoi.org.py\/#website\",\"url\":\"https:\/\/henoi.org.py\/\",\"name\":\"henoi\",\"description\":\"Centro de estudios\",\"potentialAction\":[{\"@type\":\"SearchAction\",\"target\":{\"@type\":\"EntryPoint\",\"urlTemplate\":\"https:\/\/henoi.org.py\/?s={search_term_string}\"},\"query-input\":{\"@type\":\"PropertyValueSpecification\",\"valueRequired\":true,\"valueName\":\"search_term_string\"}}],\"inLanguage\":\"es-AR\"},{\"@type\":\"Person\",\"@id\":\"https:\/\/henoi.org.py\/#\/schema\/person\/3366e0c9ecc69322037ce95a591b59d0\",\"name\":\"He\u00f1oi\",\"image\":{\"@type\":\"ImageObject\",\"inLanguage\":\"es-AR\",\"@id\":\"https:\/\/henoi.org.py\/#\/schema\/person\/image\/\",\"url\":\"https:\/\/secure.gravatar.com\/avatar\/f3a9e761a2eb9637cb5be1b4af2f2dc1a9d76284adc9af24924ba5bdffbdf35d?s=96&d=mm&r=g\",\"contentUrl\":\"https:\/\/secure.gravatar.com\/avatar\/f3a9e761a2eb9637cb5be1b4af2f2dc1a9d76284adc9af24924ba5bdffbdf35d?s=96&d=mm&r=g\",\"caption\":\"He\u00f1oi\"},\"url\":\"https:\/\/henoi.org.py\/index.php\/author\/sandino\/\"}]}<\/script>\n<!-- \/ Yoast SEO plugin. -->","yoast_head_json":{"title":"Acuerdo UE-Mercosur: ante la inminente firma, mas de 400 organizaciones dicen \u00a1NO! - henoi","robots":{"index":"index","follow":"follow","max-snippet":"max-snippet:-1","max-image-preview":"max-image-preview:large","max-video-preview":"max-video-preview:-1"},"canonical":"https:\/\/henoi.org.py\/index.php\/2024\/12\/05\/acuerdo-ue-mercosur-ante-la-inminente-firma-mas-de-400-organizaciones-dice-no\/","og_locale":"es_ES","og_type":"article","og_title":"Acuerdo UE-Mercosur: ante la inminente firma, mas de 400 organizaciones dicen \u00a1NO! - henoi","og_description":"5\/12\/2023 Pronunciamiento \u00a1No m\u00e1s acuerdos comerciales t\u00f3xicos entre la UE y los pa\u00edses de Am\u00e9rica Latina! &#8211; \u00a1El acuerdo comercial entre la UE y Mercosur debe detenerse AHORA! Las organizaciones que suscribimos esta declaraci\u00f3n de Am\u00e9rica Latina y la Uni\u00f3n Europea, nos unimos en el rechazo del acuerdo de asociaci\u00f3n y comercio entre la UE y el Mercosur. Hacemos un llamado a los responsables pol\u00edticos de ambos lados del Atl\u00e1ntico para que finalmente detengan este acuerdo comercial t\u00f3xico. Negociado a puerta cerrada, este acuerdo carece de participaci\u00f3n p\u00fablica o escrutinio. Incluso el Defensor del Pueblo Europeo ha criticado la falta de transparencia de la Comisi\u00f3n Europea. Ahora, la Comisi\u00f3n est\u00e1 considerando cambiar el proceso de votaci\u00f3n a trav\u00e9s de&nbsp; la \u201cdivisi\u00f3n\u201d del acuerdo, lo que permitir\u00eda eludir los vetos de los pa\u00edses individuales. Cientos de organizaciones de la sociedad civil y parlamentarios han condenado esta maniobra como un ataque a los procesos democr\u00e1ticos. Peor a\u00fan, los grupos m\u00e1s afectados, como los trabajadores, los peque\u00f1os agricultores, las comunidades ind\u00edgenas y las mujeres, han sido excluidos de las negociaciones de este acuerdo, y, sin embargo, sufrir\u00e1n sus peores efectos. Un acuerdo t\u00f3xico para los pueblos y el planeta Este acuerdo agravar\u00e1 el intercambio desigual entre el Sur y el Norte Global, perpetuando las estructuras comerciales neocoloniales. Promueve modelos agr\u00edcolas destructivos que desplazan a peque\u00f1os\/as agricultores y comunidades ind\u00edgenas, al tiempo que impulsan las exportaciones de agroqu\u00edmicos t\u00f3xicos, incluido aquellos prohibidos en la UE. Estas pr\u00e1cticas agr\u00edcolas insostenibles, incluyendo la ganader\u00eda industrial, amenazan la soberan\u00eda alimentaria y el bienestar animal en ambas regiones. Los y las trabajadores\/as en los pa\u00edses del Mercosur sufrir\u00e1n la p\u00e9rdida de empleos y el empeoramiento de las condiciones laborales. Las mujeres perder\u00e1n a\u00fan m\u00e1s en este sentido, ya que tambi\u00e9n son las m\u00e1s afectadas por la privatizaci\u00f3n de los servicios p\u00fablicos promovida a trav\u00e9s de los tratados de libre comercio (TLC). Los estudios muestran que el acuerdo representa graves riesgos econ\u00f3micos, profundizando a\u00fan m\u00e1s la desigualdad e impidiendo el desarrollo sostenible y la (re) industrializaci\u00f3n en los pa\u00edses del Mercosur. El ambiente tambi\u00e9n sufrir\u00e1. Ning\u00fan anexo ambiental puede mitigar el da\u00f1o a largo plazo que causar\u00e1 este acuerdo; es un simple lavado verde. El acuerdo entre la UE y el Mercosur impulsar\u00e1 la deforestaci\u00f3n, agravar\u00e1 la crisis clim\u00e1tica y alejar\u00e1 a nuestras regiones de la justicia clim\u00e1tica. No m\u00e1s acuerdos con presidentes de extrema derecha que niegan la crisis clim\u00e1tica Este acuerdo se est\u00e1 negociando con gobiernos liderados por negacionistas de la crisis clim\u00e1tica en Argentina y Paraguay, mientras que los bosques v\u00edrgenes -como resultado de la deforestaci\u00f3n masiva para la agroindustria- arden, y Brasil sufre sequ\u00edas sin precedentes. En Argentina, el autoproclamado anarcocapitalista Javier Milei, quien es un miembro activo del movimiento global de extrema derecha, ha sumido al pa\u00eds en la miseria. La pobreza ha alcanzado niveles sin precedentes, y los derechos b\u00e1sicos est\u00e1n siendo aplastados. Las protestas por la justicia social son violentamente reprimidas, mientras que m\u00e1s del 60% de los ni\u00f1os argentinos pasan hambre y los servicios esenciales como la educaci\u00f3n y la salud est\u00e1n siendo desmantelados. La combinaci\u00f3n de las desastrosas pol\u00edticas de Milei y este acuerdo comercial obsoleto es una receta para el desastre. La geopol\u00edtica no se arregla con acuerdos comerciales neocoloniales Los\/as pol\u00edticos\/as que promueven este acuerdo para contrarrestar la influencia de China en la regi\u00f3n del Mercosur est\u00e1n atrapados en una ideolog\u00eda de libre comercio que prioriza las ganancias corporativas sobre los pueblos y el planeta. Fortalecer los lazos, si bien es innegablemente necesario, requiere solidaridad, igualdad, cooperaci\u00f3n, sostenibilidad y democracia, no profundizar las asimetr\u00edas comerciales. Esto es tambi\u00e9n cierto para la \u201cmodernizaci\u00f3n\u201d de los tratados de libre comercio entre la UE y M\u00e9xico, y la UE y Chile, ambos igualmente problem\u00e1ticos. La soluci\u00f3n es clara: Los responsables pol\u00edticos de ambos lados del Atl\u00e1ntico deben cumplir con sus compromisos en materia de derechos humanos, sociales, clim\u00e1ticos y ambientales y detener estas negociaciones comerciales t\u00f3xicas de inmediato. \u00a1Otro comercio es posible, basado en la solidaridad, la democracia, la cooperaci\u00f3n mutua y la igualdad! \u00a1Detengan el acuerdo UE-Mercosur AHORA! Firmantes:","og_url":"https:\/\/henoi.org.py\/index.php\/2024\/12\/05\/acuerdo-ue-mercosur-ante-la-inminente-firma-mas-de-400-organizaciones-dice-no\/","og_site_name":"henoi","article_published_time":"2024-12-05T17:08:44+00:00","article_modified_time":"2024-12-05T19:32:40+00:00","og_image":[{"width":751,"height":407,"url":"https:\/\/henoi.org.py\/wp-content\/uploads\/2024\/12\/12ded-paremos_mercosur_ue.png","type":"image\/png"}],"author":"He\u00f1oi","twitter_card":"summary_large_image","twitter_misc":{"Escrito por":"He\u00f1oi","Tiempo de lectura":"15 minutos"},"schema":{"@context":"https:\/\/schema.org","@graph":[{"@type":"WebPage","@id":"https:\/\/henoi.org.py\/index.php\/2024\/12\/05\/acuerdo-ue-mercosur-ante-la-inminente-firma-mas-de-400-organizaciones-dice-no\/","url":"https:\/\/henoi.org.py\/index.php\/2024\/12\/05\/acuerdo-ue-mercosur-ante-la-inminente-firma-mas-de-400-organizaciones-dice-no\/","name":"Acuerdo UE-Mercosur: ante la inminente firma, mas de 400 organizaciones dicen \u00a1NO! - henoi","isPartOf":{"@id":"https:\/\/henoi.org.py\/#website"},"primaryImageOfPage":{"@id":"https:\/\/henoi.org.py\/index.php\/2024\/12\/05\/acuerdo-ue-mercosur-ante-la-inminente-firma-mas-de-400-organizaciones-dice-no\/#primaryimage"},"image":{"@id":"https:\/\/henoi.org.py\/index.php\/2024\/12\/05\/acuerdo-ue-mercosur-ante-la-inminente-firma-mas-de-400-organizaciones-dice-no\/#primaryimage"},"thumbnailUrl":"https:\/\/henoi.org.py\/wp-content\/uploads\/2024\/12\/12ded-paremos_mercosur_ue.png","datePublished":"2024-12-05T17:08:44+00:00","dateModified":"2024-12-05T19:32:40+00:00","author":{"@id":"https:\/\/henoi.org.py\/#\/schema\/person\/3366e0c9ecc69322037ce95a591b59d0"},"breadcrumb":{"@id":"https:\/\/henoi.org.py\/index.php\/2024\/12\/05\/acuerdo-ue-mercosur-ante-la-inminente-firma-mas-de-400-organizaciones-dice-no\/#breadcrumb"},"inLanguage":"es-AR","potentialAction":[{"@type":"ReadAction","target":["https:\/\/henoi.org.py\/index.php\/2024\/12\/05\/acuerdo-ue-mercosur-ante-la-inminente-firma-mas-de-400-organizaciones-dice-no\/"]}]},{"@type":"ImageObject","inLanguage":"es-AR","@id":"https:\/\/henoi.org.py\/index.php\/2024\/12\/05\/acuerdo-ue-mercosur-ante-la-inminente-firma-mas-de-400-organizaciones-dice-no\/#primaryimage","url":"https:\/\/henoi.org.py\/wp-content\/uploads\/2024\/12\/12ded-paremos_mercosur_ue.png","contentUrl":"https:\/\/henoi.org.py\/wp-content\/uploads\/2024\/12\/12ded-paremos_mercosur_ue.png","width":751,"height":407},{"@type":"BreadcrumbList","@id":"https:\/\/henoi.org.py\/index.php\/2024\/12\/05\/acuerdo-ue-mercosur-ante-la-inminente-firma-mas-de-400-organizaciones-dice-no\/#breadcrumb","itemListElement":[{"@type":"ListItem","position":1,"name":"Inicio","item":"https:\/\/henoi.org.py\/"},{"@type":"ListItem","position":2,"name":"Acuerdo UE-Mercosur: ante la inminente firma, mas de 400 organizaciones dicen \u00a1NO!"}]},{"@type":"WebSite","@id":"https:\/\/henoi.org.py\/#website","url":"https:\/\/henoi.org.py\/","name":"henoi","description":"Centro de estudios","potentialAction":[{"@type":"SearchAction","target":{"@type":"EntryPoint","urlTemplate":"https:\/\/henoi.org.py\/?s={search_term_string}"},"query-input":{"@type":"PropertyValueSpecification","valueRequired":true,"valueName":"search_term_string"}}],"inLanguage":"es-AR"},{"@type":"Person","@id":"https:\/\/henoi.org.py\/#\/schema\/person\/3366e0c9ecc69322037ce95a591b59d0","name":"He\u00f1oi","image":{"@type":"ImageObject","inLanguage":"es-AR","@id":"https:\/\/henoi.org.py\/#\/schema\/person\/image\/","url":"https:\/\/secure.gravatar.com\/avatar\/f3a9e761a2eb9637cb5be1b4af2f2dc1a9d76284adc9af24924ba5bdffbdf35d?s=96&d=mm&r=g","contentUrl":"https:\/\/secure.gravatar.com\/avatar\/f3a9e761a2eb9637cb5be1b4af2f2dc1a9d76284adc9af24924ba5bdffbdf35d?s=96&d=mm&r=g","caption":"He\u00f1oi"},"url":"https:\/\/henoi.org.py\/index.php\/author\/sandino\/"}]}},"_links":{"self":[{"href":"https:\/\/henoi.org.py\/index.php\/wp-json\/wp\/v2\/posts\/5266","targetHints":{"allow":["GET"]}}],"collection":[{"href":"https:\/\/henoi.org.py\/index.php\/wp-json\/wp\/v2\/posts"}],"about":[{"href":"https:\/\/henoi.org.py\/index.php\/wp-json\/wp\/v2\/types\/post"}],"author":[{"embeddable":true,"href":"https:\/\/henoi.org.py\/index.php\/wp-json\/wp\/v2\/users\/3"}],"replies":[{"embeddable":true,"href":"https:\/\/henoi.org.py\/index.php\/wp-json\/wp\/v2\/comments?post=5266"}],"version-history":[{"count":3,"href":"https:\/\/henoi.org.py\/index.php\/wp-json\/wp\/v2\/posts\/5266\/revisions"}],"predecessor-version":[{"id":5274,"href":"https:\/\/henoi.org.py\/index.php\/wp-json\/wp\/v2\/posts\/5266\/revisions\/5274"}],"wp:featuredmedia":[{"embeddable":true,"href":"https:\/\/henoi.org.py\/index.php\/wp-json\/wp\/v2\/media\/5268"}],"wp:attachment":[{"href":"https:\/\/henoi.org.py\/index.php\/wp-json\/wp\/v2\/media?parent=5266"}],"wp:term":[{"taxonomy":"category","embeddable":true,"href":"https:\/\/henoi.org.py\/index.php\/wp-json\/wp\/v2\/categories?post=5266"},{"taxonomy":"post_tag","embeddable":true,"href":"https:\/\/henoi.org.py\/index.php\/wp-json\/wp\/v2\/tags?post=5266"}],"curies":[{"name":"wp","href":"https:\/\/api.w.org\/{rel}","templated":true}]}}