{"id":5261,"date":"2024-11-25T12:05:37","date_gmt":"2024-11-25T15:05:37","guid":{"rendered":"https:\/\/henoi.org.py\/?p=5261"},"modified":"2024-11-25T12:05:38","modified_gmt":"2024-11-25T15:05:38","slug":"integracion-no-subordinada-ante-la-ofensiva-del-capital","status":"publish","type":"post","link":"https:\/\/henoi.org.py\/index.php\/2024\/11\/25\/integracion-no-subordinada-ante-la-ofensiva-del-capital\/","title":{"rendered":"Integraci\u00f3n no subordinada ante la ofensiva del capital"},"content":{"rendered":"\n<p><strong>Por Julio C. Gambina<\/strong><sup>1<\/sup><\/p>\n\n\n\n<figure class=\"wp-block-image size-large\"><img fetchpriority=\"high\" decoding=\"async\" width=\"1024\" height=\"682\" src=\"https:\/\/henoi.org.py\/wp-content\/uploads\/2024\/11\/DFSFDFG-1024x682.jpg\" alt=\"\" class=\"wp-image-5262\" srcset=\"https:\/\/henoi.org.py\/wp-content\/uploads\/2024\/11\/DFSFDFG-1024x682.jpg 1024w, https:\/\/henoi.org.py\/wp-content\/uploads\/2024\/11\/DFSFDFG-300x200.jpg 300w, https:\/\/henoi.org.py\/wp-content\/uploads\/2024\/11\/DFSFDFG-768x512.jpg 768w, https:\/\/henoi.org.py\/wp-content\/uploads\/2024\/11\/DFSFDFG.jpg 1280w\" sizes=\"(max-width: 1024px) 100vw, 1024px\" \/><figcaption class=\"wp-element-caption\"><sup>Plenaria central de la Jornada de Integraci\u00f3n de los Pueblos llevada a cabo en febrero del 2024 en Foz de Iguaz\u00fa &#8211; Brasil. Foto: Gentileza<\/sup><\/figcaption><\/figure>\n\n\n\n<p>La ofensiva del capital global empuja procesos de integraci\u00f3n subordinada, caso de las renovadas iniciativas por suscribir un acuerdo entre la Uni\u00f3n Europea y el Mercosur. As\u00ed como hace dos d\u00e9cadas se rechaz\u00f3 con lucha popular el Acuerdo de Libre Comercio de las Am\u00e9ricas, ALCA, propiciado por EEUU y la clase dominante de la regi\u00f3n, excepto Cuba, los pueblos de Latinoam\u00e9rica y el Caribe empujan, a pesar de la ofensiva capitalista de las derechas en variados gobiernos de la regi\u00f3n, un proceso de lucha y esclarecimiento sobre estos estatutos de la dependencia.<\/p>\n\n\n\n<p>No solo se trata de frenar el \u201clibre comercio\u201d en tiempos de internacionalizaci\u00f3n de la producci\u00f3n y transnacionalizaci\u00f3n del capital, que contribuyen a una mayor explotaci\u00f3n de la fuerza de trabajo en la regi\u00f3n y al saqueo de nuestros bienes comunes, demandados por la dominaci\u00f3n capitalista para sus negocios de \u00e9poca, sino tambi\u00e9n para obstaculizar la din\u00e1mica que impondr\u00e1 la gesti\u00f3n Trump a la econom\u00eda estadounidense y mundial. En efecto, la pol\u00edtica \u201cMake America Great Again\u201d, MAGA, supone cambios relativos en las paridades monetarias a favor del d\u00f3lar estadounidense y con ello, subas de precios en el \u00e1mbito mundial, lo que ya se vislumbra con procesos devaluatorios en la mayor\u00eda de los pa\u00edses.&nbsp;<\/p>\n\n\n\n<p>La inflaci\u00f3n verificada luego de la crisis 2007\/09, acelerada en tiempos de pandemia, resulta manifestaci\u00f3n de la disputa del excedente econ\u00f3mico por el poder concentrado en el \u00e1mbito global. Por ello, Nuestram\u00e9rica necesita un rumbo propio, aut\u00f3nomo en contra de la estrategia del capital.&nbsp;<\/p>\n\n\n\n<p>Resulta insuficiente el NO a la integraci\u00f3n subordinada, tanto con EEUU, como con Europa. Hace falta retomar la agenda del SI de la primera d\u00e9cada del siglo XXI, que remite a una articulaci\u00f3n productiva de la regi\u00f3n orientada a satisfacer las necesidades de su poblaci\u00f3n, especialmente los sectores m\u00e1s empobrecidos por la larga historia de explotaci\u00f3n y saqueo del r\u00e9gimen del capital. Ello supone el avance de una integraci\u00f3n no subordinada sobre la base de una nueva arquitectura financiera que frene la din\u00e1mica de producci\u00f3n y fuga de plusvalor, lo que requiere organizar la producci\u00f3n y circulaci\u00f3n de bienes y servicios asentados en su destino en el USO y no en el CAMBIO, elementos esenciales de la din\u00e1mica de acumulaci\u00f3n capitalista.&nbsp;<\/p>\n\n\n\n<figure class=\"wp-block-image size-large\"><img decoding=\"async\" width=\"1024\" height=\"683\" src=\"https:\/\/henoi.org.py\/wp-content\/uploads\/2024\/11\/58f20f0e-ed5b-4c18-8c8a-d1c6a36cb73f-1024x683.jpg\" alt=\"\" class=\"wp-image-5263\" srcset=\"https:\/\/henoi.org.py\/wp-content\/uploads\/2024\/11\/58f20f0e-ed5b-4c18-8c8a-d1c6a36cb73f-1024x683.jpg 1024w, https:\/\/henoi.org.py\/wp-content\/uploads\/2024\/11\/58f20f0e-ed5b-4c18-8c8a-d1c6a36cb73f-300x200.jpg 300w, https:\/\/henoi.org.py\/wp-content\/uploads\/2024\/11\/58f20f0e-ed5b-4c18-8c8a-d1c6a36cb73f-768x512.jpg 768w\" sizes=\"(max-width: 1024px) 100vw, 1024px\" \/><figcaption class=\"wp-element-caption\"><sup>Militante Ind\u00edgena de la Organizaci\u00f3n Nacional de Abor\u00edgenes Independientes (ONAI) de Paraguay durante una marcha anual campesina e ind\u00edgena.   <\/sup><\/figcaption><\/figure>\n\n\n\n<p>Los \u201cacuerdos de libre comercio\u201d y la institucionalidad de liberalizaci\u00f3n que el \u201ccapital\u201d impulsa en \u201ctratados bilaterales o multilaterales de inversi\u00f3n\u201d, desde hace medio siglo, son instrumentos esenciales para la reproducci\u00f3n ampliada de la dominaci\u00f3n de la burgues\u00eda concentrada en el \u00e1mbito mundial.<\/p>\n\n\n\n<p>Nuestros pueblos en Am\u00e9rica Latina y el caribe requieren recrear el proyecto de liberaci\u00f3n e independencia sustentado por las revoluciones de Hait\u00ed en 1804 y la din\u00e1mica por la \u201cpatria grande\u201d de la propuesta de los libertadores; y m\u00e1s a\u00fan, las experiencias de las revoluciones por el socialismo en Cuba en 1959, o en Nicaragua en 1979. Esta l\u00f3gica anticapitalista fue confrontada con una fort\u00edsima ofensiva reaccionaria sustentada, en estos a\u00f1os, en el terrorismo de Estado y la propuesta de apertura y liberalizaci\u00f3n econ\u00f3mica que reivindican las derechas ante la crisis capitalista.&nbsp;<\/p>\n\n\n\n<p>El desaf\u00edo est\u00e1 m\u00e1s all\u00e1 del NO a la estrategia del poder, lo que requiere un accionar deliberado y consciente por una estrategia de poder popular para la construcci\u00f3n de una sociedad sin explotaci\u00f3n ni saqueo para el vivir bien de los pueblos, sin discriminaci\u00f3n ni racismo de ning\u00fan tipo y en defensa de la vida social y la naturaleza.<\/p>\n\n\n\n<p>___________<\/p>\n\n\n\n<p><sup>1<\/sup>\u00a0Doctor en Ciencias Sociales de la UBA. Profesor de Econom\u00eda Pol\u00edtica. Directivo de la Sociedad Latinoamericana de Econom\u00eda Pol\u00edtica y Pensamiento Cr\u00edtico, SEPLA.<\/p>\n\n\n\n<p><\/p>\n","protected":false},"excerpt":{"rendered":"<p>Por Julio C. Gambina1 La ofensiva del capital global empuja procesos de integraci\u00f3n subordinada, caso de las renovadas iniciativas por suscribir un acuerdo entre la Uni\u00f3n Europea y el Mercosur. As\u00ed como hace dos d\u00e9cadas se rechaz\u00f3 con lucha popular el Acuerdo de Libre Comercio de las Am\u00e9ricas, ALCA, propiciado por EEUU y la clase dominante de la regi\u00f3n, excepto Cuba, los pueblos de Latinoam\u00e9rica y el Caribe empujan, a pesar de la ofensiva capitalista de las derechas en variados gobiernos de la regi\u00f3n, un proceso de lucha y esclarecimiento sobre estos estatutos de la dependencia. No solo se trata de frenar el \u201clibre comercio\u201d en tiempos de internacionalizaci\u00f3n de la producci\u00f3n y transnacionalizaci\u00f3n del capital, que contribuyen a una mayor explotaci\u00f3n de la fuerza de trabajo en la regi\u00f3n y al saqueo de nuestros bienes comunes, demandados por la dominaci\u00f3n capitalista para sus negocios de \u00e9poca, sino tambi\u00e9n para obstaculizar la din\u00e1mica que impondr\u00e1 la gesti\u00f3n Trump a la econom\u00eda estadounidense y mundial. En efecto, la pol\u00edtica \u201cMake America Great Again\u201d, MAGA, supone cambios relativos en las paridades monetarias a favor del d\u00f3lar estadounidense y con ello, subas de precios en el \u00e1mbito mundial, lo que ya se vislumbra con procesos devaluatorios en la mayor\u00eda de los pa\u00edses.&nbsp; La inflaci\u00f3n verificada luego de la crisis 2007\/09, acelerada en tiempos de pandemia, resulta manifestaci\u00f3n de la disputa del excedente econ\u00f3mico por el poder concentrado en el \u00e1mbito global. Por ello, Nuestram\u00e9rica necesita un rumbo propio, aut\u00f3nomo en contra de la estrategia del capital.&nbsp; Resulta insuficiente el NO a la integraci\u00f3n subordinada, tanto con EEUU, como con Europa. Hace falta retomar la agenda del SI de la primera d\u00e9cada del siglo XXI, que remite a una articulaci\u00f3n productiva de la regi\u00f3n orientada a satisfacer las necesidades de su poblaci\u00f3n, especialmente los sectores m\u00e1s empobrecidos por la larga historia de explotaci\u00f3n y saqueo del r\u00e9gimen del capital. Ello supone el avance de una integraci\u00f3n no subordinada sobre la base de una nueva arquitectura financiera que frene la din\u00e1mica de producci\u00f3n y fuga de plusvalor, lo que requiere organizar la producci\u00f3n y circulaci\u00f3n de bienes y servicios asentados en su destino en el USO y no en el CAMBIO, elementos esenciales de la din\u00e1mica de acumulaci\u00f3n capitalista.&nbsp; Los \u201cacuerdos de libre comercio\u201d y la institucionalidad de liberalizaci\u00f3n que el \u201ccapital\u201d impulsa en \u201ctratados bilaterales o multilaterales de inversi\u00f3n\u201d, desde hace medio siglo, son instrumentos esenciales para la reproducci\u00f3n ampliada de la dominaci\u00f3n de la burgues\u00eda concentrada en el \u00e1mbito mundial. Nuestros pueblos en Am\u00e9rica Latina y el caribe requieren recrear el proyecto de liberaci\u00f3n e independencia sustentado por las revoluciones de Hait\u00ed en 1804 y la din\u00e1mica por la \u201cpatria grande\u201d de la propuesta de los libertadores; y m\u00e1s a\u00fan, las experiencias de las revoluciones por el socialismo en Cuba en 1959, o en Nicaragua en 1979. Esta l\u00f3gica anticapitalista fue confrontada con una fort\u00edsima ofensiva reaccionaria sustentada, en estos a\u00f1os, en el terrorismo de Estado y la propuesta de apertura y liberalizaci\u00f3n econ\u00f3mica que reivindican las derechas ante la crisis capitalista.&nbsp; El desaf\u00edo est\u00e1 m\u00e1s all\u00e1 del NO a la estrategia del poder, lo que requiere un accionar deliberado y consciente por una estrategia de poder popular para la construcci\u00f3n de una sociedad sin explotaci\u00f3n ni saqueo para el vivir bien de los pueblos, sin discriminaci\u00f3n ni racismo de ning\u00fan tipo y en defensa de la vida social y la naturaleza. ___________ 1\u00a0Doctor en Ciencias Sociales de la UBA. Profesor de Econom\u00eda Pol\u00edtica. Directivo de la Sociedad Latinoamericana de Econom\u00eda Pol\u00edtica y Pensamiento Cr\u00edtico, SEPLA.<\/p>\n","protected":false},"author":3,"featured_media":5262,"comment_status":"open","ping_status":"open","sticky":false,"template":"","format":"standard","meta":{"footnotes":""},"categories":[71,299,5],"tags":[],"class_list":["post-5261","post","type-post","status-publish","format-standard","has-post-thumbnail","hentry","category-opinion","category-paraguay-libre-de-comercio","category-publicaciones"],"yoast_head":"<!-- This site is optimized with the Yoast SEO plugin v25.5 - https:\/\/yoast.com\/wordpress\/plugins\/seo\/ -->\n<title>Integraci\u00f3n no subordinada ante la ofensiva del capital - henoi<\/title>\n<meta name=\"robots\" content=\"index, follow, max-snippet:-1, max-image-preview:large, max-video-preview:-1\" \/>\n<link rel=\"canonical\" href=\"https:\/\/henoi.org.py\/index.php\/2024\/11\/25\/integracion-no-subordinada-ante-la-ofensiva-del-capital\/\" \/>\n<meta property=\"og:locale\" content=\"es_ES\" \/>\n<meta property=\"og:type\" content=\"article\" \/>\n<meta property=\"og:title\" content=\"Integraci\u00f3n no subordinada ante la ofensiva del capital - henoi\" \/>\n<meta property=\"og:description\" content=\"Por Julio C. Gambina1 La ofensiva del capital global empuja procesos de integraci\u00f3n subordinada, caso de las renovadas iniciativas por suscribir un acuerdo entre la Uni\u00f3n Europea y el Mercosur. As\u00ed como hace dos d\u00e9cadas se rechaz\u00f3 con lucha popular el Acuerdo de Libre Comercio de las Am\u00e9ricas, ALCA, propiciado por EEUU y la clase dominante de la regi\u00f3n, excepto Cuba, los pueblos de Latinoam\u00e9rica y el Caribe empujan, a pesar de la ofensiva capitalista de las derechas en variados gobiernos de la regi\u00f3n, un proceso de lucha y esclarecimiento sobre estos estatutos de la dependencia. No solo se trata de frenar el \u201clibre comercio\u201d en tiempos de internacionalizaci\u00f3n de la producci\u00f3n y transnacionalizaci\u00f3n del capital, que contribuyen a una mayor explotaci\u00f3n de la fuerza de trabajo en la regi\u00f3n y al saqueo de nuestros bienes comunes, demandados por la dominaci\u00f3n capitalista para sus negocios de \u00e9poca, sino tambi\u00e9n para obstaculizar la din\u00e1mica que impondr\u00e1 la gesti\u00f3n Trump a la econom\u00eda estadounidense y mundial. En efecto, la pol\u00edtica \u201cMake America Great Again\u201d, MAGA, supone cambios relativos en las paridades monetarias a favor del d\u00f3lar estadounidense y con ello, subas de precios en el \u00e1mbito mundial, lo que ya se vislumbra con procesos devaluatorios en la mayor\u00eda de los pa\u00edses.&nbsp; La inflaci\u00f3n verificada luego de la crisis 2007\/09, acelerada en tiempos de pandemia, resulta manifestaci\u00f3n de la disputa del excedente econ\u00f3mico por el poder concentrado en el \u00e1mbito global. Por ello, Nuestram\u00e9rica necesita un rumbo propio, aut\u00f3nomo en contra de la estrategia del capital.&nbsp; Resulta insuficiente el NO a la integraci\u00f3n subordinada, tanto con EEUU, como con Europa. Hace falta retomar la agenda del SI de la primera d\u00e9cada del siglo XXI, que remite a una articulaci\u00f3n productiva de la regi\u00f3n orientada a satisfacer las necesidades de su poblaci\u00f3n, especialmente los sectores m\u00e1s empobrecidos por la larga historia de explotaci\u00f3n y saqueo del r\u00e9gimen del capital. Ello supone el avance de una integraci\u00f3n no subordinada sobre la base de una nueva arquitectura financiera que frene la din\u00e1mica de producci\u00f3n y fuga de plusvalor, lo que requiere organizar la producci\u00f3n y circulaci\u00f3n de bienes y servicios asentados en su destino en el USO y no en el CAMBIO, elementos esenciales de la din\u00e1mica de acumulaci\u00f3n capitalista.&nbsp; Los \u201cacuerdos de libre comercio\u201d y la institucionalidad de liberalizaci\u00f3n que el \u201ccapital\u201d impulsa en \u201ctratados bilaterales o multilaterales de inversi\u00f3n\u201d, desde hace medio siglo, son instrumentos esenciales para la reproducci\u00f3n ampliada de la dominaci\u00f3n de la burgues\u00eda concentrada en el \u00e1mbito mundial. Nuestros pueblos en Am\u00e9rica Latina y el caribe requieren recrear el proyecto de liberaci\u00f3n e independencia sustentado por las revoluciones de Hait\u00ed en 1804 y la din\u00e1mica por la \u201cpatria grande\u201d de la propuesta de los libertadores; y m\u00e1s a\u00fan, las experiencias de las revoluciones por el socialismo en Cuba en 1959, o en Nicaragua en 1979. Esta l\u00f3gica anticapitalista fue confrontada con una fort\u00edsima ofensiva reaccionaria sustentada, en estos a\u00f1os, en el terrorismo de Estado y la propuesta de apertura y liberalizaci\u00f3n econ\u00f3mica que reivindican las derechas ante la crisis capitalista.&nbsp; El desaf\u00edo est\u00e1 m\u00e1s all\u00e1 del NO a la estrategia del poder, lo que requiere un accionar deliberado y consciente por una estrategia de poder popular para la construcci\u00f3n de una sociedad sin explotaci\u00f3n ni saqueo para el vivir bien de los pueblos, sin discriminaci\u00f3n ni racismo de ning\u00fan tipo y en defensa de la vida social y la naturaleza. ___________ 1\u00a0Doctor en Ciencias Sociales de la UBA. Profesor de Econom\u00eda Pol\u00edtica. Directivo de la Sociedad Latinoamericana de Econom\u00eda Pol\u00edtica y Pensamiento Cr\u00edtico, SEPLA.\" \/>\n<meta property=\"og:url\" content=\"https:\/\/henoi.org.py\/index.php\/2024\/11\/25\/integracion-no-subordinada-ante-la-ofensiva-del-capital\/\" \/>\n<meta property=\"og:site_name\" content=\"henoi\" \/>\n<meta property=\"article:published_time\" content=\"2024-11-25T15:05:37+00:00\" \/>\n<meta property=\"article:modified_time\" content=\"2024-11-25T15:05:38+00:00\" \/>\n<meta property=\"og:image\" content=\"https:\/\/henoi.org.py\/wp-content\/uploads\/2024\/11\/DFSFDFG.jpg\" \/>\n\t<meta property=\"og:image:width\" content=\"1280\" \/>\n\t<meta property=\"og:image:height\" content=\"853\" \/>\n\t<meta property=\"og:image:type\" content=\"image\/jpeg\" \/>\n<meta name=\"author\" content=\"He\u00f1oi\" \/>\n<meta name=\"twitter:card\" content=\"summary_large_image\" \/>\n<meta name=\"twitter:label1\" content=\"Escrito por\" \/>\n\t<meta name=\"twitter:data1\" content=\"He\u00f1oi\" \/>\n\t<meta name=\"twitter:label2\" content=\"Tiempo de lectura\" \/>\n\t<meta name=\"twitter:data2\" content=\"4 minutos\" \/>\n<script type=\"application\/ld+json\" class=\"yoast-schema-graph\">{\"@context\":\"https:\/\/schema.org\",\"@graph\":[{\"@type\":\"WebPage\",\"@id\":\"https:\/\/henoi.org.py\/index.php\/2024\/11\/25\/integracion-no-subordinada-ante-la-ofensiva-del-capital\/\",\"url\":\"https:\/\/henoi.org.py\/index.php\/2024\/11\/25\/integracion-no-subordinada-ante-la-ofensiva-del-capital\/\",\"name\":\"Integraci\u00f3n no subordinada ante la ofensiva del capital - henoi\",\"isPartOf\":{\"@id\":\"https:\/\/henoi.org.py\/#website\"},\"primaryImageOfPage\":{\"@id\":\"https:\/\/henoi.org.py\/index.php\/2024\/11\/25\/integracion-no-subordinada-ante-la-ofensiva-del-capital\/#primaryimage\"},\"image\":{\"@id\":\"https:\/\/henoi.org.py\/index.php\/2024\/11\/25\/integracion-no-subordinada-ante-la-ofensiva-del-capital\/#primaryimage\"},\"thumbnailUrl\":\"https:\/\/henoi.org.py\/wp-content\/uploads\/2024\/11\/DFSFDFG.jpg\",\"datePublished\":\"2024-11-25T15:05:37+00:00\",\"dateModified\":\"2024-11-25T15:05:38+00:00\",\"author\":{\"@id\":\"https:\/\/henoi.org.py\/#\/schema\/person\/3366e0c9ecc69322037ce95a591b59d0\"},\"breadcrumb\":{\"@id\":\"https:\/\/henoi.org.py\/index.php\/2024\/11\/25\/integracion-no-subordinada-ante-la-ofensiva-del-capital\/#breadcrumb\"},\"inLanguage\":\"es-AR\",\"potentialAction\":[{\"@type\":\"ReadAction\",\"target\":[\"https:\/\/henoi.org.py\/index.php\/2024\/11\/25\/integracion-no-subordinada-ante-la-ofensiva-del-capital\/\"]}]},{\"@type\":\"ImageObject\",\"inLanguage\":\"es-AR\",\"@id\":\"https:\/\/henoi.org.py\/index.php\/2024\/11\/25\/integracion-no-subordinada-ante-la-ofensiva-del-capital\/#primaryimage\",\"url\":\"https:\/\/henoi.org.py\/wp-content\/uploads\/2024\/11\/DFSFDFG.jpg\",\"contentUrl\":\"https:\/\/henoi.org.py\/wp-content\/uploads\/2024\/11\/DFSFDFG.jpg\",\"width\":1280,\"height\":853},{\"@type\":\"BreadcrumbList\",\"@id\":\"https:\/\/henoi.org.py\/index.php\/2024\/11\/25\/integracion-no-subordinada-ante-la-ofensiva-del-capital\/#breadcrumb\",\"itemListElement\":[{\"@type\":\"ListItem\",\"position\":1,\"name\":\"Inicio\",\"item\":\"https:\/\/henoi.org.py\/\"},{\"@type\":\"ListItem\",\"position\":2,\"name\":\"Integraci\u00f3n no subordinada ante la ofensiva del capital\"}]},{\"@type\":\"WebSite\",\"@id\":\"https:\/\/henoi.org.py\/#website\",\"url\":\"https:\/\/henoi.org.py\/\",\"name\":\"henoi\",\"description\":\"Centro de estudios\",\"potentialAction\":[{\"@type\":\"SearchAction\",\"target\":{\"@type\":\"EntryPoint\",\"urlTemplate\":\"https:\/\/henoi.org.py\/?s={search_term_string}\"},\"query-input\":{\"@type\":\"PropertyValueSpecification\",\"valueRequired\":true,\"valueName\":\"search_term_string\"}}],\"inLanguage\":\"es-AR\"},{\"@type\":\"Person\",\"@id\":\"https:\/\/henoi.org.py\/#\/schema\/person\/3366e0c9ecc69322037ce95a591b59d0\",\"name\":\"He\u00f1oi\",\"image\":{\"@type\":\"ImageObject\",\"inLanguage\":\"es-AR\",\"@id\":\"https:\/\/henoi.org.py\/#\/schema\/person\/image\/\",\"url\":\"https:\/\/secure.gravatar.com\/avatar\/f3a9e761a2eb9637cb5be1b4af2f2dc1a9d76284adc9af24924ba5bdffbdf35d?s=96&d=mm&r=g\",\"contentUrl\":\"https:\/\/secure.gravatar.com\/avatar\/f3a9e761a2eb9637cb5be1b4af2f2dc1a9d76284adc9af24924ba5bdffbdf35d?s=96&d=mm&r=g\",\"caption\":\"He\u00f1oi\"},\"url\":\"https:\/\/henoi.org.py\/index.php\/author\/sandino\/\"}]}<\/script>\n<!-- \/ Yoast SEO plugin. -->","yoast_head_json":{"title":"Integraci\u00f3n no subordinada ante la ofensiva del capital - henoi","robots":{"index":"index","follow":"follow","max-snippet":"max-snippet:-1","max-image-preview":"max-image-preview:large","max-video-preview":"max-video-preview:-1"},"canonical":"https:\/\/henoi.org.py\/index.php\/2024\/11\/25\/integracion-no-subordinada-ante-la-ofensiva-del-capital\/","og_locale":"es_ES","og_type":"article","og_title":"Integraci\u00f3n no subordinada ante la ofensiva del capital - henoi","og_description":"Por Julio C. Gambina1 La ofensiva del capital global empuja procesos de integraci\u00f3n subordinada, caso de las renovadas iniciativas por suscribir un acuerdo entre la Uni\u00f3n Europea y el Mercosur. As\u00ed como hace dos d\u00e9cadas se rechaz\u00f3 con lucha popular el Acuerdo de Libre Comercio de las Am\u00e9ricas, ALCA, propiciado por EEUU y la clase dominante de la regi\u00f3n, excepto Cuba, los pueblos de Latinoam\u00e9rica y el Caribe empujan, a pesar de la ofensiva capitalista de las derechas en variados gobiernos de la regi\u00f3n, un proceso de lucha y esclarecimiento sobre estos estatutos de la dependencia. No solo se trata de frenar el \u201clibre comercio\u201d en tiempos de internacionalizaci\u00f3n de la producci\u00f3n y transnacionalizaci\u00f3n del capital, que contribuyen a una mayor explotaci\u00f3n de la fuerza de trabajo en la regi\u00f3n y al saqueo de nuestros bienes comunes, demandados por la dominaci\u00f3n capitalista para sus negocios de \u00e9poca, sino tambi\u00e9n para obstaculizar la din\u00e1mica que impondr\u00e1 la gesti\u00f3n Trump a la econom\u00eda estadounidense y mundial. En efecto, la pol\u00edtica \u201cMake America Great Again\u201d, MAGA, supone cambios relativos en las paridades monetarias a favor del d\u00f3lar estadounidense y con ello, subas de precios en el \u00e1mbito mundial, lo que ya se vislumbra con procesos devaluatorios en la mayor\u00eda de los pa\u00edses.&nbsp; La inflaci\u00f3n verificada luego de la crisis 2007\/09, acelerada en tiempos de pandemia, resulta manifestaci\u00f3n de la disputa del excedente econ\u00f3mico por el poder concentrado en el \u00e1mbito global. Por ello, Nuestram\u00e9rica necesita un rumbo propio, aut\u00f3nomo en contra de la estrategia del capital.&nbsp; Resulta insuficiente el NO a la integraci\u00f3n subordinada, tanto con EEUU, como con Europa. Hace falta retomar la agenda del SI de la primera d\u00e9cada del siglo XXI, que remite a una articulaci\u00f3n productiva de la regi\u00f3n orientada a satisfacer las necesidades de su poblaci\u00f3n, especialmente los sectores m\u00e1s empobrecidos por la larga historia de explotaci\u00f3n y saqueo del r\u00e9gimen del capital. Ello supone el avance de una integraci\u00f3n no subordinada sobre la base de una nueva arquitectura financiera que frene la din\u00e1mica de producci\u00f3n y fuga de plusvalor, lo que requiere organizar la producci\u00f3n y circulaci\u00f3n de bienes y servicios asentados en su destino en el USO y no en el CAMBIO, elementos esenciales de la din\u00e1mica de acumulaci\u00f3n capitalista.&nbsp; Los \u201cacuerdos de libre comercio\u201d y la institucionalidad de liberalizaci\u00f3n que el \u201ccapital\u201d impulsa en \u201ctratados bilaterales o multilaterales de inversi\u00f3n\u201d, desde hace medio siglo, son instrumentos esenciales para la reproducci\u00f3n ampliada de la dominaci\u00f3n de la burgues\u00eda concentrada en el \u00e1mbito mundial. Nuestros pueblos en Am\u00e9rica Latina y el caribe requieren recrear el proyecto de liberaci\u00f3n e independencia sustentado por las revoluciones de Hait\u00ed en 1804 y la din\u00e1mica por la \u201cpatria grande\u201d de la propuesta de los libertadores; y m\u00e1s a\u00fan, las experiencias de las revoluciones por el socialismo en Cuba en 1959, o en Nicaragua en 1979. Esta l\u00f3gica anticapitalista fue confrontada con una fort\u00edsima ofensiva reaccionaria sustentada, en estos a\u00f1os, en el terrorismo de Estado y la propuesta de apertura y liberalizaci\u00f3n econ\u00f3mica que reivindican las derechas ante la crisis capitalista.&nbsp; El desaf\u00edo est\u00e1 m\u00e1s all\u00e1 del NO a la estrategia del poder, lo que requiere un accionar deliberado y consciente por una estrategia de poder popular para la construcci\u00f3n de una sociedad sin explotaci\u00f3n ni saqueo para el vivir bien de los pueblos, sin discriminaci\u00f3n ni racismo de ning\u00fan tipo y en defensa de la vida social y la naturaleza. ___________ 1\u00a0Doctor en Ciencias Sociales de la UBA. Profesor de Econom\u00eda Pol\u00edtica. Directivo de la Sociedad Latinoamericana de Econom\u00eda Pol\u00edtica y Pensamiento Cr\u00edtico, SEPLA.","og_url":"https:\/\/henoi.org.py\/index.php\/2024\/11\/25\/integracion-no-subordinada-ante-la-ofensiva-del-capital\/","og_site_name":"henoi","article_published_time":"2024-11-25T15:05:37+00:00","article_modified_time":"2024-11-25T15:05:38+00:00","og_image":[{"width":1280,"height":853,"url":"https:\/\/henoi.org.py\/wp-content\/uploads\/2024\/11\/DFSFDFG.jpg","type":"image\/jpeg"}],"author":"He\u00f1oi","twitter_card":"summary_large_image","twitter_misc":{"Escrito por":"He\u00f1oi","Tiempo de lectura":"4 minutos"},"schema":{"@context":"https:\/\/schema.org","@graph":[{"@type":"WebPage","@id":"https:\/\/henoi.org.py\/index.php\/2024\/11\/25\/integracion-no-subordinada-ante-la-ofensiva-del-capital\/","url":"https:\/\/henoi.org.py\/index.php\/2024\/11\/25\/integracion-no-subordinada-ante-la-ofensiva-del-capital\/","name":"Integraci\u00f3n no subordinada ante la ofensiva del capital - henoi","isPartOf":{"@id":"https:\/\/henoi.org.py\/#website"},"primaryImageOfPage":{"@id":"https:\/\/henoi.org.py\/index.php\/2024\/11\/25\/integracion-no-subordinada-ante-la-ofensiva-del-capital\/#primaryimage"},"image":{"@id":"https:\/\/henoi.org.py\/index.php\/2024\/11\/25\/integracion-no-subordinada-ante-la-ofensiva-del-capital\/#primaryimage"},"thumbnailUrl":"https:\/\/henoi.org.py\/wp-content\/uploads\/2024\/11\/DFSFDFG.jpg","datePublished":"2024-11-25T15:05:37+00:00","dateModified":"2024-11-25T15:05:38+00:00","author":{"@id":"https:\/\/henoi.org.py\/#\/schema\/person\/3366e0c9ecc69322037ce95a591b59d0"},"breadcrumb":{"@id":"https:\/\/henoi.org.py\/index.php\/2024\/11\/25\/integracion-no-subordinada-ante-la-ofensiva-del-capital\/#breadcrumb"},"inLanguage":"es-AR","potentialAction":[{"@type":"ReadAction","target":["https:\/\/henoi.org.py\/index.php\/2024\/11\/25\/integracion-no-subordinada-ante-la-ofensiva-del-capital\/"]}]},{"@type":"ImageObject","inLanguage":"es-AR","@id":"https:\/\/henoi.org.py\/index.php\/2024\/11\/25\/integracion-no-subordinada-ante-la-ofensiva-del-capital\/#primaryimage","url":"https:\/\/henoi.org.py\/wp-content\/uploads\/2024\/11\/DFSFDFG.jpg","contentUrl":"https:\/\/henoi.org.py\/wp-content\/uploads\/2024\/11\/DFSFDFG.jpg","width":1280,"height":853},{"@type":"BreadcrumbList","@id":"https:\/\/henoi.org.py\/index.php\/2024\/11\/25\/integracion-no-subordinada-ante-la-ofensiva-del-capital\/#breadcrumb","itemListElement":[{"@type":"ListItem","position":1,"name":"Inicio","item":"https:\/\/henoi.org.py\/"},{"@type":"ListItem","position":2,"name":"Integraci\u00f3n no subordinada ante la ofensiva del capital"}]},{"@type":"WebSite","@id":"https:\/\/henoi.org.py\/#website","url":"https:\/\/henoi.org.py\/","name":"henoi","description":"Centro de estudios","potentialAction":[{"@type":"SearchAction","target":{"@type":"EntryPoint","urlTemplate":"https:\/\/henoi.org.py\/?s={search_term_string}"},"query-input":{"@type":"PropertyValueSpecification","valueRequired":true,"valueName":"search_term_string"}}],"inLanguage":"es-AR"},{"@type":"Person","@id":"https:\/\/henoi.org.py\/#\/schema\/person\/3366e0c9ecc69322037ce95a591b59d0","name":"He\u00f1oi","image":{"@type":"ImageObject","inLanguage":"es-AR","@id":"https:\/\/henoi.org.py\/#\/schema\/person\/image\/","url":"https:\/\/secure.gravatar.com\/avatar\/f3a9e761a2eb9637cb5be1b4af2f2dc1a9d76284adc9af24924ba5bdffbdf35d?s=96&d=mm&r=g","contentUrl":"https:\/\/secure.gravatar.com\/avatar\/f3a9e761a2eb9637cb5be1b4af2f2dc1a9d76284adc9af24924ba5bdffbdf35d?s=96&d=mm&r=g","caption":"He\u00f1oi"},"url":"https:\/\/henoi.org.py\/index.php\/author\/sandino\/"}]}},"_links":{"self":[{"href":"https:\/\/henoi.org.py\/index.php\/wp-json\/wp\/v2\/posts\/5261","targetHints":{"allow":["GET"]}}],"collection":[{"href":"https:\/\/henoi.org.py\/index.php\/wp-json\/wp\/v2\/posts"}],"about":[{"href":"https:\/\/henoi.org.py\/index.php\/wp-json\/wp\/v2\/types\/post"}],"author":[{"embeddable":true,"href":"https:\/\/henoi.org.py\/index.php\/wp-json\/wp\/v2\/users\/3"}],"replies":[{"embeddable":true,"href":"https:\/\/henoi.org.py\/index.php\/wp-json\/wp\/v2\/comments?post=5261"}],"version-history":[{"count":2,"href":"https:\/\/henoi.org.py\/index.php\/wp-json\/wp\/v2\/posts\/5261\/revisions"}],"predecessor-version":[{"id":5265,"href":"https:\/\/henoi.org.py\/index.php\/wp-json\/wp\/v2\/posts\/5261\/revisions\/5265"}],"wp:featuredmedia":[{"embeddable":true,"href":"https:\/\/henoi.org.py\/index.php\/wp-json\/wp\/v2\/media\/5262"}],"wp:attachment":[{"href":"https:\/\/henoi.org.py\/index.php\/wp-json\/wp\/v2\/media?parent=5261"}],"wp:term":[{"taxonomy":"category","embeddable":true,"href":"https:\/\/henoi.org.py\/index.php\/wp-json\/wp\/v2\/categories?post=5261"},{"taxonomy":"post_tag","embeddable":true,"href":"https:\/\/henoi.org.py\/index.php\/wp-json\/wp\/v2\/tags?post=5261"}],"curies":[{"name":"wp","href":"https:\/\/api.w.org\/{rel}","templated":true}]}}