{"id":5191,"date":"2024-09-04T09:58:31","date_gmt":"2024-09-04T12:58:31","guid":{"rendered":"https:\/\/henoi.org.py\/?p=5191"},"modified":"2024-09-04T09:58:32","modified_gmt":"2024-09-04T12:58:32","slug":"el-desarrollo-del-subdesarrollo-el-caso-de-bahia-negra","status":"publish","type":"post","link":"https:\/\/henoi.org.py\/index.php\/2024\/09\/04\/el-desarrollo-del-subdesarrollo-el-caso-de-bahia-negra\/","title":{"rendered":"El Desarrollo del Subdesarrollo. El caso de Bah\u00eda Negra"},"content":{"rendered":"\n<p><em>4\/Septiembre\/2024<\/em><\/p>\n\n\n\n<p><em>Por Luis Rojas<\/em><\/p>\n\n\n\n<figure class=\"wp-block-image size-large\"><img fetchpriority=\"high\" decoding=\"async\" width=\"1024\" height=\"767\" src=\"https:\/\/henoi.org.py\/wp-content\/uploads\/2024\/09\/Vista-Frontal-de-Bahia-Negra-1024x767.jpg\" alt=\"\" class=\"wp-image-5192\" srcset=\"https:\/\/henoi.org.py\/wp-content\/uploads\/2024\/09\/Vista-Frontal-de-Bahia-Negra-1024x767.jpg 1024w, https:\/\/henoi.org.py\/wp-content\/uploads\/2024\/09\/Vista-Frontal-de-Bahia-Negra-300x225.jpg 300w, https:\/\/henoi.org.py\/wp-content\/uploads\/2024\/09\/Vista-Frontal-de-Bahia-Negra-768x575.jpg 768w\" sizes=\"(max-width: 1024px) 100vw, 1024px\" \/><figcaption class=\"wp-element-caption\"><em><sup>Vista A\u00e9rea frontal de Bah\u00eda Negra.<\/sup><\/em> <em><sup>Foto: Sandino Flecha<\/sup><\/em><\/figcaption><\/figure>\n\n\n\n<p>En el reconocido texto <em>El desarrollo del subdesarrollo<\/em> de 1969<a id=\"_ftnref1\" href=\"#_ftn1\"><sup><em>[1]<\/em><\/sup><\/a>, uno de los precursores de la teor\u00eda de la dependencia en Am\u00e9rica Latina, el economista Andr\u00e9 Gunder Frank desarrollaba la tesis de que el subdesarrollo no era una etapa previa al desarrollo, como afirmaban los te\u00f3ricos de la modernizaci\u00f3n capitalista, sino que m\u00e1s bien es una situaci\u00f3n econ\u00f3mica desventajosa que se deriva del proceso de desarrollo de los pa\u00edses centrales en el sistema econ\u00f3mico mundial. Es decir, el desarrollo de unos pa\u00edses causa el subdesarrollo de otros, pues los primeros se nutren y fortalecen a expensas de la explotaci\u00f3n o el despojo de los segundos.<\/p>\n\n\n\n<p>Salvando las distancias de tiempo y escala, lo dicho es una met\u00e1fora que describe lo que actualmente est\u00e1 sucediendo de diferentes formas en Paraguay en sus diversos territorios o \u00e1reas. Como muestra de ello, podemos observar lo que est\u00e1 ocurriendo en el segundo municipio m\u00e1s grande del pa\u00eds, Bah\u00eda Negra, situado al norte en el extremo del Chaco paraguayo, que se extiende de este a oeste haciendo frontera con Bolivia y Brasil, abarcando un territorio muy extenso, y para la gran mayor\u00eda, desconocido. Su tama\u00f1o es de 3,5 millones de hect\u00e1reas, mayor a la superficie de los departamentos de Concepci\u00f3n y Amambay juntos. &nbsp;<\/p>\n\n\n\n<p>En los \u00faltimos a\u00f1os, el territorio del Chaco viene sufriendo una expansi\u00f3n acelerada de una econom\u00eda primario exportadora, extractivista, orientada fundamentalmente a las exportaciones agropecuarias. La ganader\u00eda es la principal actividad econ\u00f3mica, secundada por monocultivos como los de soja, sorgo, trigo y algod\u00f3n. La expansi\u00f3n de estas actividades tiene un alt\u00edsimo costo en t\u00e9rminos de deforestaci\u00f3n y p\u00e9rdida de biodiversidad, as\u00ed como en la p\u00e9rdida de los derechos territoriales de diferentes pueblos ind\u00edgenas, y su consecuente proceso de empobrecimiento y degradaci\u00f3n social.<\/p>\n\n\n\n<p>El actual presidente Santiago Pe\u00f1a viene repitiendo un discurso, en consonancia con los gremios empresariales, sobre el supuesto desarrollo del Chaco paraguayo. En una visita a la localidad de Loma Plata manifest\u00f3 que \u201c<em>Para los paraguayos es fundamental venir a ver lo que est\u00e1 ocurriendo aqu\u00ed en el Chaco, hay mucha gente a nivel nacional e internacional que no puede creer lo que ha sido esta regi\u00f3n, que es la m\u00e1s inh\u00f3spita y \u00e1rida del pa\u00eds, pero sin embargo es uno de los polos de desarrollo m\u00e1s importante\u201d<a id=\"_ftnref2\" href=\"#_ftn2\"><sup>[2<\/sup><strong><sup>]<\/sup><\/strong><\/a><\/em>. El nuevo polo de desarrollo se\u00f1alado por Pe\u00f1a profundiza la inserci\u00f3n subordinada del Paraguay a la econom\u00eda mundial en car\u00e1cter de proveedor de materias primas, lo que fortalece y profundiza la cualidad de pa\u00eds subdesarrollado y dependiente que lo ha caracterizado desde hace m\u00e1s de un siglo.<\/p>\n\n\n\n<figure class=\"wp-block-image size-large\"><img decoding=\"async\" width=\"1024\" height=\"767\" src=\"https:\/\/henoi.org.py\/wp-content\/uploads\/2024\/09\/DJI_0235-1024x767.jpg\" alt=\"\" class=\"wp-image-5194\" srcset=\"https:\/\/henoi.org.py\/wp-content\/uploads\/2024\/09\/DJI_0235-1024x767.jpg 1024w, https:\/\/henoi.org.py\/wp-content\/uploads\/2024\/09\/DJI_0235-300x225.jpg 300w, https:\/\/henoi.org.py\/wp-content\/uploads\/2024\/09\/DJI_0235-768x575.jpg 768w\" sizes=\"(max-width: 1024px) 100vw, 1024px\" \/><figcaption class=\"wp-element-caption\"><sup>Parcelas deforestadas para nuevos emprendimientos agroganaderos. Foto: Sandino Flecha<\/sup><\/figcaption><\/figure>\n\n\n\n<p>Es innegable que el Chaco est\u00e1 sufriendo una gran transformaci\u00f3n. Desde 1996, una oleada de ganaderos brasile\u00f1os de la mano del entonces presidente Wasmosy se han instalado en esta regi\u00f3n y otras similares, gracias a diversos privilegios, impulsando la expansi\u00f3n ganadera sobre los fr\u00e1giles ecosistemas chaque\u00f1os y sobre territorios ind\u00edgenas. Posteriormente se sumaron a esa oleada empresarios uruguayos y de otras nacionalidades, que vienen acaparando tierras de forma creciente. A la actividad ganadera se ha sumado el impulso a la agricultura mecanizada, que ha tenido resultados dispares, con magros resultados en rubros como la soja, en contraste a un importante crecimiento en otros como el algod\u00f3n.<\/p>\n\n\n\n<p>La localidad de Agua Dulce se ha constituido la cabeza de puente de la actual expansi\u00f3n agroganadera, en el centro econ\u00f3mico y log\u00edstico para la transformaci\u00f3n a gran escala de Bah\u00eda Negra. Ubicada en el centro geogr\u00e1fico del distrito, en el cruce de las dos rutas (de tierra) principales, la 14 y la 16, queda a 170 kil\u00f3metros al oeste de la capital del municipio, el aislado poblado ribere\u00f1o de Bah\u00eda Negra. Se encuentra ubicada en las inmediaciones de la mayor reserva natural del pa\u00eds, el parque nacional Defensores del Chaco, que ya se ve amenazado por la extensi\u00f3n de las actividades mencionadas.<\/p>\n\n\n\n<p>Mientras una veintena de grupos econ\u00f3micos y grandes terratenientes se van apoderando de la mayor parte del distrito, y expandiendo sus unidades de negocios, en gran medida en base a la deforestaci\u00f3n de los fr\u00e1giles ecosistemas chaque\u00f1os, la poblaci\u00f3n mayoritaria queda al margen de ese supuesto desarrollo. Muchas comunidades ind\u00edgenas han sido, y siguen siendo, despojadas de sus tierras, como el caso del pueblo Yshir, el pueblo Ayoreo y los Guaran\u00ed \u00d1andeva. La poblaci\u00f3n del distrito manifiesta el total abandono en que se encuentran, la gran mayor\u00eda no tiene trabajo, y sus territorios se vienen destruyendo, imposibilitando continuar con las tradicionales pr\u00e1cticas de caza, recolecci\u00f3n y pesca.<\/p>\n\n\n\n<figure class=\"wp-block-gallery has-nested-images columns-default is-cropped wp-block-gallery-1 is-layout-flex wp-block-gallery-is-layout-flex\">\n<figure class=\"wp-block-image size-large\"><img decoding=\"async\" width=\"1024\" height=\"683\" data-id=\"5197\" src=\"https:\/\/henoi.org.py\/wp-content\/uploads\/2024\/09\/DSC01258-1024x683.jpg\" alt=\"\" class=\"wp-image-5197\" srcset=\"https:\/\/henoi.org.py\/wp-content\/uploads\/2024\/09\/DSC01258-1024x683.jpg 1024w, https:\/\/henoi.org.py\/wp-content\/uploads\/2024\/09\/DSC01258-300x200.jpg 300w, https:\/\/henoi.org.py\/wp-content\/uploads\/2024\/09\/DSC01258-768x512.jpg 768w, https:\/\/henoi.org.py\/wp-content\/uploads\/2024\/09\/DSC01258-1536x1024.jpg 1536w, https:\/\/henoi.org.py\/wp-content\/uploads\/2024\/09\/DSC01258-2048x1365.jpg 2048w\" sizes=\"(max-width: 1024px) 100vw, 1024px\" \/><\/figure>\n\n\n\n<figure class=\"wp-block-image size-large\"><img loading=\"lazy\" decoding=\"async\" width=\"1024\" height=\"767\" data-id=\"5196\" src=\"https:\/\/henoi.org.py\/wp-content\/uploads\/2024\/09\/Comunidad-Carchabalut-1-1024x767.jpg\" alt=\"\" class=\"wp-image-5196\" srcset=\"https:\/\/henoi.org.py\/wp-content\/uploads\/2024\/09\/Comunidad-Carchabalut-1-1024x767.jpg 1024w, https:\/\/henoi.org.py\/wp-content\/uploads\/2024\/09\/Comunidad-Carchabalut-1-300x225.jpg 300w, https:\/\/henoi.org.py\/wp-content\/uploads\/2024\/09\/Comunidad-Carchabalut-1-768x575.jpg 768w\" sizes=\"(max-width: 1024px) 100vw, 1024px\" \/><\/figure>\n<figcaption class=\"blocks-gallery-caption wp-element-caption\"><em><sup>La comunidad Karcha Balhut (Pueblo Ishyr) no cuenta con energ\u00eda el\u00e9ctrica hasta la fecha<\/sup><\/em><sup>.<em> Fotos: Elisa Marecos \/ Sandino Felcha<\/em><\/sup><\/figcaption><\/figure>\n\n\n\n<p>Los grandes due\u00f1os del Chaco paraguayo expanden sus dominios. Entre los principales est\u00e1n el empresario uruguayo Luis Saps cuenta con al menos 24 propiedades que suman 95.772 ha<a id=\"_ftnref3\" href=\"#_ftn3\"><sup>[3]<\/sup><\/a>, solo en Bah\u00eda Negra; el establecimiento Los Molinos S.A de capital holand\u00e9s, con 61.923 ha; el Grupo Mao (ex grupo B&amp;R) con 11 propiedades y 44.000 ha. Hay otros grandes propietarios extranjeros, como el uruguayo Horacio Fern\u00e1ndez Ser\u00e9 y el brasile\u00f1o Jair Antonio Frasson, as\u00ed como otros de capital nacional, el grupo Zapag, el empresario Pedro Zucolillo y empresas menonitas, como Neufeld y C\u00eda. S.A.<\/p>\n\n\n\n<p>El narcotr\u00e1fico y otras actividades il\u00edcitas crecen en paralelo a la expansi\u00f3n de este modelo extractivo, con complicidad, por acci\u00f3n u omisi\u00f3n, de las instituciones estatales. Las tierras malhabidas e irregularmente apropiadas tambi\u00e9n gozan de impunidad en estos territorios, mientras las demandas ind\u00edgenas y campesinas siguen sin encontrar respuestas favorables. Bah\u00eda Negra repite la historia ya conocida, el \u201cdesarrollo\u201d y enriquecimiento de algunos, que ni siquiera pagan impuestos, se da a costa del empobrecimiento y la marginaci\u00f3n de muchos m\u00e1s, y de la irrecuperable destrucci\u00f3n de la belleza natural de los territorios. Definitivamente, el subdesarrollo lleg\u00f3 al Paraguay para quedarse por un largo tiempo. &nbsp;<\/p>\n\n\n\n<hr class=\"wp-block-separator has-alpha-channel-opacity\" \/>\n\n\n\n<p><a href=\"#_ftnref1\" id=\"_ftn1\">[1]<\/a> Frank, Andr\u00e9 Gunder (1969) El desarrollo del subdesarrollo. Anagrama<\/p>\n\n\n\n<p><a href=\"#_ftnref2\" id=\"_ftn2\">[2]<\/a> <a href=\"https:\/\/www.launion.com.py\/santiago-pena-afirma-que-el-desarrollo-del-chaco-es-compatible-con-el-medioambiente-202317.html\">https:\/\/www.launion.com.py\/santiago-pena-afirma-que-el-desarrollo-del-chaco-es-compatible-con-el-medioambiente-202317.html<\/a><\/p>\n\n\n\n<p><a href=\"#_ftnref3\" id=\"_ftn3\">[3]<\/a> Datos del Servicio Nacional de Catastro, disponible en https:\/\/www.catastro.gov.py\/index<\/p>\n","protected":false},"excerpt":{"rendered":"<p>4\/Septiembre\/2024 Por Luis Rojas En el reconocido texto El desarrollo del subdesarrollo de 1969[1], uno de los precursores de la teor\u00eda de la dependencia en Am\u00e9rica Latina, el economista Andr\u00e9 Gunder Frank desarrollaba la tesis de que el subdesarrollo no era una etapa previa al desarrollo, como afirmaban los te\u00f3ricos de la modernizaci\u00f3n capitalista, sino que m\u00e1s bien es una situaci\u00f3n econ\u00f3mica desventajosa que se deriva del proceso de desarrollo de los pa\u00edses centrales en el sistema econ\u00f3mico mundial. Es decir, el desarrollo de unos pa\u00edses causa el subdesarrollo de otros, pues los primeros se nutren y fortalecen a expensas de la explotaci\u00f3n o el despojo de los segundos. Salvando las distancias de tiempo y escala, lo dicho es una met\u00e1fora que describe lo que actualmente est\u00e1 sucediendo de diferentes formas en Paraguay en sus diversos territorios o \u00e1reas. Como muestra de ello, podemos observar lo que est\u00e1 ocurriendo en el segundo municipio m\u00e1s grande del pa\u00eds, Bah\u00eda Negra, situado al norte en el extremo del Chaco paraguayo, que se extiende de este a oeste haciendo frontera con Bolivia y Brasil, abarcando un territorio muy extenso, y para la gran mayor\u00eda, desconocido. Su tama\u00f1o es de 3,5 millones de hect\u00e1reas, mayor a la superficie de los departamentos de Concepci\u00f3n y Amambay juntos. &nbsp; En los \u00faltimos a\u00f1os, el territorio del Chaco viene sufriendo una expansi\u00f3n acelerada de una econom\u00eda primario exportadora, extractivista, orientada fundamentalmente a las exportaciones agropecuarias. La ganader\u00eda es la principal actividad econ\u00f3mica, secundada por monocultivos como los de soja, sorgo, trigo y algod\u00f3n. La expansi\u00f3n de estas actividades tiene un alt\u00edsimo costo en t\u00e9rminos de deforestaci\u00f3n y p\u00e9rdida de biodiversidad, as\u00ed como en la p\u00e9rdida de los derechos territoriales de diferentes pueblos ind\u00edgenas, y su consecuente proceso de empobrecimiento y degradaci\u00f3n social. El actual presidente Santiago Pe\u00f1a viene repitiendo un discurso, en consonancia con los gremios empresariales, sobre el supuesto desarrollo del Chaco paraguayo. En una visita a la localidad de Loma Plata manifest\u00f3 que \u201cPara los paraguayos es fundamental venir a ver lo que est\u00e1 ocurriendo aqu\u00ed en el Chaco, hay mucha gente a nivel nacional e internacional que no puede creer lo que ha sido esta regi\u00f3n, que es la m\u00e1s inh\u00f3spita y \u00e1rida del pa\u00eds, pero sin embargo es uno de los polos de desarrollo m\u00e1s importante\u201d[2]. El nuevo polo de desarrollo se\u00f1alado por Pe\u00f1a profundiza la inserci\u00f3n subordinada del Paraguay a la econom\u00eda mundial en car\u00e1cter de proveedor de materias primas, lo que fortalece y profundiza la cualidad de pa\u00eds subdesarrollado y dependiente que lo ha caracterizado desde hace m\u00e1s de un siglo. Es innegable que el Chaco est\u00e1 sufriendo una gran transformaci\u00f3n. Desde 1996, una oleada de ganaderos brasile\u00f1os de la mano del entonces presidente Wasmosy se han instalado en esta regi\u00f3n y otras similares, gracias a diversos privilegios, impulsando la expansi\u00f3n ganadera sobre los fr\u00e1giles ecosistemas chaque\u00f1os y sobre territorios ind\u00edgenas. Posteriormente se sumaron a esa oleada empresarios uruguayos y de otras nacionalidades, que vienen acaparando tierras de forma creciente. A la actividad ganadera se ha sumado el impulso a la agricultura mecanizada, que ha tenido resultados dispares, con magros resultados en rubros como la soja, en contraste a un importante crecimiento en otros como el algod\u00f3n. La localidad de Agua Dulce se ha constituido la cabeza de puente de la actual expansi\u00f3n agroganadera, en el centro econ\u00f3mico y log\u00edstico para la transformaci\u00f3n a gran escala de Bah\u00eda Negra. Ubicada en el centro geogr\u00e1fico del distrito, en el cruce de las dos rutas (de tierra) principales, la 14 y la 16, queda a 170 kil\u00f3metros al oeste de la capital del municipio, el aislado poblado ribere\u00f1o de Bah\u00eda Negra. Se encuentra ubicada en las inmediaciones de la mayor reserva natural del pa\u00eds, el parque nacional Defensores del Chaco, que ya se ve amenazado por la extensi\u00f3n de las actividades mencionadas. Mientras una veintena de grupos econ\u00f3micos y grandes terratenientes se van apoderando de la mayor parte del distrito, y expandiendo sus unidades de negocios, en gran medida en base a la deforestaci\u00f3n de los fr\u00e1giles ecosistemas chaque\u00f1os, la poblaci\u00f3n mayoritaria queda al margen de ese supuesto desarrollo. Muchas comunidades ind\u00edgenas han sido, y siguen siendo, despojadas de sus tierras, como el caso del pueblo Yshir, el pueblo Ayoreo y los Guaran\u00ed \u00d1andeva. La poblaci\u00f3n del distrito manifiesta el total abandono en que se encuentran, la gran mayor\u00eda no tiene trabajo, y sus territorios se vienen destruyendo, imposibilitando continuar con las tradicionales pr\u00e1cticas de caza, recolecci\u00f3n y pesca. Los grandes due\u00f1os del Chaco paraguayo expanden sus dominios. Entre los principales est\u00e1n el empresario uruguayo Luis Saps cuenta con al menos 24 propiedades que suman 95.772 ha[3], solo en Bah\u00eda Negra; el establecimiento Los Molinos S.A de capital holand\u00e9s, con 61.923 ha; el Grupo Mao (ex grupo B&amp;R) con 11 propiedades y 44.000 ha. Hay otros grandes propietarios extranjeros, como el uruguayo Horacio Fern\u00e1ndez Ser\u00e9 y el brasile\u00f1o Jair Antonio Frasson, as\u00ed como otros de capital nacional, el grupo Zapag, el empresario Pedro Zucolillo y empresas menonitas, como Neufeld y C\u00eda. S.A. El narcotr\u00e1fico y otras actividades il\u00edcitas crecen en paralelo a la expansi\u00f3n de este modelo extractivo, con complicidad, por acci\u00f3n u omisi\u00f3n, de las instituciones estatales. Las tierras malhabidas e irregularmente apropiadas tambi\u00e9n gozan de impunidad en estos territorios, mientras las demandas ind\u00edgenas y campesinas siguen sin encontrar respuestas favorables. Bah\u00eda Negra repite la historia ya conocida, el \u201cdesarrollo\u201d y enriquecimiento de algunos, que ni siquiera pagan impuestos, se da a costa del empobrecimiento y la marginaci\u00f3n de muchos m\u00e1s, y de la irrecuperable destrucci\u00f3n de la belleza natural de los territorios. Definitivamente, el subdesarrollo lleg\u00f3 al Paraguay para quedarse por un largo tiempo. &nbsp; [1] Frank, Andr\u00e9 Gunder (1969) El desarrollo del subdesarrollo. Anagrama [2] https:\/\/www.launion.com.py\/santiago-pena-afirma-que-el-desarrollo-del-chaco-es-compatible-con-el-medioambiente-202317.html [3] Datos del Servicio Nacional de Catastro, disponible en https:\/\/www.catastro.gov.py\/index<\/p>\n","protected":false},"author":3,"featured_media":5193,"comment_status":"open","ping_status":"open","sticky":false,"template":"","format":"standard","meta":{"footnotes":""},"categories":[273,5],"tags":[],"class_list":["post-5191","post","type-post","status-publish","format-standard","has-post-thumbnail","hentry","category-observatorio","category-publicaciones"],"yoast_head":"<!-- This site is optimized with the Yoast SEO plugin v25.5 - https:\/\/yoast.com\/wordpress\/plugins\/seo\/ -->\n<title>El Desarrollo del Subdesarrollo. El caso de Bah\u00eda Negra - henoi<\/title>\n<meta name=\"robots\" content=\"index, follow, max-snippet:-1, max-image-preview:large, max-video-preview:-1\" \/>\n<link rel=\"canonical\" href=\"https:\/\/henoi.org.py\/index.php\/2024\/09\/04\/el-desarrollo-del-subdesarrollo-el-caso-de-bahia-negra\/\" \/>\n<meta property=\"og:locale\" content=\"es_ES\" \/>\n<meta property=\"og:type\" content=\"article\" \/>\n<meta property=\"og:title\" content=\"El Desarrollo del Subdesarrollo. El caso de Bah\u00eda Negra - henoi\" \/>\n<meta property=\"og:description\" content=\"4\/Septiembre\/2024 Por Luis Rojas En el reconocido texto El desarrollo del subdesarrollo de 1969[1], uno de los precursores de la teor\u00eda de la dependencia en Am\u00e9rica Latina, el economista Andr\u00e9 Gunder Frank desarrollaba la tesis de que el subdesarrollo no era una etapa previa al desarrollo, como afirmaban los te\u00f3ricos de la modernizaci\u00f3n capitalista, sino que m\u00e1s bien es una situaci\u00f3n econ\u00f3mica desventajosa que se deriva del proceso de desarrollo de los pa\u00edses centrales en el sistema econ\u00f3mico mundial. Es decir, el desarrollo de unos pa\u00edses causa el subdesarrollo de otros, pues los primeros se nutren y fortalecen a expensas de la explotaci\u00f3n o el despojo de los segundos. Salvando las distancias de tiempo y escala, lo dicho es una met\u00e1fora que describe lo que actualmente est\u00e1 sucediendo de diferentes formas en Paraguay en sus diversos territorios o \u00e1reas. Como muestra de ello, podemos observar lo que est\u00e1 ocurriendo en el segundo municipio m\u00e1s grande del pa\u00eds, Bah\u00eda Negra, situado al norte en el extremo del Chaco paraguayo, que se extiende de este a oeste haciendo frontera con Bolivia y Brasil, abarcando un territorio muy extenso, y para la gran mayor\u00eda, desconocido. Su tama\u00f1o es de 3,5 millones de hect\u00e1reas, mayor a la superficie de los departamentos de Concepci\u00f3n y Amambay juntos. &nbsp; En los \u00faltimos a\u00f1os, el territorio del Chaco viene sufriendo una expansi\u00f3n acelerada de una econom\u00eda primario exportadora, extractivista, orientada fundamentalmente a las exportaciones agropecuarias. La ganader\u00eda es la principal actividad econ\u00f3mica, secundada por monocultivos como los de soja, sorgo, trigo y algod\u00f3n. La expansi\u00f3n de estas actividades tiene un alt\u00edsimo costo en t\u00e9rminos de deforestaci\u00f3n y p\u00e9rdida de biodiversidad, as\u00ed como en la p\u00e9rdida de los derechos territoriales de diferentes pueblos ind\u00edgenas, y su consecuente proceso de empobrecimiento y degradaci\u00f3n social. El actual presidente Santiago Pe\u00f1a viene repitiendo un discurso, en consonancia con los gremios empresariales, sobre el supuesto desarrollo del Chaco paraguayo. En una visita a la localidad de Loma Plata manifest\u00f3 que \u201cPara los paraguayos es fundamental venir a ver lo que est\u00e1 ocurriendo aqu\u00ed en el Chaco, hay mucha gente a nivel nacional e internacional que no puede creer lo que ha sido esta regi\u00f3n, que es la m\u00e1s inh\u00f3spita y \u00e1rida del pa\u00eds, pero sin embargo es uno de los polos de desarrollo m\u00e1s importante\u201d[2]. El nuevo polo de desarrollo se\u00f1alado por Pe\u00f1a profundiza la inserci\u00f3n subordinada del Paraguay a la econom\u00eda mundial en car\u00e1cter de proveedor de materias primas, lo que fortalece y profundiza la cualidad de pa\u00eds subdesarrollado y dependiente que lo ha caracterizado desde hace m\u00e1s de un siglo. Es innegable que el Chaco est\u00e1 sufriendo una gran transformaci\u00f3n. Desde 1996, una oleada de ganaderos brasile\u00f1os de la mano del entonces presidente Wasmosy se han instalado en esta regi\u00f3n y otras similares, gracias a diversos privilegios, impulsando la expansi\u00f3n ganadera sobre los fr\u00e1giles ecosistemas chaque\u00f1os y sobre territorios ind\u00edgenas. Posteriormente se sumaron a esa oleada empresarios uruguayos y de otras nacionalidades, que vienen acaparando tierras de forma creciente. A la actividad ganadera se ha sumado el impulso a la agricultura mecanizada, que ha tenido resultados dispares, con magros resultados en rubros como la soja, en contraste a un importante crecimiento en otros como el algod\u00f3n. La localidad de Agua Dulce se ha constituido la cabeza de puente de la actual expansi\u00f3n agroganadera, en el centro econ\u00f3mico y log\u00edstico para la transformaci\u00f3n a gran escala de Bah\u00eda Negra. Ubicada en el centro geogr\u00e1fico del distrito, en el cruce de las dos rutas (de tierra) principales, la 14 y la 16, queda a 170 kil\u00f3metros al oeste de la capital del municipio, el aislado poblado ribere\u00f1o de Bah\u00eda Negra. Se encuentra ubicada en las inmediaciones de la mayor reserva natural del pa\u00eds, el parque nacional Defensores del Chaco, que ya se ve amenazado por la extensi\u00f3n de las actividades mencionadas. Mientras una veintena de grupos econ\u00f3micos y grandes terratenientes se van apoderando de la mayor parte del distrito, y expandiendo sus unidades de negocios, en gran medida en base a la deforestaci\u00f3n de los fr\u00e1giles ecosistemas chaque\u00f1os, la poblaci\u00f3n mayoritaria queda al margen de ese supuesto desarrollo. Muchas comunidades ind\u00edgenas han sido, y siguen siendo, despojadas de sus tierras, como el caso del pueblo Yshir, el pueblo Ayoreo y los Guaran\u00ed \u00d1andeva. La poblaci\u00f3n del distrito manifiesta el total abandono en que se encuentran, la gran mayor\u00eda no tiene trabajo, y sus territorios se vienen destruyendo, imposibilitando continuar con las tradicionales pr\u00e1cticas de caza, recolecci\u00f3n y pesca. Los grandes due\u00f1os del Chaco paraguayo expanden sus dominios. Entre los principales est\u00e1n el empresario uruguayo Luis Saps cuenta con al menos 24 propiedades que suman 95.772 ha[3], solo en Bah\u00eda Negra; el establecimiento Los Molinos S.A de capital holand\u00e9s, con 61.923 ha; el Grupo Mao (ex grupo B&amp;R) con 11 propiedades y 44.000 ha. Hay otros grandes propietarios extranjeros, como el uruguayo Horacio Fern\u00e1ndez Ser\u00e9 y el brasile\u00f1o Jair Antonio Frasson, as\u00ed como otros de capital nacional, el grupo Zapag, el empresario Pedro Zucolillo y empresas menonitas, como Neufeld y C\u00eda. S.A. El narcotr\u00e1fico y otras actividades il\u00edcitas crecen en paralelo a la expansi\u00f3n de este modelo extractivo, con complicidad, por acci\u00f3n u omisi\u00f3n, de las instituciones estatales. Las tierras malhabidas e irregularmente apropiadas tambi\u00e9n gozan de impunidad en estos territorios, mientras las demandas ind\u00edgenas y campesinas siguen sin encontrar respuestas favorables. Bah\u00eda Negra repite la historia ya conocida, el \u201cdesarrollo\u201d y enriquecimiento de algunos, que ni siquiera pagan impuestos, se da a costa del empobrecimiento y la marginaci\u00f3n de muchos m\u00e1s, y de la irrecuperable destrucci\u00f3n de la belleza natural de los territorios. Definitivamente, el subdesarrollo lleg\u00f3 al Paraguay para quedarse por un largo tiempo. &nbsp; [1] Frank, Andr\u00e9 Gunder (1969) El desarrollo del subdesarrollo. Anagrama [2] https:\/\/www.launion.com.py\/santiago-pena-afirma-que-el-desarrollo-del-chaco-es-compatible-con-el-medioambiente-202317.html [3] Datos del Servicio Nacional de Catastro, disponible en https:\/\/www.catastro.gov.py\/index\" \/>\n<meta property=\"og:url\" content=\"https:\/\/henoi.org.py\/index.php\/2024\/09\/04\/el-desarrollo-del-subdesarrollo-el-caso-de-bahia-negra\/\" \/>\n<meta property=\"og:site_name\" content=\"henoi\" \/>\n<meta property=\"article:published_time\" content=\"2024-09-04T12:58:31+00:00\" \/>\n<meta property=\"article:modified_time\" content=\"2024-09-04T12:58:32+00:00\" \/>\n<meta property=\"og:image\" content=\"https:\/\/henoi.org.py\/wp-content\/uploads\/2024\/09\/Vista-Frontal-de-Bahia-Negra-1-scaled.jpg\" \/>\n\t<meta property=\"og:image:width\" content=\"2560\" \/>\n\t<meta property=\"og:image:height\" content=\"1917\" \/>\n\t<meta property=\"og:image:type\" content=\"image\/jpeg\" \/>\n<meta name=\"author\" content=\"He\u00f1oi\" \/>\n<meta name=\"twitter:card\" content=\"summary_large_image\" \/>\n<meta name=\"twitter:label1\" content=\"Escrito por\" \/>\n\t<meta name=\"twitter:data1\" content=\"He\u00f1oi\" \/>\n\t<meta name=\"twitter:label2\" content=\"Tiempo de lectura\" \/>\n\t<meta name=\"twitter:data2\" content=\"6 minutos\" \/>\n<script type=\"application\/ld+json\" class=\"yoast-schema-graph\">{\"@context\":\"https:\/\/schema.org\",\"@graph\":[{\"@type\":\"WebPage\",\"@id\":\"https:\/\/henoi.org.py\/index.php\/2024\/09\/04\/el-desarrollo-del-subdesarrollo-el-caso-de-bahia-negra\/\",\"url\":\"https:\/\/henoi.org.py\/index.php\/2024\/09\/04\/el-desarrollo-del-subdesarrollo-el-caso-de-bahia-negra\/\",\"name\":\"El Desarrollo del Subdesarrollo. El caso de Bah\u00eda Negra - henoi\",\"isPartOf\":{\"@id\":\"https:\/\/henoi.org.py\/#website\"},\"primaryImageOfPage\":{\"@id\":\"https:\/\/henoi.org.py\/index.php\/2024\/09\/04\/el-desarrollo-del-subdesarrollo-el-caso-de-bahia-negra\/#primaryimage\"},\"image\":{\"@id\":\"https:\/\/henoi.org.py\/index.php\/2024\/09\/04\/el-desarrollo-del-subdesarrollo-el-caso-de-bahia-negra\/#primaryimage\"},\"thumbnailUrl\":\"https:\/\/henoi.org.py\/wp-content\/uploads\/2024\/09\/Vista-Frontal-de-Bahia-Negra-1-scaled.jpg\",\"datePublished\":\"2024-09-04T12:58:31+00:00\",\"dateModified\":\"2024-09-04T12:58:32+00:00\",\"author\":{\"@id\":\"https:\/\/henoi.org.py\/#\/schema\/person\/3366e0c9ecc69322037ce95a591b59d0\"},\"breadcrumb\":{\"@id\":\"https:\/\/henoi.org.py\/index.php\/2024\/09\/04\/el-desarrollo-del-subdesarrollo-el-caso-de-bahia-negra\/#breadcrumb\"},\"inLanguage\":\"es-AR\",\"potentialAction\":[{\"@type\":\"ReadAction\",\"target\":[\"https:\/\/henoi.org.py\/index.php\/2024\/09\/04\/el-desarrollo-del-subdesarrollo-el-caso-de-bahia-negra\/\"]}]},{\"@type\":\"ImageObject\",\"inLanguage\":\"es-AR\",\"@id\":\"https:\/\/henoi.org.py\/index.php\/2024\/09\/04\/el-desarrollo-del-subdesarrollo-el-caso-de-bahia-negra\/#primaryimage\",\"url\":\"https:\/\/henoi.org.py\/wp-content\/uploads\/2024\/09\/Vista-Frontal-de-Bahia-Negra-1-scaled.jpg\",\"contentUrl\":\"https:\/\/henoi.org.py\/wp-content\/uploads\/2024\/09\/Vista-Frontal-de-Bahia-Negra-1-scaled.jpg\",\"width\":2560,\"height\":1917},{\"@type\":\"BreadcrumbList\",\"@id\":\"https:\/\/henoi.org.py\/index.php\/2024\/09\/04\/el-desarrollo-del-subdesarrollo-el-caso-de-bahia-negra\/#breadcrumb\",\"itemListElement\":[{\"@type\":\"ListItem\",\"position\":1,\"name\":\"Inicio\",\"item\":\"https:\/\/henoi.org.py\/\"},{\"@type\":\"ListItem\",\"position\":2,\"name\":\"El Desarrollo del Subdesarrollo. El caso de Bah\u00eda Negra\"}]},{\"@type\":\"WebSite\",\"@id\":\"https:\/\/henoi.org.py\/#website\",\"url\":\"https:\/\/henoi.org.py\/\",\"name\":\"henoi\",\"description\":\"Centro de estudios\",\"potentialAction\":[{\"@type\":\"SearchAction\",\"target\":{\"@type\":\"EntryPoint\",\"urlTemplate\":\"https:\/\/henoi.org.py\/?s={search_term_string}\"},\"query-input\":{\"@type\":\"PropertyValueSpecification\",\"valueRequired\":true,\"valueName\":\"search_term_string\"}}],\"inLanguage\":\"es-AR\"},{\"@type\":\"Person\",\"@id\":\"https:\/\/henoi.org.py\/#\/schema\/person\/3366e0c9ecc69322037ce95a591b59d0\",\"name\":\"He\u00f1oi\",\"image\":{\"@type\":\"ImageObject\",\"inLanguage\":\"es-AR\",\"@id\":\"https:\/\/henoi.org.py\/#\/schema\/person\/image\/\",\"url\":\"https:\/\/secure.gravatar.com\/avatar\/f3a9e761a2eb9637cb5be1b4af2f2dc1a9d76284adc9af24924ba5bdffbdf35d?s=96&d=mm&r=g\",\"contentUrl\":\"https:\/\/secure.gravatar.com\/avatar\/f3a9e761a2eb9637cb5be1b4af2f2dc1a9d76284adc9af24924ba5bdffbdf35d?s=96&d=mm&r=g\",\"caption\":\"He\u00f1oi\"},\"url\":\"https:\/\/henoi.org.py\/index.php\/author\/sandino\/\"}]}<\/script>\n<!-- \/ Yoast SEO plugin. -->","yoast_head_json":{"title":"El Desarrollo del Subdesarrollo. El caso de Bah\u00eda Negra - henoi","robots":{"index":"index","follow":"follow","max-snippet":"max-snippet:-1","max-image-preview":"max-image-preview:large","max-video-preview":"max-video-preview:-1"},"canonical":"https:\/\/henoi.org.py\/index.php\/2024\/09\/04\/el-desarrollo-del-subdesarrollo-el-caso-de-bahia-negra\/","og_locale":"es_ES","og_type":"article","og_title":"El Desarrollo del Subdesarrollo. El caso de Bah\u00eda Negra - henoi","og_description":"4\/Septiembre\/2024 Por Luis Rojas En el reconocido texto El desarrollo del subdesarrollo de 1969[1], uno de los precursores de la teor\u00eda de la dependencia en Am\u00e9rica Latina, el economista Andr\u00e9 Gunder Frank desarrollaba la tesis de que el subdesarrollo no era una etapa previa al desarrollo, como afirmaban los te\u00f3ricos de la modernizaci\u00f3n capitalista, sino que m\u00e1s bien es una situaci\u00f3n econ\u00f3mica desventajosa que se deriva del proceso de desarrollo de los pa\u00edses centrales en el sistema econ\u00f3mico mundial. Es decir, el desarrollo de unos pa\u00edses causa el subdesarrollo de otros, pues los primeros se nutren y fortalecen a expensas de la explotaci\u00f3n o el despojo de los segundos. Salvando las distancias de tiempo y escala, lo dicho es una met\u00e1fora que describe lo que actualmente est\u00e1 sucediendo de diferentes formas en Paraguay en sus diversos territorios o \u00e1reas. Como muestra de ello, podemos observar lo que est\u00e1 ocurriendo en el segundo municipio m\u00e1s grande del pa\u00eds, Bah\u00eda Negra, situado al norte en el extremo del Chaco paraguayo, que se extiende de este a oeste haciendo frontera con Bolivia y Brasil, abarcando un territorio muy extenso, y para la gran mayor\u00eda, desconocido. Su tama\u00f1o es de 3,5 millones de hect\u00e1reas, mayor a la superficie de los departamentos de Concepci\u00f3n y Amambay juntos. &nbsp; En los \u00faltimos a\u00f1os, el territorio del Chaco viene sufriendo una expansi\u00f3n acelerada de una econom\u00eda primario exportadora, extractivista, orientada fundamentalmente a las exportaciones agropecuarias. La ganader\u00eda es la principal actividad econ\u00f3mica, secundada por monocultivos como los de soja, sorgo, trigo y algod\u00f3n. La expansi\u00f3n de estas actividades tiene un alt\u00edsimo costo en t\u00e9rminos de deforestaci\u00f3n y p\u00e9rdida de biodiversidad, as\u00ed como en la p\u00e9rdida de los derechos territoriales de diferentes pueblos ind\u00edgenas, y su consecuente proceso de empobrecimiento y degradaci\u00f3n social. El actual presidente Santiago Pe\u00f1a viene repitiendo un discurso, en consonancia con los gremios empresariales, sobre el supuesto desarrollo del Chaco paraguayo. En una visita a la localidad de Loma Plata manifest\u00f3 que \u201cPara los paraguayos es fundamental venir a ver lo que est\u00e1 ocurriendo aqu\u00ed en el Chaco, hay mucha gente a nivel nacional e internacional que no puede creer lo que ha sido esta regi\u00f3n, que es la m\u00e1s inh\u00f3spita y \u00e1rida del pa\u00eds, pero sin embargo es uno de los polos de desarrollo m\u00e1s importante\u201d[2]. El nuevo polo de desarrollo se\u00f1alado por Pe\u00f1a profundiza la inserci\u00f3n subordinada del Paraguay a la econom\u00eda mundial en car\u00e1cter de proveedor de materias primas, lo que fortalece y profundiza la cualidad de pa\u00eds subdesarrollado y dependiente que lo ha caracterizado desde hace m\u00e1s de un siglo. Es innegable que el Chaco est\u00e1 sufriendo una gran transformaci\u00f3n. Desde 1996, una oleada de ganaderos brasile\u00f1os de la mano del entonces presidente Wasmosy se han instalado en esta regi\u00f3n y otras similares, gracias a diversos privilegios, impulsando la expansi\u00f3n ganadera sobre los fr\u00e1giles ecosistemas chaque\u00f1os y sobre territorios ind\u00edgenas. Posteriormente se sumaron a esa oleada empresarios uruguayos y de otras nacionalidades, que vienen acaparando tierras de forma creciente. A la actividad ganadera se ha sumado el impulso a la agricultura mecanizada, que ha tenido resultados dispares, con magros resultados en rubros como la soja, en contraste a un importante crecimiento en otros como el algod\u00f3n. La localidad de Agua Dulce se ha constituido la cabeza de puente de la actual expansi\u00f3n agroganadera, en el centro econ\u00f3mico y log\u00edstico para la transformaci\u00f3n a gran escala de Bah\u00eda Negra. Ubicada en el centro geogr\u00e1fico del distrito, en el cruce de las dos rutas (de tierra) principales, la 14 y la 16, queda a 170 kil\u00f3metros al oeste de la capital del municipio, el aislado poblado ribere\u00f1o de Bah\u00eda Negra. Se encuentra ubicada en las inmediaciones de la mayor reserva natural del pa\u00eds, el parque nacional Defensores del Chaco, que ya se ve amenazado por la extensi\u00f3n de las actividades mencionadas. Mientras una veintena de grupos econ\u00f3micos y grandes terratenientes se van apoderando de la mayor parte del distrito, y expandiendo sus unidades de negocios, en gran medida en base a la deforestaci\u00f3n de los fr\u00e1giles ecosistemas chaque\u00f1os, la poblaci\u00f3n mayoritaria queda al margen de ese supuesto desarrollo. Muchas comunidades ind\u00edgenas han sido, y siguen siendo, despojadas de sus tierras, como el caso del pueblo Yshir, el pueblo Ayoreo y los Guaran\u00ed \u00d1andeva. La poblaci\u00f3n del distrito manifiesta el total abandono en que se encuentran, la gran mayor\u00eda no tiene trabajo, y sus territorios se vienen destruyendo, imposibilitando continuar con las tradicionales pr\u00e1cticas de caza, recolecci\u00f3n y pesca. Los grandes due\u00f1os del Chaco paraguayo expanden sus dominios. Entre los principales est\u00e1n el empresario uruguayo Luis Saps cuenta con al menos 24 propiedades que suman 95.772 ha[3], solo en Bah\u00eda Negra; el establecimiento Los Molinos S.A de capital holand\u00e9s, con 61.923 ha; el Grupo Mao (ex grupo B&amp;R) con 11 propiedades y 44.000 ha. Hay otros grandes propietarios extranjeros, como el uruguayo Horacio Fern\u00e1ndez Ser\u00e9 y el brasile\u00f1o Jair Antonio Frasson, as\u00ed como otros de capital nacional, el grupo Zapag, el empresario Pedro Zucolillo y empresas menonitas, como Neufeld y C\u00eda. S.A. El narcotr\u00e1fico y otras actividades il\u00edcitas crecen en paralelo a la expansi\u00f3n de este modelo extractivo, con complicidad, por acci\u00f3n u omisi\u00f3n, de las instituciones estatales. Las tierras malhabidas e irregularmente apropiadas tambi\u00e9n gozan de impunidad en estos territorios, mientras las demandas ind\u00edgenas y campesinas siguen sin encontrar respuestas favorables. Bah\u00eda Negra repite la historia ya conocida, el \u201cdesarrollo\u201d y enriquecimiento de algunos, que ni siquiera pagan impuestos, se da a costa del empobrecimiento y la marginaci\u00f3n de muchos m\u00e1s, y de la irrecuperable destrucci\u00f3n de la belleza natural de los territorios. Definitivamente, el subdesarrollo lleg\u00f3 al Paraguay para quedarse por un largo tiempo. &nbsp; [1] Frank, Andr\u00e9 Gunder (1969) El desarrollo del subdesarrollo. Anagrama [2] https:\/\/www.launion.com.py\/santiago-pena-afirma-que-el-desarrollo-del-chaco-es-compatible-con-el-medioambiente-202317.html [3] Datos del Servicio Nacional de Catastro, disponible en https:\/\/www.catastro.gov.py\/index","og_url":"https:\/\/henoi.org.py\/index.php\/2024\/09\/04\/el-desarrollo-del-subdesarrollo-el-caso-de-bahia-negra\/","og_site_name":"henoi","article_published_time":"2024-09-04T12:58:31+00:00","article_modified_time":"2024-09-04T12:58:32+00:00","og_image":[{"width":2560,"height":1917,"url":"https:\/\/henoi.org.py\/wp-content\/uploads\/2024\/09\/Vista-Frontal-de-Bahia-Negra-1-scaled.jpg","type":"image\/jpeg"}],"author":"He\u00f1oi","twitter_card":"summary_large_image","twitter_misc":{"Escrito por":"He\u00f1oi","Tiempo de lectura":"6 minutos"},"schema":{"@context":"https:\/\/schema.org","@graph":[{"@type":"WebPage","@id":"https:\/\/henoi.org.py\/index.php\/2024\/09\/04\/el-desarrollo-del-subdesarrollo-el-caso-de-bahia-negra\/","url":"https:\/\/henoi.org.py\/index.php\/2024\/09\/04\/el-desarrollo-del-subdesarrollo-el-caso-de-bahia-negra\/","name":"El Desarrollo del Subdesarrollo. El caso de Bah\u00eda Negra - henoi","isPartOf":{"@id":"https:\/\/henoi.org.py\/#website"},"primaryImageOfPage":{"@id":"https:\/\/henoi.org.py\/index.php\/2024\/09\/04\/el-desarrollo-del-subdesarrollo-el-caso-de-bahia-negra\/#primaryimage"},"image":{"@id":"https:\/\/henoi.org.py\/index.php\/2024\/09\/04\/el-desarrollo-del-subdesarrollo-el-caso-de-bahia-negra\/#primaryimage"},"thumbnailUrl":"https:\/\/henoi.org.py\/wp-content\/uploads\/2024\/09\/Vista-Frontal-de-Bahia-Negra-1-scaled.jpg","datePublished":"2024-09-04T12:58:31+00:00","dateModified":"2024-09-04T12:58:32+00:00","author":{"@id":"https:\/\/henoi.org.py\/#\/schema\/person\/3366e0c9ecc69322037ce95a591b59d0"},"breadcrumb":{"@id":"https:\/\/henoi.org.py\/index.php\/2024\/09\/04\/el-desarrollo-del-subdesarrollo-el-caso-de-bahia-negra\/#breadcrumb"},"inLanguage":"es-AR","potentialAction":[{"@type":"ReadAction","target":["https:\/\/henoi.org.py\/index.php\/2024\/09\/04\/el-desarrollo-del-subdesarrollo-el-caso-de-bahia-negra\/"]}]},{"@type":"ImageObject","inLanguage":"es-AR","@id":"https:\/\/henoi.org.py\/index.php\/2024\/09\/04\/el-desarrollo-del-subdesarrollo-el-caso-de-bahia-negra\/#primaryimage","url":"https:\/\/henoi.org.py\/wp-content\/uploads\/2024\/09\/Vista-Frontal-de-Bahia-Negra-1-scaled.jpg","contentUrl":"https:\/\/henoi.org.py\/wp-content\/uploads\/2024\/09\/Vista-Frontal-de-Bahia-Negra-1-scaled.jpg","width":2560,"height":1917},{"@type":"BreadcrumbList","@id":"https:\/\/henoi.org.py\/index.php\/2024\/09\/04\/el-desarrollo-del-subdesarrollo-el-caso-de-bahia-negra\/#breadcrumb","itemListElement":[{"@type":"ListItem","position":1,"name":"Inicio","item":"https:\/\/henoi.org.py\/"},{"@type":"ListItem","position":2,"name":"El Desarrollo del Subdesarrollo. El caso de Bah\u00eda Negra"}]},{"@type":"WebSite","@id":"https:\/\/henoi.org.py\/#website","url":"https:\/\/henoi.org.py\/","name":"henoi","description":"Centro de estudios","potentialAction":[{"@type":"SearchAction","target":{"@type":"EntryPoint","urlTemplate":"https:\/\/henoi.org.py\/?s={search_term_string}"},"query-input":{"@type":"PropertyValueSpecification","valueRequired":true,"valueName":"search_term_string"}}],"inLanguage":"es-AR"},{"@type":"Person","@id":"https:\/\/henoi.org.py\/#\/schema\/person\/3366e0c9ecc69322037ce95a591b59d0","name":"He\u00f1oi","image":{"@type":"ImageObject","inLanguage":"es-AR","@id":"https:\/\/henoi.org.py\/#\/schema\/person\/image\/","url":"https:\/\/secure.gravatar.com\/avatar\/f3a9e761a2eb9637cb5be1b4af2f2dc1a9d76284adc9af24924ba5bdffbdf35d?s=96&d=mm&r=g","contentUrl":"https:\/\/secure.gravatar.com\/avatar\/f3a9e761a2eb9637cb5be1b4af2f2dc1a9d76284adc9af24924ba5bdffbdf35d?s=96&d=mm&r=g","caption":"He\u00f1oi"},"url":"https:\/\/henoi.org.py\/index.php\/author\/sandino\/"}]}},"_links":{"self":[{"href":"https:\/\/henoi.org.py\/index.php\/wp-json\/wp\/v2\/posts\/5191","targetHints":{"allow":["GET"]}}],"collection":[{"href":"https:\/\/henoi.org.py\/index.php\/wp-json\/wp\/v2\/posts"}],"about":[{"href":"https:\/\/henoi.org.py\/index.php\/wp-json\/wp\/v2\/types\/post"}],"author":[{"embeddable":true,"href":"https:\/\/henoi.org.py\/index.php\/wp-json\/wp\/v2\/users\/3"}],"replies":[{"embeddable":true,"href":"https:\/\/henoi.org.py\/index.php\/wp-json\/wp\/v2\/comments?post=5191"}],"version-history":[{"count":1,"href":"https:\/\/henoi.org.py\/index.php\/wp-json\/wp\/v2\/posts\/5191\/revisions"}],"predecessor-version":[{"id":5198,"href":"https:\/\/henoi.org.py\/index.php\/wp-json\/wp\/v2\/posts\/5191\/revisions\/5198"}],"wp:featuredmedia":[{"embeddable":true,"href":"https:\/\/henoi.org.py\/index.php\/wp-json\/wp\/v2\/media\/5193"}],"wp:attachment":[{"href":"https:\/\/henoi.org.py\/index.php\/wp-json\/wp\/v2\/media?parent=5191"}],"wp:term":[{"taxonomy":"category","embeddable":true,"href":"https:\/\/henoi.org.py\/index.php\/wp-json\/wp\/v2\/categories?post=5191"},{"taxonomy":"post_tag","embeddable":true,"href":"https:\/\/henoi.org.py\/index.php\/wp-json\/wp\/v2\/tags?post=5191"}],"curies":[{"name":"wp","href":"https:\/\/api.w.org\/{rel}","templated":true}]}}