{"id":5163,"date":"2024-08-01T11:28:25","date_gmt":"2024-08-01T14:28:25","guid":{"rendered":"https:\/\/henoi.org.py\/?p=5163"},"modified":"2024-08-01T13:00:34","modified_gmt":"2024-08-01T16:00:34","slug":"paracel-pobladores-de-hugua-nandu-denuncian-danos-ambientales","status":"publish","type":"post","link":"https:\/\/henoi.org.py\/index.php\/2024\/08\/01\/paracel-pobladores-de-hugua-nandu-denuncian-danos-ambientales\/","title":{"rendered":"PARACEL: Pobladores de Hugua \u00d1and\u00fa denuncian da\u00f1os ambientales"},"content":{"rendered":"\n<p>1\/Agosto\/2024<\/p>\n\n\n\n<p>Pobladores de la Colonia Jorge Sebasti\u00e1n Miranda (Ex Hugua \u00d1and\u00fa), ubicada en el distrito de Paso Barreto del Departamento de Concepci\u00f3n, manifestaron su preocupaci\u00f3n ante el avance de plantaciones de eucalipto de la empresa Paracel en la zona.<\/p>\n\n\n\n<figure class=\"wp-block-image size-large\"><img fetchpriority=\"high\" decoding=\"async\" width=\"1024\" height=\"688\" src=\"https:\/\/henoi.org.py\/wp-content\/uploads\/2024\/08\/DJI_0143-1024x688.jpg\" alt=\"\" class=\"wp-image-5164\" srcset=\"https:\/\/henoi.org.py\/wp-content\/uploads\/2024\/08\/DJI_0143-1024x688.jpg 1024w, https:\/\/henoi.org.py\/wp-content\/uploads\/2024\/08\/DJI_0143-300x202.jpg 300w, https:\/\/henoi.org.py\/wp-content\/uploads\/2024\/08\/DJI_0143-768x516.jpg 768w, https:\/\/henoi.org.py\/wp-content\/uploads\/2024\/08\/DJI_0143-1536x1032.jpg 1536w, https:\/\/henoi.org.py\/wp-content\/uploads\/2024\/08\/DJI_0143-2048x1376.jpg 2048w\" sizes=\"(max-width: 1024px) 100vw, 1024px\" \/><figcaption class=\"wp-element-caption\"><em>Plantaciones de Eucalipto en el tramo Hugua \u00d1andu &#8211; Puentesi\u00f1o. Foto: Sandino Flecha<\/em><\/figcaption><\/figure>\n\n\n\n<p>A trav\u00e9s de un comunicado, miembros de la comunidad donde se asientan unas 1.500 personas dedicadas en su mayor\u00eda a la agricultura y la ganader\u00eda afirmaron sentirse en riesgo ante las intensas fumigaciones que se realizan en los cultivos, el cambio de uso de suelo y la modificaci\u00f3n que observan en la regi\u00f3n del cerrado.<\/p>\n\n\n\n<p><br>\u201cActualmente, grandes extensiones de monocultivos de eucaliptos ocupan desde las cercan\u00edas del r\u00edo Aquidaban, extendi\u00e9ndose hacia el norte, cubriendo parte de los distritos Paso Barreto y Jos\u00e9 F\u00e9lix L\u00f3pez (Ex Puentesi\u00f1o), modificando totalmente el uso de suelo y suprimiendo la ecorregi\u00f3n denominada Cerrado Norte, caracterizado por ser un ecosistema con caracter\u00edsticas particulares por contar con humedales, sabanas, praderas naturales, matorrales de bosques, entre otros\u201d, se\u00f1ala parte del comunicado.<\/p>\n\n\n\n<p><br>En comunicaci\u00f3n con Eulogio Ben\u00edtez, uno de los voceros de los vecinos organizados en asamblea permanente, coment\u00f3 al Centro de Estudios He\u00f1\u00f3i que actualmente el arroyo Trementina, uno de los m\u00e1s emblem\u00e1ticos de la zona, se sec\u00f3 por primera vez. En los alrededores tambi\u00e9n vienen observando la reciente sequ\u00eda de humedales que eran de gran utilidad para la agricultura campesina.<\/p>\n\n\n\n<p><br>En otra parte del comunicado informaron que &#8220;grandes establecimientos agropecuarios colindantes a la comunidad como: La Blanca, \u00d1u Apu&#8217;a, Mandyju y otros tambi\u00e9n se encuentran incursionando en el cultivo del mencionado rubro, realidad que coloca a la comunidad en situaci\u00f3n de riesgo por las grandes cantidades de pesticidas utilizados en el cultivo y el cambio de uso de suelo&#8221;.<\/p>\n\n\n\n<figure class=\"wp-block-image size-large\"><img decoding=\"async\" width=\"1024\" height=\"768\" src=\"https:\/\/henoi.org.py\/wp-content\/uploads\/2024\/08\/WhatsApp-Image-2024-07-30-at-17.36.01-1024x768.jpeg\" alt=\"\" class=\"wp-image-5165\" srcset=\"https:\/\/henoi.org.py\/wp-content\/uploads\/2024\/08\/WhatsApp-Image-2024-07-30-at-17.36.01-1024x768.jpeg 1024w, https:\/\/henoi.org.py\/wp-content\/uploads\/2024\/08\/WhatsApp-Image-2024-07-30-at-17.36.01-300x225.jpeg 300w, https:\/\/henoi.org.py\/wp-content\/uploads\/2024\/08\/WhatsApp-Image-2024-07-30-at-17.36.01-768x576.jpeg 768w, https:\/\/henoi.org.py\/wp-content\/uploads\/2024\/08\/WhatsApp-Image-2024-07-30-at-17.36.01.jpeg 1040w\" sizes=\"(max-width: 1024px) 100vw, 1024px\" \/><figcaption class=\"wp-element-caption\"><em>Vecinos de la Colonia Hugua \u00d1andu reunidos en asamblea. Foto: Gentileza<\/em><\/figcaption><\/figure>\n\n\n\n<p>En ese sentido, Ben\u00edtez se\u00f1ala que existen numerosas quejas de vecinos y vecinas que colindan con las mencionadas propiedades con respecto al mal olor que expiden las fumigaciones, principalmente con la llegada del viento sur, as\u00ed como la proliferaci\u00f3n de plagas, como hormigas, en las viviendas y chacras campesinas cada vez que se realizan las fumigaciones.<\/p>\n\n\n\n<p> <br>La comisi\u00f3n de vecinos en asamblea permanente denuncia que tanto Paracel como las instituciones estatales no han realizado un debido proceso de informar a la comunidad sobre las implicancia e impactos que tiene la plantaci\u00f3n extensiva de eucaliptos en las comunidades. Asimismo, exigen la prohibici\u00f3n de dichas plantaciones a 500 metros del per\u00edmetro de la colonia.<\/p>\n\n\n\n<p><br>Por otra parte, pobladores de Hugua \u00d1and\u00fa anunciaron que iniciar\u00e1n un proceso de articulaci\u00f3n con comunidades aleda\u00f1as con las que tambi\u00e9n comparten las mismas quejas y preocupaciones sobre la situaci\u00f3n socioambiental por la que se encuentran atravesando y elevar\u00e1n sus denuncias a instancias locales, nacionales y de la empresa Paracel, asegurando que se encuentran amparados por el art\u00edculo 7 de la Constituci\u00f3n Nacional: &#8220;toda persona tiene derecho a habitar en un ambiente saludable y ecol\u00f3gicamente equilibrado&#8221;.<\/p>\n\n\n\n<p><br>Cabe se\u00f1alar que no es la primera vez que Paracel posee denuncias de este tipo. Pobladores del distrito de Sgto. Jos\u00e9 F\u00e9lix L\u00f3pez (Ex Puentesi\u00f1o) tambi\u00e9n vienen se\u00f1alando que la empresa se encuentra deforestando remanentes boscosos en tierras p\u00fablicas que se entran en conflicto con una comisi\u00f3n vecinal, as\u00ed como la fumigaci\u00f3n de plantaciones aleda\u00f1as a comunidades campesinas e ind\u00edgenas.<\/p>\n\n\n\n<p><br><strong>Tambi\u00e9n te puede interesar<\/strong><\/p>\n\n\n\n<p><br><a href=\"https:\/\/henoi.org.py\/index.php\/2024\/03\/27\/paracel-superposicion-de-fincas-y-militarizacion-del-conflicto\/\" target=\"_blank\" rel=\"noreferrer noopener\">PARACEL: superposici\u00f3n de fincas y militarizaci\u00f3n del conflicto<\/a><\/p>\n\n\n\n<p><a href=\"https:\/\/youtu.be\/22UCHjxmUKI?si=400p3xBVQI40nWQV\">\u00bfQu\u00e9 es paracel?<\/a><br><\/p>\n","protected":false},"excerpt":{"rendered":"<p>1\/Agosto\/2024 Pobladores de la Colonia Jorge Sebasti\u00e1n Miranda (Ex Hugua \u00d1and\u00fa), ubicada en el distrito de Paso Barreto del Departamento de Concepci\u00f3n, manifestaron su preocupaci\u00f3n ante el avance de plantaciones de eucalipto de la empresa Paracel en la zona. A trav\u00e9s de un comunicado, miembros de la comunidad donde se asientan unas 1.500 personas dedicadas en su mayor\u00eda a la agricultura y la ganader\u00eda afirmaron sentirse en riesgo ante las intensas fumigaciones que se realizan en los cultivos, el cambio de uso de suelo y la modificaci\u00f3n que observan en la regi\u00f3n del cerrado. \u201cActualmente, grandes extensiones de monocultivos de eucaliptos ocupan desde las cercan\u00edas del r\u00edo Aquidaban, extendi\u00e9ndose hacia el norte, cubriendo parte de los distritos Paso Barreto y Jos\u00e9 F\u00e9lix L\u00f3pez (Ex Puentesi\u00f1o), modificando totalmente el uso de suelo y suprimiendo la ecorregi\u00f3n denominada Cerrado Norte, caracterizado por ser un ecosistema con caracter\u00edsticas particulares por contar con humedales, sabanas, praderas naturales, matorrales de bosques, entre otros\u201d, se\u00f1ala parte del comunicado. En comunicaci\u00f3n con Eulogio Ben\u00edtez, uno de los voceros de los vecinos organizados en asamblea permanente, coment\u00f3 al Centro de Estudios He\u00f1\u00f3i que actualmente el arroyo Trementina, uno de los m\u00e1s emblem\u00e1ticos de la zona, se sec\u00f3 por primera vez. En los alrededores tambi\u00e9n vienen observando la reciente sequ\u00eda de humedales que eran de gran utilidad para la agricultura campesina. En otra parte del comunicado informaron que &#8220;grandes establecimientos agropecuarios colindantes a la comunidad como: La Blanca, \u00d1u Apu&#8217;a, Mandyju y otros tambi\u00e9n se encuentran incursionando en el cultivo del mencionado rubro, realidad que coloca a la comunidad en situaci\u00f3n de riesgo por las grandes cantidades de pesticidas utilizados en el cultivo y el cambio de uso de suelo&#8221;. En ese sentido, Ben\u00edtez se\u00f1ala que existen numerosas quejas de vecinos y vecinas que colindan con las mencionadas propiedades con respecto al mal olor que expiden las fumigaciones, principalmente con la llegada del viento sur, as\u00ed como la proliferaci\u00f3n de plagas, como hormigas, en las viviendas y chacras campesinas cada vez que se realizan las fumigaciones. La comisi\u00f3n de vecinos en asamblea permanente denuncia que tanto Paracel como las instituciones estatales no han realizado un debido proceso de informar a la comunidad sobre las implicancia e impactos que tiene la plantaci\u00f3n extensiva de eucaliptos en las comunidades. Asimismo, exigen la prohibici\u00f3n de dichas plantaciones a 500 metros del per\u00edmetro de la colonia. Por otra parte, pobladores de Hugua \u00d1and\u00fa anunciaron que iniciar\u00e1n un proceso de articulaci\u00f3n con comunidades aleda\u00f1as con las que tambi\u00e9n comparten las mismas quejas y preocupaciones sobre la situaci\u00f3n socioambiental por la que se encuentran atravesando y elevar\u00e1n sus denuncias a instancias locales, nacionales y de la empresa Paracel, asegurando que se encuentran amparados por el art\u00edculo 7 de la Constituci\u00f3n Nacional: &#8220;toda persona tiene derecho a habitar en un ambiente saludable y ecol\u00f3gicamente equilibrado&#8221;. Cabe se\u00f1alar que no es la primera vez que Paracel posee denuncias de este tipo. Pobladores del distrito de Sgto. Jos\u00e9 F\u00e9lix L\u00f3pez (Ex Puentesi\u00f1o) tambi\u00e9n vienen se\u00f1alando que la empresa se encuentra deforestando remanentes boscosos en tierras p\u00fablicas que se entran en conflicto con una comisi\u00f3n vecinal, as\u00ed como la fumigaci\u00f3n de plantaciones aleda\u00f1as a comunidades campesinas e ind\u00edgenas. Tambi\u00e9n te puede interesar PARACEL: superposici\u00f3n de fincas y militarizaci\u00f3n del conflicto \u00bfQu\u00e9 es paracel?<\/p>\n","protected":false},"author":3,"featured_media":5164,"comment_status":"open","ping_status":"open","sticky":false,"template":"","format":"standard","meta":{"footnotes":""},"categories":[273,5],"tags":[],"class_list":["post-5163","post","type-post","status-publish","format-standard","has-post-thumbnail","hentry","category-observatorio","category-publicaciones"],"yoast_head":"<!-- This site is optimized with the Yoast SEO plugin v25.5 - https:\/\/yoast.com\/wordpress\/plugins\/seo\/ -->\n<title>PARACEL: Pobladores de Hugua \u00d1and\u00fa denuncian da\u00f1os ambientales - henoi<\/title>\n<meta name=\"robots\" content=\"index, follow, max-snippet:-1, max-image-preview:large, max-video-preview:-1\" \/>\n<link rel=\"canonical\" href=\"https:\/\/henoi.org.py\/index.php\/2024\/08\/01\/paracel-pobladores-de-hugua-nandu-denuncian-danos-ambientales\/\" \/>\n<meta property=\"og:locale\" content=\"es_ES\" \/>\n<meta property=\"og:type\" content=\"article\" \/>\n<meta property=\"og:title\" content=\"PARACEL: Pobladores de Hugua \u00d1and\u00fa denuncian da\u00f1os ambientales - henoi\" \/>\n<meta property=\"og:description\" content=\"1\/Agosto\/2024 Pobladores de la Colonia Jorge Sebasti\u00e1n Miranda (Ex Hugua \u00d1and\u00fa), ubicada en el distrito de Paso Barreto del Departamento de Concepci\u00f3n, manifestaron su preocupaci\u00f3n ante el avance de plantaciones de eucalipto de la empresa Paracel en la zona. A trav\u00e9s de un comunicado, miembros de la comunidad donde se asientan unas 1.500 personas dedicadas en su mayor\u00eda a la agricultura y la ganader\u00eda afirmaron sentirse en riesgo ante las intensas fumigaciones que se realizan en los cultivos, el cambio de uso de suelo y la modificaci\u00f3n que observan en la regi\u00f3n del cerrado. \u201cActualmente, grandes extensiones de monocultivos de eucaliptos ocupan desde las cercan\u00edas del r\u00edo Aquidaban, extendi\u00e9ndose hacia el norte, cubriendo parte de los distritos Paso Barreto y Jos\u00e9 F\u00e9lix L\u00f3pez (Ex Puentesi\u00f1o), modificando totalmente el uso de suelo y suprimiendo la ecorregi\u00f3n denominada Cerrado Norte, caracterizado por ser un ecosistema con caracter\u00edsticas particulares por contar con humedales, sabanas, praderas naturales, matorrales de bosques, entre otros\u201d, se\u00f1ala parte del comunicado. En comunicaci\u00f3n con Eulogio Ben\u00edtez, uno de los voceros de los vecinos organizados en asamblea permanente, coment\u00f3 al Centro de Estudios He\u00f1\u00f3i que actualmente el arroyo Trementina, uno de los m\u00e1s emblem\u00e1ticos de la zona, se sec\u00f3 por primera vez. En los alrededores tambi\u00e9n vienen observando la reciente sequ\u00eda de humedales que eran de gran utilidad para la agricultura campesina. En otra parte del comunicado informaron que &#8220;grandes establecimientos agropecuarios colindantes a la comunidad como: La Blanca, \u00d1u Apu&#8217;a, Mandyju y otros tambi\u00e9n se encuentran incursionando en el cultivo del mencionado rubro, realidad que coloca a la comunidad en situaci\u00f3n de riesgo por las grandes cantidades de pesticidas utilizados en el cultivo y el cambio de uso de suelo&#8221;. En ese sentido, Ben\u00edtez se\u00f1ala que existen numerosas quejas de vecinos y vecinas que colindan con las mencionadas propiedades con respecto al mal olor que expiden las fumigaciones, principalmente con la llegada del viento sur, as\u00ed como la proliferaci\u00f3n de plagas, como hormigas, en las viviendas y chacras campesinas cada vez que se realizan las fumigaciones. La comisi\u00f3n de vecinos en asamblea permanente denuncia que tanto Paracel como las instituciones estatales no han realizado un debido proceso de informar a la comunidad sobre las implicancia e impactos que tiene la plantaci\u00f3n extensiva de eucaliptos en las comunidades. Asimismo, exigen la prohibici\u00f3n de dichas plantaciones a 500 metros del per\u00edmetro de la colonia. Por otra parte, pobladores de Hugua \u00d1and\u00fa anunciaron que iniciar\u00e1n un proceso de articulaci\u00f3n con comunidades aleda\u00f1as con las que tambi\u00e9n comparten las mismas quejas y preocupaciones sobre la situaci\u00f3n socioambiental por la que se encuentran atravesando y elevar\u00e1n sus denuncias a instancias locales, nacionales y de la empresa Paracel, asegurando que se encuentran amparados por el art\u00edculo 7 de la Constituci\u00f3n Nacional: &#8220;toda persona tiene derecho a habitar en un ambiente saludable y ecol\u00f3gicamente equilibrado&#8221;. Cabe se\u00f1alar que no es la primera vez que Paracel posee denuncias de este tipo. Pobladores del distrito de Sgto. Jos\u00e9 F\u00e9lix L\u00f3pez (Ex Puentesi\u00f1o) tambi\u00e9n vienen se\u00f1alando que la empresa se encuentra deforestando remanentes boscosos en tierras p\u00fablicas que se entran en conflicto con una comisi\u00f3n vecinal, as\u00ed como la fumigaci\u00f3n de plantaciones aleda\u00f1as a comunidades campesinas e ind\u00edgenas. Tambi\u00e9n te puede interesar PARACEL: superposici\u00f3n de fincas y militarizaci\u00f3n del conflicto \u00bfQu\u00e9 es paracel?\" \/>\n<meta property=\"og:url\" content=\"https:\/\/henoi.org.py\/index.php\/2024\/08\/01\/paracel-pobladores-de-hugua-nandu-denuncian-danos-ambientales\/\" \/>\n<meta property=\"og:site_name\" content=\"henoi\" \/>\n<meta property=\"article:published_time\" content=\"2024-08-01T14:28:25+00:00\" \/>\n<meta property=\"article:modified_time\" content=\"2024-08-01T16:00:34+00:00\" \/>\n<meta property=\"og:image\" content=\"https:\/\/henoi.org.py\/wp-content\/uploads\/2024\/08\/DJI_0143-scaled.jpg\" \/>\n\t<meta property=\"og:image:width\" content=\"2560\" \/>\n\t<meta property=\"og:image:height\" content=\"1720\" \/>\n\t<meta property=\"og:image:type\" content=\"image\/jpeg\" \/>\n<meta name=\"author\" content=\"He\u00f1oi\" \/>\n<meta name=\"twitter:card\" content=\"summary_large_image\" \/>\n<meta name=\"twitter:label1\" content=\"Escrito por\" \/>\n\t<meta name=\"twitter:data1\" content=\"He\u00f1oi\" \/>\n\t<meta name=\"twitter:label2\" content=\"Tiempo de lectura\" \/>\n\t<meta name=\"twitter:data2\" content=\"4 minutos\" \/>\n<script type=\"application\/ld+json\" class=\"yoast-schema-graph\">{\"@context\":\"https:\/\/schema.org\",\"@graph\":[{\"@type\":\"WebPage\",\"@id\":\"https:\/\/henoi.org.py\/index.php\/2024\/08\/01\/paracel-pobladores-de-hugua-nandu-denuncian-danos-ambientales\/\",\"url\":\"https:\/\/henoi.org.py\/index.php\/2024\/08\/01\/paracel-pobladores-de-hugua-nandu-denuncian-danos-ambientales\/\",\"name\":\"PARACEL: Pobladores de Hugua \u00d1and\u00fa denuncian da\u00f1os ambientales - henoi\",\"isPartOf\":{\"@id\":\"https:\/\/henoi.org.py\/#website\"},\"primaryImageOfPage\":{\"@id\":\"https:\/\/henoi.org.py\/index.php\/2024\/08\/01\/paracel-pobladores-de-hugua-nandu-denuncian-danos-ambientales\/#primaryimage\"},\"image\":{\"@id\":\"https:\/\/henoi.org.py\/index.php\/2024\/08\/01\/paracel-pobladores-de-hugua-nandu-denuncian-danos-ambientales\/#primaryimage\"},\"thumbnailUrl\":\"https:\/\/henoi.org.py\/wp-content\/uploads\/2024\/08\/DJI_0143-scaled.jpg\",\"datePublished\":\"2024-08-01T14:28:25+00:00\",\"dateModified\":\"2024-08-01T16:00:34+00:00\",\"author\":{\"@id\":\"https:\/\/henoi.org.py\/#\/schema\/person\/3366e0c9ecc69322037ce95a591b59d0\"},\"breadcrumb\":{\"@id\":\"https:\/\/henoi.org.py\/index.php\/2024\/08\/01\/paracel-pobladores-de-hugua-nandu-denuncian-danos-ambientales\/#breadcrumb\"},\"inLanguage\":\"es-AR\",\"potentialAction\":[{\"@type\":\"ReadAction\",\"target\":[\"https:\/\/henoi.org.py\/index.php\/2024\/08\/01\/paracel-pobladores-de-hugua-nandu-denuncian-danos-ambientales\/\"]}]},{\"@type\":\"ImageObject\",\"inLanguage\":\"es-AR\",\"@id\":\"https:\/\/henoi.org.py\/index.php\/2024\/08\/01\/paracel-pobladores-de-hugua-nandu-denuncian-danos-ambientales\/#primaryimage\",\"url\":\"https:\/\/henoi.org.py\/wp-content\/uploads\/2024\/08\/DJI_0143-scaled.jpg\",\"contentUrl\":\"https:\/\/henoi.org.py\/wp-content\/uploads\/2024\/08\/DJI_0143-scaled.jpg\",\"width\":2560,\"height\":1720},{\"@type\":\"BreadcrumbList\",\"@id\":\"https:\/\/henoi.org.py\/index.php\/2024\/08\/01\/paracel-pobladores-de-hugua-nandu-denuncian-danos-ambientales\/#breadcrumb\",\"itemListElement\":[{\"@type\":\"ListItem\",\"position\":1,\"name\":\"Inicio\",\"item\":\"https:\/\/henoi.org.py\/\"},{\"@type\":\"ListItem\",\"position\":2,\"name\":\"PARACEL: Pobladores de Hugua \u00d1and\u00fa denuncian da\u00f1os ambientales\"}]},{\"@type\":\"WebSite\",\"@id\":\"https:\/\/henoi.org.py\/#website\",\"url\":\"https:\/\/henoi.org.py\/\",\"name\":\"henoi\",\"description\":\"Centro de estudios\",\"potentialAction\":[{\"@type\":\"SearchAction\",\"target\":{\"@type\":\"EntryPoint\",\"urlTemplate\":\"https:\/\/henoi.org.py\/?s={search_term_string}\"},\"query-input\":{\"@type\":\"PropertyValueSpecification\",\"valueRequired\":true,\"valueName\":\"search_term_string\"}}],\"inLanguage\":\"es-AR\"},{\"@type\":\"Person\",\"@id\":\"https:\/\/henoi.org.py\/#\/schema\/person\/3366e0c9ecc69322037ce95a591b59d0\",\"name\":\"He\u00f1oi\",\"image\":{\"@type\":\"ImageObject\",\"inLanguage\":\"es-AR\",\"@id\":\"https:\/\/henoi.org.py\/#\/schema\/person\/image\/\",\"url\":\"https:\/\/secure.gravatar.com\/avatar\/f3a9e761a2eb9637cb5be1b4af2f2dc1a9d76284adc9af24924ba5bdffbdf35d?s=96&d=mm&r=g\",\"contentUrl\":\"https:\/\/secure.gravatar.com\/avatar\/f3a9e761a2eb9637cb5be1b4af2f2dc1a9d76284adc9af24924ba5bdffbdf35d?s=96&d=mm&r=g\",\"caption\":\"He\u00f1oi\"},\"url\":\"https:\/\/henoi.org.py\/index.php\/author\/sandino\/\"}]}<\/script>\n<!-- \/ Yoast SEO plugin. -->","yoast_head_json":{"title":"PARACEL: Pobladores de Hugua \u00d1and\u00fa denuncian da\u00f1os ambientales - henoi","robots":{"index":"index","follow":"follow","max-snippet":"max-snippet:-1","max-image-preview":"max-image-preview:large","max-video-preview":"max-video-preview:-1"},"canonical":"https:\/\/henoi.org.py\/index.php\/2024\/08\/01\/paracel-pobladores-de-hugua-nandu-denuncian-danos-ambientales\/","og_locale":"es_ES","og_type":"article","og_title":"PARACEL: Pobladores de Hugua \u00d1and\u00fa denuncian da\u00f1os ambientales - henoi","og_description":"1\/Agosto\/2024 Pobladores de la Colonia Jorge Sebasti\u00e1n Miranda (Ex Hugua \u00d1and\u00fa), ubicada en el distrito de Paso Barreto del Departamento de Concepci\u00f3n, manifestaron su preocupaci\u00f3n ante el avance de plantaciones de eucalipto de la empresa Paracel en la zona. A trav\u00e9s de un comunicado, miembros de la comunidad donde se asientan unas 1.500 personas dedicadas en su mayor\u00eda a la agricultura y la ganader\u00eda afirmaron sentirse en riesgo ante las intensas fumigaciones que se realizan en los cultivos, el cambio de uso de suelo y la modificaci\u00f3n que observan en la regi\u00f3n del cerrado. \u201cActualmente, grandes extensiones de monocultivos de eucaliptos ocupan desde las cercan\u00edas del r\u00edo Aquidaban, extendi\u00e9ndose hacia el norte, cubriendo parte de los distritos Paso Barreto y Jos\u00e9 F\u00e9lix L\u00f3pez (Ex Puentesi\u00f1o), modificando totalmente el uso de suelo y suprimiendo la ecorregi\u00f3n denominada Cerrado Norte, caracterizado por ser un ecosistema con caracter\u00edsticas particulares por contar con humedales, sabanas, praderas naturales, matorrales de bosques, entre otros\u201d, se\u00f1ala parte del comunicado. En comunicaci\u00f3n con Eulogio Ben\u00edtez, uno de los voceros de los vecinos organizados en asamblea permanente, coment\u00f3 al Centro de Estudios He\u00f1\u00f3i que actualmente el arroyo Trementina, uno de los m\u00e1s emblem\u00e1ticos de la zona, se sec\u00f3 por primera vez. En los alrededores tambi\u00e9n vienen observando la reciente sequ\u00eda de humedales que eran de gran utilidad para la agricultura campesina. En otra parte del comunicado informaron que &#8220;grandes establecimientos agropecuarios colindantes a la comunidad como: La Blanca, \u00d1u Apu&#8217;a, Mandyju y otros tambi\u00e9n se encuentran incursionando en el cultivo del mencionado rubro, realidad que coloca a la comunidad en situaci\u00f3n de riesgo por las grandes cantidades de pesticidas utilizados en el cultivo y el cambio de uso de suelo&#8221;. En ese sentido, Ben\u00edtez se\u00f1ala que existen numerosas quejas de vecinos y vecinas que colindan con las mencionadas propiedades con respecto al mal olor que expiden las fumigaciones, principalmente con la llegada del viento sur, as\u00ed como la proliferaci\u00f3n de plagas, como hormigas, en las viviendas y chacras campesinas cada vez que se realizan las fumigaciones. La comisi\u00f3n de vecinos en asamblea permanente denuncia que tanto Paracel como las instituciones estatales no han realizado un debido proceso de informar a la comunidad sobre las implicancia e impactos que tiene la plantaci\u00f3n extensiva de eucaliptos en las comunidades. Asimismo, exigen la prohibici\u00f3n de dichas plantaciones a 500 metros del per\u00edmetro de la colonia. Por otra parte, pobladores de Hugua \u00d1and\u00fa anunciaron que iniciar\u00e1n un proceso de articulaci\u00f3n con comunidades aleda\u00f1as con las que tambi\u00e9n comparten las mismas quejas y preocupaciones sobre la situaci\u00f3n socioambiental por la que se encuentran atravesando y elevar\u00e1n sus denuncias a instancias locales, nacionales y de la empresa Paracel, asegurando que se encuentran amparados por el art\u00edculo 7 de la Constituci\u00f3n Nacional: &#8220;toda persona tiene derecho a habitar en un ambiente saludable y ecol\u00f3gicamente equilibrado&#8221;. Cabe se\u00f1alar que no es la primera vez que Paracel posee denuncias de este tipo. Pobladores del distrito de Sgto. Jos\u00e9 F\u00e9lix L\u00f3pez (Ex Puentesi\u00f1o) tambi\u00e9n vienen se\u00f1alando que la empresa se encuentra deforestando remanentes boscosos en tierras p\u00fablicas que se entran en conflicto con una comisi\u00f3n vecinal, as\u00ed como la fumigaci\u00f3n de plantaciones aleda\u00f1as a comunidades campesinas e ind\u00edgenas. Tambi\u00e9n te puede interesar PARACEL: superposici\u00f3n de fincas y militarizaci\u00f3n del conflicto \u00bfQu\u00e9 es paracel?","og_url":"https:\/\/henoi.org.py\/index.php\/2024\/08\/01\/paracel-pobladores-de-hugua-nandu-denuncian-danos-ambientales\/","og_site_name":"henoi","article_published_time":"2024-08-01T14:28:25+00:00","article_modified_time":"2024-08-01T16:00:34+00:00","og_image":[{"width":2560,"height":1720,"url":"https:\/\/henoi.org.py\/wp-content\/uploads\/2024\/08\/DJI_0143-scaled.jpg","type":"image\/jpeg"}],"author":"He\u00f1oi","twitter_card":"summary_large_image","twitter_misc":{"Escrito por":"He\u00f1oi","Tiempo de lectura":"4 minutos"},"schema":{"@context":"https:\/\/schema.org","@graph":[{"@type":"WebPage","@id":"https:\/\/henoi.org.py\/index.php\/2024\/08\/01\/paracel-pobladores-de-hugua-nandu-denuncian-danos-ambientales\/","url":"https:\/\/henoi.org.py\/index.php\/2024\/08\/01\/paracel-pobladores-de-hugua-nandu-denuncian-danos-ambientales\/","name":"PARACEL: Pobladores de Hugua \u00d1and\u00fa denuncian da\u00f1os ambientales - henoi","isPartOf":{"@id":"https:\/\/henoi.org.py\/#website"},"primaryImageOfPage":{"@id":"https:\/\/henoi.org.py\/index.php\/2024\/08\/01\/paracel-pobladores-de-hugua-nandu-denuncian-danos-ambientales\/#primaryimage"},"image":{"@id":"https:\/\/henoi.org.py\/index.php\/2024\/08\/01\/paracel-pobladores-de-hugua-nandu-denuncian-danos-ambientales\/#primaryimage"},"thumbnailUrl":"https:\/\/henoi.org.py\/wp-content\/uploads\/2024\/08\/DJI_0143-scaled.jpg","datePublished":"2024-08-01T14:28:25+00:00","dateModified":"2024-08-01T16:00:34+00:00","author":{"@id":"https:\/\/henoi.org.py\/#\/schema\/person\/3366e0c9ecc69322037ce95a591b59d0"},"breadcrumb":{"@id":"https:\/\/henoi.org.py\/index.php\/2024\/08\/01\/paracel-pobladores-de-hugua-nandu-denuncian-danos-ambientales\/#breadcrumb"},"inLanguage":"es-AR","potentialAction":[{"@type":"ReadAction","target":["https:\/\/henoi.org.py\/index.php\/2024\/08\/01\/paracel-pobladores-de-hugua-nandu-denuncian-danos-ambientales\/"]}]},{"@type":"ImageObject","inLanguage":"es-AR","@id":"https:\/\/henoi.org.py\/index.php\/2024\/08\/01\/paracel-pobladores-de-hugua-nandu-denuncian-danos-ambientales\/#primaryimage","url":"https:\/\/henoi.org.py\/wp-content\/uploads\/2024\/08\/DJI_0143-scaled.jpg","contentUrl":"https:\/\/henoi.org.py\/wp-content\/uploads\/2024\/08\/DJI_0143-scaled.jpg","width":2560,"height":1720},{"@type":"BreadcrumbList","@id":"https:\/\/henoi.org.py\/index.php\/2024\/08\/01\/paracel-pobladores-de-hugua-nandu-denuncian-danos-ambientales\/#breadcrumb","itemListElement":[{"@type":"ListItem","position":1,"name":"Inicio","item":"https:\/\/henoi.org.py\/"},{"@type":"ListItem","position":2,"name":"PARACEL: Pobladores de Hugua \u00d1and\u00fa denuncian da\u00f1os ambientales"}]},{"@type":"WebSite","@id":"https:\/\/henoi.org.py\/#website","url":"https:\/\/henoi.org.py\/","name":"henoi","description":"Centro de estudios","potentialAction":[{"@type":"SearchAction","target":{"@type":"EntryPoint","urlTemplate":"https:\/\/henoi.org.py\/?s={search_term_string}"},"query-input":{"@type":"PropertyValueSpecification","valueRequired":true,"valueName":"search_term_string"}}],"inLanguage":"es-AR"},{"@type":"Person","@id":"https:\/\/henoi.org.py\/#\/schema\/person\/3366e0c9ecc69322037ce95a591b59d0","name":"He\u00f1oi","image":{"@type":"ImageObject","inLanguage":"es-AR","@id":"https:\/\/henoi.org.py\/#\/schema\/person\/image\/","url":"https:\/\/secure.gravatar.com\/avatar\/f3a9e761a2eb9637cb5be1b4af2f2dc1a9d76284adc9af24924ba5bdffbdf35d?s=96&d=mm&r=g","contentUrl":"https:\/\/secure.gravatar.com\/avatar\/f3a9e761a2eb9637cb5be1b4af2f2dc1a9d76284adc9af24924ba5bdffbdf35d?s=96&d=mm&r=g","caption":"He\u00f1oi"},"url":"https:\/\/henoi.org.py\/index.php\/author\/sandino\/"}]}},"_links":{"self":[{"href":"https:\/\/henoi.org.py\/index.php\/wp-json\/wp\/v2\/posts\/5163","targetHints":{"allow":["GET"]}}],"collection":[{"href":"https:\/\/henoi.org.py\/index.php\/wp-json\/wp\/v2\/posts"}],"about":[{"href":"https:\/\/henoi.org.py\/index.php\/wp-json\/wp\/v2\/types\/post"}],"author":[{"embeddable":true,"href":"https:\/\/henoi.org.py\/index.php\/wp-json\/wp\/v2\/users\/3"}],"replies":[{"embeddable":true,"href":"https:\/\/henoi.org.py\/index.php\/wp-json\/wp\/v2\/comments?post=5163"}],"version-history":[{"count":4,"href":"https:\/\/henoi.org.py\/index.php\/wp-json\/wp\/v2\/posts\/5163\/revisions"}],"predecessor-version":[{"id":5171,"href":"https:\/\/henoi.org.py\/index.php\/wp-json\/wp\/v2\/posts\/5163\/revisions\/5171"}],"wp:featuredmedia":[{"embeddable":true,"href":"https:\/\/henoi.org.py\/index.php\/wp-json\/wp\/v2\/media\/5164"}],"wp:attachment":[{"href":"https:\/\/henoi.org.py\/index.php\/wp-json\/wp\/v2\/media?parent=5163"}],"wp:term":[{"taxonomy":"category","embeddable":true,"href":"https:\/\/henoi.org.py\/index.php\/wp-json\/wp\/v2\/categories?post=5163"},{"taxonomy":"post_tag","embeddable":true,"href":"https:\/\/henoi.org.py\/index.php\/wp-json\/wp\/v2\/tags?post=5163"}],"curies":[{"name":"wp","href":"https:\/\/api.w.org\/{rel}","templated":true}]}}