{"id":4225,"date":"2023-08-16T09:08:06","date_gmt":"2023-08-16T12:08:06","guid":{"rendered":"https:\/\/henoi.org.py\/?p=4225"},"modified":"2024-03-04T10:45:22","modified_gmt":"2024-03-04T13:45:22","slug":"observatorio-de-derechos-humanos-y-ambientales-edicion-julio","status":"publish","type":"post","link":"https:\/\/henoi.org.py\/index.php\/2023\/08\/16\/observatorio-de-derechos-humanos-y-ambientales-edicion-julio\/","title":{"rendered":"Observatorio de Derechos Humanos y Ambientales &#8211; Edici\u00f3n Julio."},"content":{"rendered":"\n<p>&#8220;<em><strong>Monocultivos de ecucaliptos y plantas de producci\u00f3n de celulosa: de la sart\u00e9n al fuego<\/strong><\/em>&#8220;<\/p>\n\n\n\n<figure class=\"wp-block-image size-full\"><img fetchpriority=\"high\" decoding=\"async\" width=\"840\" height=\"473\" src=\"https:\/\/henoi.org.py\/wp-content\/uploads\/2023\/08\/0129a290e82f1c7143c112883e44b0efe62368508045bb39_840-1.jpg\" alt=\"\" class=\"wp-image-4235\" srcset=\"https:\/\/henoi.org.py\/wp-content\/uploads\/2023\/08\/0129a290e82f1c7143c112883e44b0efe62368508045bb39_840-1.jpg 840w, https:\/\/henoi.org.py\/wp-content\/uploads\/2023\/08\/0129a290e82f1c7143c112883e44b0efe62368508045bb39_840-1-300x169.jpg 300w, https:\/\/henoi.org.py\/wp-content\/uploads\/2023\/08\/0129a290e82f1c7143c112883e44b0efe62368508045bb39_840-1-768x432.jpg 768w\" sizes=\"(max-width: 840px) 100vw, 840px\" \/><figcaption class=\"wp-element-caption\"><em>Foto: Gentileza<\/em><\/figcaption><\/figure>\n\n\n\n<p>La crisis del agua en Uruguay y el r\u00e9cord hist\u00f3rico de la ola de calor en Europa sirven como muestra de que la crisis clim\u00e1tica est\u00e1 sucediendo ahora mismo, que afecta fuertemente a la producci\u00f3n de alimentos, a la disponibilidad de agua y a la salud e impacta a toda la poblaci\u00f3n, y con mayor dureza a las  comunidades campesinas e ind\u00edgenas. Y que debe abordarse con todos los medios posibles orientados a soluciones reales y no al lavado verde.<\/p>\n\n\n\n<p><br>Sin embargo, la financiaci\u00f3n clim\u00e1tica internacional se destina a proyectos que hacen m\u00e1s mal que bien. El Fondo Verde para el Clima de la ONU ha estado invirtiendo en monocultivos de \u00e1rboles, que recientemente han recibido atenci\u00f3n negativa de los medios debido a sus impactos adversos en las personas y el propio medio ambiente.<\/p>\n\n\n\n<p>Descargue el art\u00edculo completo aqu\u00ed: <a href=\"https:\/\/henoi.org.py\/wp-content\/uploads\/2023\/08\/Monocultivo-de-eucaliptos-y-plantas-de-produccion-de-celulosa.-De-la-sarten-al-fuego.pdf\">https:\/\/henoi.org.py\/wp-content\/uploads\/2023\/08\/Monocultivo-de-eucaliptos-y-plantas-de-produccion-de-celulosa.-De-la-sarten-al-fuego.pdf<\/a><\/p>\n\n\n\n<div class=\"wp-block-group\"><div class=\"wp-block-group__inner-container is-layout-flow wp-block-group-is-layout-flow\">\n<div class=\"wp-block-embedpress-document embedpress-document-embed ep-doc-embedpress-pdf-1692188296298\" style=\"height:600px;width:600px\"><div style=\"height:600px;width:600px\" class=\"embedpress-embed-document-pdf embedpress-pdf-1692188296298\" data-emid=\"embedpress-pdf-1692188296298\" data-emsrc=\"https:\/\/henoi.org.py\/wp-content\/uploads\/2023\/08\/Monocultivo-de-eucaliptos-y-plantas-de-produccion-de-celulosa.-De-la-sarten-al-fuego.pdf\"><\/div><p class=\"embedpress-el-powered\">Powered By EmbedPress<\/p><\/div>\n<\/div><\/div>\n","protected":false},"excerpt":{"rendered":"<p>&#8220;Monocultivos de ecucaliptos y plantas de producci\u00f3n de celulosa: de la sart\u00e9n al fuego&#8220; La crisis del agua en Uruguay y el r\u00e9cord hist\u00f3rico de la ola de calor en Europa sirven como muestra de que la crisis clim\u00e1tica est\u00e1 sucediendo ahora mismo, que afecta fuertemente a la producci\u00f3n de alimentos, a la disponibilidad de agua y a la salud e impacta a toda la poblaci\u00f3n, y con mayor dureza a las comunidades campesinas e ind\u00edgenas. Y que debe abordarse con todos los medios posibles orientados a soluciones reales y no al lavado verde. Sin embargo, la financiaci\u00f3n clim\u00e1tica internacional se destina a proyectos que hacen m\u00e1s mal que bien. El Fondo Verde para el Clima de la ONU ha estado invirtiendo en monocultivos de \u00e1rboles, que recientemente han recibido atenci\u00f3n negativa de los medios debido a sus impactos adversos en las personas y el propio medio ambiente. Descargue el art\u00edculo completo aqu\u00ed: https:\/\/henoi.org.py\/wp-content\/uploads\/2023\/08\/Monocultivo-de-eucaliptos-y-plantas-de-produccion-de-celulosa.-De-la-sarten-al-fuego.pdf<\/p>\n","protected":false},"author":3,"featured_media":4228,"comment_status":"open","ping_status":"open","sticky":false,"template":"","format":"standard","meta":{"footnotes":""},"categories":[273,5],"tags":[],"class_list":["post-4225","post","type-post","status-publish","format-standard","has-post-thumbnail","hentry","category-observatorio","category-publicaciones"],"yoast_head":"<!-- This site is optimized with the Yoast SEO plugin v25.5 - https:\/\/yoast.com\/wordpress\/plugins\/seo\/ -->\n<title>Observatorio de Derechos Humanos y Ambientales - Edici\u00f3n Julio. - henoi<\/title>\n<meta name=\"robots\" content=\"index, follow, max-snippet:-1, max-image-preview:large, max-video-preview:-1\" \/>\n<link rel=\"canonical\" href=\"https:\/\/henoi.org.py\/index.php\/2023\/08\/16\/observatorio-de-derechos-humanos-y-ambientales-edicion-julio\/\" \/>\n<meta property=\"og:locale\" content=\"es_ES\" \/>\n<meta property=\"og:type\" content=\"article\" \/>\n<meta property=\"og:title\" content=\"Observatorio de Derechos Humanos y Ambientales - Edici\u00f3n Julio. - henoi\" \/>\n<meta property=\"og:description\" content=\"&#8220;Monocultivos de ecucaliptos y plantas de producci\u00f3n de celulosa: de la sart\u00e9n al fuego&#8220; La crisis del agua en Uruguay y el r\u00e9cord hist\u00f3rico de la ola de calor en Europa sirven como muestra de que la crisis clim\u00e1tica est\u00e1 sucediendo ahora mismo, que afecta fuertemente a la producci\u00f3n de alimentos, a la disponibilidad de agua y a la salud e impacta a toda la poblaci\u00f3n, y con mayor dureza a las comunidades campesinas e ind\u00edgenas. Y que debe abordarse con todos los medios posibles orientados a soluciones reales y no al lavado verde. Sin embargo, la financiaci\u00f3n clim\u00e1tica internacional se destina a proyectos que hacen m\u00e1s mal que bien. El Fondo Verde para el Clima de la ONU ha estado invirtiendo en monocultivos de \u00e1rboles, que recientemente han recibido atenci\u00f3n negativa de los medios debido a sus impactos adversos en las personas y el propio medio ambiente. Descargue el art\u00edculo completo aqu\u00ed: https:\/\/henoi.org.py\/wp-content\/uploads\/2023\/08\/Monocultivo-de-eucaliptos-y-plantas-de-produccion-de-celulosa.-De-la-sarten-al-fuego.pdf\" \/>\n<meta property=\"og:url\" content=\"https:\/\/henoi.org.py\/index.php\/2023\/08\/16\/observatorio-de-derechos-humanos-y-ambientales-edicion-julio\/\" \/>\n<meta property=\"og:site_name\" content=\"henoi\" \/>\n<meta property=\"article:published_time\" content=\"2023-08-16T12:08:06+00:00\" \/>\n<meta property=\"article:modified_time\" content=\"2024-03-04T13:45:22+00:00\" \/>\n<meta property=\"og:image\" content=\"https:\/\/henoi.org.py\/wp-content\/uploads\/2023\/08\/0129a290e82f1c7143c112883e44b0efe62368508045bb39_840.jpg\" \/>\n\t<meta property=\"og:image:width\" content=\"840\" \/>\n\t<meta property=\"og:image:height\" content=\"473\" \/>\n\t<meta property=\"og:image:type\" content=\"image\/jpeg\" \/>\n<meta name=\"author\" content=\"He\u00f1oi\" \/>\n<meta name=\"twitter:card\" content=\"summary_large_image\" \/>\n<meta name=\"twitter:label1\" content=\"Escrito por\" \/>\n\t<meta name=\"twitter:data1\" content=\"He\u00f1oi\" \/>\n\t<meta name=\"twitter:label2\" content=\"Tiempo de lectura\" \/>\n\t<meta name=\"twitter:data2\" content=\"1 minuto\" \/>\n<script type=\"application\/ld+json\" class=\"yoast-schema-graph\">{\"@context\":\"https:\/\/schema.org\",\"@graph\":[{\"@type\":\"WebPage\",\"@id\":\"https:\/\/henoi.org.py\/index.php\/2023\/08\/16\/observatorio-de-derechos-humanos-y-ambientales-edicion-julio\/\",\"url\":\"https:\/\/henoi.org.py\/index.php\/2023\/08\/16\/observatorio-de-derechos-humanos-y-ambientales-edicion-julio\/\",\"name\":\"Observatorio de Derechos Humanos y Ambientales - Edici\u00f3n Julio. - henoi\",\"isPartOf\":{\"@id\":\"https:\/\/henoi.org.py\/#website\"},\"primaryImageOfPage\":{\"@id\":\"https:\/\/henoi.org.py\/index.php\/2023\/08\/16\/observatorio-de-derechos-humanos-y-ambientales-edicion-julio\/#primaryimage\"},\"image\":{\"@id\":\"https:\/\/henoi.org.py\/index.php\/2023\/08\/16\/observatorio-de-derechos-humanos-y-ambientales-edicion-julio\/#primaryimage\"},\"thumbnailUrl\":\"https:\/\/henoi.org.py\/wp-content\/uploads\/2023\/08\/0129a290e82f1c7143c112883e44b0efe62368508045bb39_840.jpg\",\"datePublished\":\"2023-08-16T12:08:06+00:00\",\"dateModified\":\"2024-03-04T13:45:22+00:00\",\"author\":{\"@id\":\"https:\/\/henoi.org.py\/#\/schema\/person\/3366e0c9ecc69322037ce95a591b59d0\"},\"breadcrumb\":{\"@id\":\"https:\/\/henoi.org.py\/index.php\/2023\/08\/16\/observatorio-de-derechos-humanos-y-ambientales-edicion-julio\/#breadcrumb\"},\"inLanguage\":\"es-AR\",\"potentialAction\":[{\"@type\":\"ReadAction\",\"target\":[\"https:\/\/henoi.org.py\/index.php\/2023\/08\/16\/observatorio-de-derechos-humanos-y-ambientales-edicion-julio\/\"]}]},{\"@type\":\"ImageObject\",\"inLanguage\":\"es-AR\",\"@id\":\"https:\/\/henoi.org.py\/index.php\/2023\/08\/16\/observatorio-de-derechos-humanos-y-ambientales-edicion-julio\/#primaryimage\",\"url\":\"https:\/\/henoi.org.py\/wp-content\/uploads\/2023\/08\/0129a290e82f1c7143c112883e44b0efe62368508045bb39_840.jpg\",\"contentUrl\":\"https:\/\/henoi.org.py\/wp-content\/uploads\/2023\/08\/0129a290e82f1c7143c112883e44b0efe62368508045bb39_840.jpg\",\"width\":840,\"height\":473},{\"@type\":\"BreadcrumbList\",\"@id\":\"https:\/\/henoi.org.py\/index.php\/2023\/08\/16\/observatorio-de-derechos-humanos-y-ambientales-edicion-julio\/#breadcrumb\",\"itemListElement\":[{\"@type\":\"ListItem\",\"position\":1,\"name\":\"Inicio\",\"item\":\"https:\/\/henoi.org.py\/\"},{\"@type\":\"ListItem\",\"position\":2,\"name\":\"Observatorio de Derechos Humanos y Ambientales &#8211; Edici\u00f3n Julio.\"}]},{\"@type\":\"WebSite\",\"@id\":\"https:\/\/henoi.org.py\/#website\",\"url\":\"https:\/\/henoi.org.py\/\",\"name\":\"henoi\",\"description\":\"Centro de estudios\",\"potentialAction\":[{\"@type\":\"SearchAction\",\"target\":{\"@type\":\"EntryPoint\",\"urlTemplate\":\"https:\/\/henoi.org.py\/?s={search_term_string}\"},\"query-input\":{\"@type\":\"PropertyValueSpecification\",\"valueRequired\":true,\"valueName\":\"search_term_string\"}}],\"inLanguage\":\"es-AR\"},{\"@type\":\"Person\",\"@id\":\"https:\/\/henoi.org.py\/#\/schema\/person\/3366e0c9ecc69322037ce95a591b59d0\",\"name\":\"He\u00f1oi\",\"image\":{\"@type\":\"ImageObject\",\"inLanguage\":\"es-AR\",\"@id\":\"https:\/\/henoi.org.py\/#\/schema\/person\/image\/\",\"url\":\"https:\/\/secure.gravatar.com\/avatar\/f3a9e761a2eb9637cb5be1b4af2f2dc1a9d76284adc9af24924ba5bdffbdf35d?s=96&d=mm&r=g\",\"contentUrl\":\"https:\/\/secure.gravatar.com\/avatar\/f3a9e761a2eb9637cb5be1b4af2f2dc1a9d76284adc9af24924ba5bdffbdf35d?s=96&d=mm&r=g\",\"caption\":\"He\u00f1oi\"},\"url\":\"https:\/\/henoi.org.py\/index.php\/author\/sandino\/\"}]}<\/script>\n<!-- \/ Yoast SEO plugin. -->","yoast_head_json":{"title":"Observatorio de Derechos Humanos y Ambientales - Edici\u00f3n Julio. - henoi","robots":{"index":"index","follow":"follow","max-snippet":"max-snippet:-1","max-image-preview":"max-image-preview:large","max-video-preview":"max-video-preview:-1"},"canonical":"https:\/\/henoi.org.py\/index.php\/2023\/08\/16\/observatorio-de-derechos-humanos-y-ambientales-edicion-julio\/","og_locale":"es_ES","og_type":"article","og_title":"Observatorio de Derechos Humanos y Ambientales - Edici\u00f3n Julio. - henoi","og_description":"&#8220;Monocultivos de ecucaliptos y plantas de producci\u00f3n de celulosa: de la sart\u00e9n al fuego&#8220; La crisis del agua en Uruguay y el r\u00e9cord hist\u00f3rico de la ola de calor en Europa sirven como muestra de que la crisis clim\u00e1tica est\u00e1 sucediendo ahora mismo, que afecta fuertemente a la producci\u00f3n de alimentos, a la disponibilidad de agua y a la salud e impacta a toda la poblaci\u00f3n, y con mayor dureza a las comunidades campesinas e ind\u00edgenas. Y que debe abordarse con todos los medios posibles orientados a soluciones reales y no al lavado verde. Sin embargo, la financiaci\u00f3n clim\u00e1tica internacional se destina a proyectos que hacen m\u00e1s mal que bien. El Fondo Verde para el Clima de la ONU ha estado invirtiendo en monocultivos de \u00e1rboles, que recientemente han recibido atenci\u00f3n negativa de los medios debido a sus impactos adversos en las personas y el propio medio ambiente. Descargue el art\u00edculo completo aqu\u00ed: https:\/\/henoi.org.py\/wp-content\/uploads\/2023\/08\/Monocultivo-de-eucaliptos-y-plantas-de-produccion-de-celulosa.-De-la-sarten-al-fuego.pdf","og_url":"https:\/\/henoi.org.py\/index.php\/2023\/08\/16\/observatorio-de-derechos-humanos-y-ambientales-edicion-julio\/","og_site_name":"henoi","article_published_time":"2023-08-16T12:08:06+00:00","article_modified_time":"2024-03-04T13:45:22+00:00","og_image":[{"width":840,"height":473,"url":"https:\/\/henoi.org.py\/wp-content\/uploads\/2023\/08\/0129a290e82f1c7143c112883e44b0efe62368508045bb39_840.jpg","type":"image\/jpeg"}],"author":"He\u00f1oi","twitter_card":"summary_large_image","twitter_misc":{"Escrito por":"He\u00f1oi","Tiempo de lectura":"1 minuto"},"schema":{"@context":"https:\/\/schema.org","@graph":[{"@type":"WebPage","@id":"https:\/\/henoi.org.py\/index.php\/2023\/08\/16\/observatorio-de-derechos-humanos-y-ambientales-edicion-julio\/","url":"https:\/\/henoi.org.py\/index.php\/2023\/08\/16\/observatorio-de-derechos-humanos-y-ambientales-edicion-julio\/","name":"Observatorio de Derechos Humanos y Ambientales - Edici\u00f3n Julio. - henoi","isPartOf":{"@id":"https:\/\/henoi.org.py\/#website"},"primaryImageOfPage":{"@id":"https:\/\/henoi.org.py\/index.php\/2023\/08\/16\/observatorio-de-derechos-humanos-y-ambientales-edicion-julio\/#primaryimage"},"image":{"@id":"https:\/\/henoi.org.py\/index.php\/2023\/08\/16\/observatorio-de-derechos-humanos-y-ambientales-edicion-julio\/#primaryimage"},"thumbnailUrl":"https:\/\/henoi.org.py\/wp-content\/uploads\/2023\/08\/0129a290e82f1c7143c112883e44b0efe62368508045bb39_840.jpg","datePublished":"2023-08-16T12:08:06+00:00","dateModified":"2024-03-04T13:45:22+00:00","author":{"@id":"https:\/\/henoi.org.py\/#\/schema\/person\/3366e0c9ecc69322037ce95a591b59d0"},"breadcrumb":{"@id":"https:\/\/henoi.org.py\/index.php\/2023\/08\/16\/observatorio-de-derechos-humanos-y-ambientales-edicion-julio\/#breadcrumb"},"inLanguage":"es-AR","potentialAction":[{"@type":"ReadAction","target":["https:\/\/henoi.org.py\/index.php\/2023\/08\/16\/observatorio-de-derechos-humanos-y-ambientales-edicion-julio\/"]}]},{"@type":"ImageObject","inLanguage":"es-AR","@id":"https:\/\/henoi.org.py\/index.php\/2023\/08\/16\/observatorio-de-derechos-humanos-y-ambientales-edicion-julio\/#primaryimage","url":"https:\/\/henoi.org.py\/wp-content\/uploads\/2023\/08\/0129a290e82f1c7143c112883e44b0efe62368508045bb39_840.jpg","contentUrl":"https:\/\/henoi.org.py\/wp-content\/uploads\/2023\/08\/0129a290e82f1c7143c112883e44b0efe62368508045bb39_840.jpg","width":840,"height":473},{"@type":"BreadcrumbList","@id":"https:\/\/henoi.org.py\/index.php\/2023\/08\/16\/observatorio-de-derechos-humanos-y-ambientales-edicion-julio\/#breadcrumb","itemListElement":[{"@type":"ListItem","position":1,"name":"Inicio","item":"https:\/\/henoi.org.py\/"},{"@type":"ListItem","position":2,"name":"Observatorio de Derechos Humanos y Ambientales &#8211; Edici\u00f3n Julio."}]},{"@type":"WebSite","@id":"https:\/\/henoi.org.py\/#website","url":"https:\/\/henoi.org.py\/","name":"henoi","description":"Centro de estudios","potentialAction":[{"@type":"SearchAction","target":{"@type":"EntryPoint","urlTemplate":"https:\/\/henoi.org.py\/?s={search_term_string}"},"query-input":{"@type":"PropertyValueSpecification","valueRequired":true,"valueName":"search_term_string"}}],"inLanguage":"es-AR"},{"@type":"Person","@id":"https:\/\/henoi.org.py\/#\/schema\/person\/3366e0c9ecc69322037ce95a591b59d0","name":"He\u00f1oi","image":{"@type":"ImageObject","inLanguage":"es-AR","@id":"https:\/\/henoi.org.py\/#\/schema\/person\/image\/","url":"https:\/\/secure.gravatar.com\/avatar\/f3a9e761a2eb9637cb5be1b4af2f2dc1a9d76284adc9af24924ba5bdffbdf35d?s=96&d=mm&r=g","contentUrl":"https:\/\/secure.gravatar.com\/avatar\/f3a9e761a2eb9637cb5be1b4af2f2dc1a9d76284adc9af24924ba5bdffbdf35d?s=96&d=mm&r=g","caption":"He\u00f1oi"},"url":"https:\/\/henoi.org.py\/index.php\/author\/sandino\/"}]}},"_links":{"self":[{"href":"https:\/\/henoi.org.py\/index.php\/wp-json\/wp\/v2\/posts\/4225","targetHints":{"allow":["GET"]}}],"collection":[{"href":"https:\/\/henoi.org.py\/index.php\/wp-json\/wp\/v2\/posts"}],"about":[{"href":"https:\/\/henoi.org.py\/index.php\/wp-json\/wp\/v2\/types\/post"}],"author":[{"embeddable":true,"href":"https:\/\/henoi.org.py\/index.php\/wp-json\/wp\/v2\/users\/3"}],"replies":[{"embeddable":true,"href":"https:\/\/henoi.org.py\/index.php\/wp-json\/wp\/v2\/comments?post=4225"}],"version-history":[{"count":7,"href":"https:\/\/henoi.org.py\/index.php\/wp-json\/wp\/v2\/posts\/4225\/revisions"}],"predecessor-version":[{"id":4853,"href":"https:\/\/henoi.org.py\/index.php\/wp-json\/wp\/v2\/posts\/4225\/revisions\/4853"}],"wp:featuredmedia":[{"embeddable":true,"href":"https:\/\/henoi.org.py\/index.php\/wp-json\/wp\/v2\/media\/4228"}],"wp:attachment":[{"href":"https:\/\/henoi.org.py\/index.php\/wp-json\/wp\/v2\/media?parent=4225"}],"wp:term":[{"taxonomy":"category","embeddable":true,"href":"https:\/\/henoi.org.py\/index.php\/wp-json\/wp\/v2\/categories?post=4225"},{"taxonomy":"post_tag","embeddable":true,"href":"https:\/\/henoi.org.py\/index.php\/wp-json\/wp\/v2\/tags?post=4225"}],"curies":[{"name":"wp","href":"https:\/\/api.w.org\/{rel}","templated":true}]}}