{"id":4026,"date":"2023-04-17T12:10:09","date_gmt":"2023-04-17T15:10:09","guid":{"rendered":"https:\/\/henoi.org.py\/?p=4026"},"modified":"2023-04-17T12:10:11","modified_gmt":"2023-04-17T15:10:11","slug":"17-de-abril-dia-de-las-luchas-campesinas","status":"publish","type":"post","link":"https:\/\/henoi.org.py\/index.php\/2023\/04\/17\/17-de-abril-dia-de-las-luchas-campesinas\/","title":{"rendered":"17 de abril &#8211; D\u00eda de las luchas campesinas"},"content":{"rendered":"\n<figure class=\"wp-block-image alignfull size-large\"><img fetchpriority=\"high\" decoding=\"async\" width=\"1024\" height=\"362\" src=\"https:\/\/henoi.org.py\/wp-content\/uploads\/2023\/04\/portada_lucha_campesina-1024x362.jpg\" alt=\"\" class=\"wp-image-4027\" srcset=\"https:\/\/henoi.org.py\/wp-content\/uploads\/2023\/04\/portada_lucha_campesina-1024x362.jpg 1024w, https:\/\/henoi.org.py\/wp-content\/uploads\/2023\/04\/portada_lucha_campesina-300x106.jpg 300w, https:\/\/henoi.org.py\/wp-content\/uploads\/2023\/04\/portada_lucha_campesina-768x271.jpg 768w, https:\/\/henoi.org.py\/wp-content\/uploads\/2023\/04\/portada_lucha_campesina-1536x543.jpg 1536w, https:\/\/henoi.org.py\/wp-content\/uploads\/2023\/04\/portada_lucha_campesina-2048x724.jpg 2048w\" sizes=\"(max-width: 1024px) 100vw, 1024px\" \/><\/figure>\n\n\n\n<p class=\"has-text-align-right\"><strong>He\u00f1\u00f3i<\/strong><\/p>\n\n\n\n<p>Con el lema \u201cFrente a las crisis globales, construimos Soberan\u00eda Alimentaria para asegurar un futuro a la humanidad\u201d, la V\u00eda Campesina conmemora el d\u00eda de las luchas campesinas con un llamado a la acci\u00f3n global.<\/p>\n\n\n\n<p>El 17 de abril de 1996 fue perpetrada la recordada masacre de Eldorado dos Caraj\u00e1s, en el Estado amaz\u00f3nico de Par\u00e1, en el norte del Brasil. Campesinos que exig\u00edan su derecho a la tierra fueron duramente reprimidos, y 19 de ellos fueron asesinados por la polic\u00eda militar, presionada por sectores del agronegocio. Aquel d\u00eda, unas 1.000 personas del Movimiento de los Trabajadores Rurales sin Tierra (MST) marchaban hacia Bel\u00e9n, capital del estado, para exigir la expropiaci\u00f3n de una hacienda que era ocupada por unas 3.500 familias de sin tierras. Unos 150 polic\u00edas fuertemente armados despejaron brutalmente la carretera, dejando un tendal de heridos y muertos en el lugar. Dos a\u00f1os despu\u00e9s, la hacienda fue declarada por el Instituto de Colonizaci\u00f3n y Reforma Agraria (INCRA) como improductiva y se inici\u00f3 la conformaci\u00f3n del asentamiento 17 de Abril, como parte de la reforma agraria impulsada por la lucha campesina en el Brasil, donde se asentaron unas 700 familias rurales. En perspectiva, una terrible masacre, una conquista, miles de luchas y pasos a\u00fan pendientes.<\/p>\n\n\n\n<p>De aquel vergonzoso suceso han pasado 27 a\u00f1os. El contexto mundial actual se presenta sombr\u00edo, amenazante. La econom\u00eda neoliberal globalizada y su sistema agroalimentario industrial, liderados por las mega corporaciones transnacionales, han convertido a los alimentos y la naturaleza en mercanc\u00edas destinadas a aumentar sus lucros, generando sistem\u00e1ticas violaciones de los derechos humanos de los pueblos, como el hambre en aumento por la inflaci\u00f3n de los precios, el desempleo creciente por la insostenible mecanizaci\u00f3n de los procesos productivos, la destrucci\u00f3n del medio ambiente por la explotaci\u00f3n irracional de la naturaleza. La justa y necesaria reacci\u00f3n de los pueblos agredidos, que se organizan, debaten y se movilizan para exigir el cumplimiento de sus leg\u00edtimos derechos, es reprimida por los sectores de poder que instrumentalizan a los Estados y sus instituciones, generalizando la criminalizaci\u00f3n, la persecuci\u00f3n y la judicializaci\u00f3n de las luchas populares, sean estas por la tierra, el trabajo, la defensa de los bienes comunes o el acceso a bienes b\u00e1sicos como los alimentos, la salud o la vivienda.&nbsp;<\/p>\n\n\n\n<p>En Paraguay la situaci\u00f3n es cr\u00edtica. La expansi\u00f3n del irracional modelo agroexportador sigue su curso, con la soja y ma\u00edz transg\u00e9nicos, la ganader\u00eda industrial, los monocultivos forestales, mega plantas industriales de biocombustibles y celulosa, todo lo cual implica la continua expulsi\u00f3n de comunidades campesinas e ind\u00edgenas de sus territorios. El Estado sigue apostando a la criminalizaci\u00f3n como principal respuesta a los reclamos sociales; la denominada ley Zavala-Riera del 2021, que aument\u00f3 los a\u00f1os de c\u00e1rcel para quienes luchan por el acceso a la tierra, sigue se\u00f1alando el rumbo represivo del gobierno y los grupos de poder en el pa\u00eds. El escenario socioecon\u00f3mico sigue siendo el de la exclusi\u00f3n social, la tremenda desigualdad, la violencia y el crimen organizado que se multiplican, la falta de horizonte para la gran mayor\u00eda de la poblaci\u00f3n.<\/p>\n\n\n\n<p>Sin embargo, siguen vivas las luchas campesinas, ind\u00edgenas, y de los sectores urbanos. La conquista en 2018 de la Declaraci\u00f3n de las Naciones Unidas sobre los Derechos Campesinos y de otras personas que trabajan en zonas rurales (UNDROP) fue un gran paso hacia la construcci\u00f3n de otro modelo de vida y producci\u00f3n, con un horizonte de Soberan\u00eda Alimentaria y sostenibilidad ambiental. Queda pendiente que esa declaraci\u00f3n materialice sus postulados en la realidad de nuestros pa\u00edses, lo que ser\u00e1 posible con la lucha consiente de los pueblos organizados. De ah\u00ed el llamado de la V\u00eda Campesina a la acci\u00f3n global. Porque un futuro distinto para todos y todas es posible. Hay camino, hay compa\u00f1eros y compa\u00f1eras de viaje. Es tiempo de alimentar las luchas.<\/p>\n\n\n\n<p><\/p>\n\n\n\n<p><\/p>\n\n\n\n<p>Portada: V\u00eda Campesina<\/p>\n\n\n\n<p>Material libre para su difusi\u00f3n citando la fuente.<\/p>\n","protected":false},"excerpt":{"rendered":"<p>He\u00f1\u00f3i Con el lema \u201cFrente a las crisis globales, construimos Soberan\u00eda Alimentaria para asegurar un futuro a la humanidad\u201d, la V\u00eda Campesina conmemora el d\u00eda de las luchas campesinas con un llamado a la acci\u00f3n global. El 17 de abril de 1996 fue perpetrada la recordada masacre de Eldorado dos Caraj\u00e1s, en el Estado amaz\u00f3nico de Par\u00e1, en el norte del Brasil. Campesinos que exig\u00edan su derecho a la tierra fueron duramente reprimidos, y 19 de ellos fueron asesinados por la polic\u00eda militar, presionada por sectores del agronegocio. Aquel d\u00eda, unas 1.000 personas del Movimiento de los Trabajadores Rurales sin Tierra (MST) marchaban hacia Bel\u00e9n, capital del estado, para exigir la expropiaci\u00f3n de una hacienda que era ocupada por unas 3.500 familias de sin tierras. Unos 150 polic\u00edas fuertemente armados despejaron brutalmente la carretera, dejando un tendal de heridos y muertos en el lugar. Dos a\u00f1os despu\u00e9s, la hacienda fue declarada por el Instituto de Colonizaci\u00f3n y Reforma Agraria (INCRA) como improductiva y se inici\u00f3 la conformaci\u00f3n del asentamiento 17 de Abril, como parte de la reforma agraria impulsada por la lucha campesina en el Brasil, donde se asentaron unas 700 familias rurales. En perspectiva, una terrible masacre, una conquista, miles de luchas y pasos a\u00fan pendientes. De aquel vergonzoso suceso han pasado 27 a\u00f1os. El contexto mundial actual se presenta sombr\u00edo, amenazante. La econom\u00eda neoliberal globalizada y su sistema agroalimentario industrial, liderados por las mega corporaciones transnacionales, han convertido a los alimentos y la naturaleza en mercanc\u00edas destinadas a aumentar sus lucros, generando sistem\u00e1ticas violaciones de los derechos humanos de los pueblos, como el hambre en aumento por la inflaci\u00f3n de los precios, el desempleo creciente por la insostenible mecanizaci\u00f3n de los procesos productivos, la destrucci\u00f3n del medio ambiente por la explotaci\u00f3n irracional de la naturaleza. La justa y necesaria reacci\u00f3n de los pueblos agredidos, que se organizan, debaten y se movilizan para exigir el cumplimiento de sus leg\u00edtimos derechos, es reprimida por los sectores de poder que instrumentalizan a los Estados y sus instituciones, generalizando la criminalizaci\u00f3n, la persecuci\u00f3n y la judicializaci\u00f3n de las luchas populares, sean estas por la tierra, el trabajo, la defensa de los bienes comunes o el acceso a bienes b\u00e1sicos como los alimentos, la salud o la vivienda.&nbsp; En Paraguay la situaci\u00f3n es cr\u00edtica. La expansi\u00f3n del irracional modelo agroexportador sigue su curso, con la soja y ma\u00edz transg\u00e9nicos, la ganader\u00eda industrial, los monocultivos forestales, mega plantas industriales de biocombustibles y celulosa, todo lo cual implica la continua expulsi\u00f3n de comunidades campesinas e ind\u00edgenas de sus territorios. El Estado sigue apostando a la criminalizaci\u00f3n como principal respuesta a los reclamos sociales; la denominada ley Zavala-Riera del 2021, que aument\u00f3 los a\u00f1os de c\u00e1rcel para quienes luchan por el acceso a la tierra, sigue se\u00f1alando el rumbo represivo del gobierno y los grupos de poder en el pa\u00eds. El escenario socioecon\u00f3mico sigue siendo el de la exclusi\u00f3n social, la tremenda desigualdad, la violencia y el crimen organizado que se multiplican, la falta de horizonte para la gran mayor\u00eda de la poblaci\u00f3n. Sin embargo, siguen vivas las luchas campesinas, ind\u00edgenas, y de los sectores urbanos. La conquista en 2018 de la Declaraci\u00f3n de las Naciones Unidas sobre los Derechos Campesinos y de otras personas que trabajan en zonas rurales (UNDROP) fue un gran paso hacia la construcci\u00f3n de otro modelo de vida y producci\u00f3n, con un horizonte de Soberan\u00eda Alimentaria y sostenibilidad ambiental. Queda pendiente que esa declaraci\u00f3n materialice sus postulados en la realidad de nuestros pa\u00edses, lo que ser\u00e1 posible con la lucha consiente de los pueblos organizados. De ah\u00ed el llamado de la V\u00eda Campesina a la acci\u00f3n global. Porque un futuro distinto para todos y todas es posible. Hay camino, hay compa\u00f1eros y compa\u00f1eras de viaje. Es tiempo de alimentar las luchas. Portada: V\u00eda Campesina Material libre para su difusi\u00f3n citando la fuente.<\/p>\n","protected":false},"author":1,"featured_media":4027,"comment_status":"open","ping_status":"open","sticky":false,"template":"","format":"standard","meta":{"footnotes":""},"categories":[71,5],"tags":[],"class_list":["post-4026","post","type-post","status-publish","format-standard","has-post-thumbnail","hentry","category-opinion","category-publicaciones"],"yoast_head":"<!-- This site is optimized with the Yoast SEO plugin v25.5 - https:\/\/yoast.com\/wordpress\/plugins\/seo\/ -->\n<title>17 de abril - D\u00eda de las luchas campesinas - henoi<\/title>\n<meta name=\"robots\" content=\"index, follow, max-snippet:-1, max-image-preview:large, max-video-preview:-1\" \/>\n<link rel=\"canonical\" href=\"https:\/\/henoi.org.py\/index.php\/2023\/04\/17\/17-de-abril-dia-de-las-luchas-campesinas\/\" \/>\n<meta property=\"og:locale\" content=\"es_ES\" \/>\n<meta property=\"og:type\" content=\"article\" \/>\n<meta property=\"og:title\" content=\"17 de abril - D\u00eda de las luchas campesinas - henoi\" \/>\n<meta property=\"og:description\" content=\"He\u00f1\u00f3i Con el lema \u201cFrente a las crisis globales, construimos Soberan\u00eda Alimentaria para asegurar un futuro a la humanidad\u201d, la V\u00eda Campesina conmemora el d\u00eda de las luchas campesinas con un llamado a la acci\u00f3n global. El 17 de abril de 1996 fue perpetrada la recordada masacre de Eldorado dos Caraj\u00e1s, en el Estado amaz\u00f3nico de Par\u00e1, en el norte del Brasil. Campesinos que exig\u00edan su derecho a la tierra fueron duramente reprimidos, y 19 de ellos fueron asesinados por la polic\u00eda militar, presionada por sectores del agronegocio. Aquel d\u00eda, unas 1.000 personas del Movimiento de los Trabajadores Rurales sin Tierra (MST) marchaban hacia Bel\u00e9n, capital del estado, para exigir la expropiaci\u00f3n de una hacienda que era ocupada por unas 3.500 familias de sin tierras. Unos 150 polic\u00edas fuertemente armados despejaron brutalmente la carretera, dejando un tendal de heridos y muertos en el lugar. Dos a\u00f1os despu\u00e9s, la hacienda fue declarada por el Instituto de Colonizaci\u00f3n y Reforma Agraria (INCRA) como improductiva y se inici\u00f3 la conformaci\u00f3n del asentamiento 17 de Abril, como parte de la reforma agraria impulsada por la lucha campesina en el Brasil, donde se asentaron unas 700 familias rurales. En perspectiva, una terrible masacre, una conquista, miles de luchas y pasos a\u00fan pendientes. De aquel vergonzoso suceso han pasado 27 a\u00f1os. El contexto mundial actual se presenta sombr\u00edo, amenazante. La econom\u00eda neoliberal globalizada y su sistema agroalimentario industrial, liderados por las mega corporaciones transnacionales, han convertido a los alimentos y la naturaleza en mercanc\u00edas destinadas a aumentar sus lucros, generando sistem\u00e1ticas violaciones de los derechos humanos de los pueblos, como el hambre en aumento por la inflaci\u00f3n de los precios, el desempleo creciente por la insostenible mecanizaci\u00f3n de los procesos productivos, la destrucci\u00f3n del medio ambiente por la explotaci\u00f3n irracional de la naturaleza. La justa y necesaria reacci\u00f3n de los pueblos agredidos, que se organizan, debaten y se movilizan para exigir el cumplimiento de sus leg\u00edtimos derechos, es reprimida por los sectores de poder que instrumentalizan a los Estados y sus instituciones, generalizando la criminalizaci\u00f3n, la persecuci\u00f3n y la judicializaci\u00f3n de las luchas populares, sean estas por la tierra, el trabajo, la defensa de los bienes comunes o el acceso a bienes b\u00e1sicos como los alimentos, la salud o la vivienda.&nbsp; En Paraguay la situaci\u00f3n es cr\u00edtica. La expansi\u00f3n del irracional modelo agroexportador sigue su curso, con la soja y ma\u00edz transg\u00e9nicos, la ganader\u00eda industrial, los monocultivos forestales, mega plantas industriales de biocombustibles y celulosa, todo lo cual implica la continua expulsi\u00f3n de comunidades campesinas e ind\u00edgenas de sus territorios. El Estado sigue apostando a la criminalizaci\u00f3n como principal respuesta a los reclamos sociales; la denominada ley Zavala-Riera del 2021, que aument\u00f3 los a\u00f1os de c\u00e1rcel para quienes luchan por el acceso a la tierra, sigue se\u00f1alando el rumbo represivo del gobierno y los grupos de poder en el pa\u00eds. El escenario socioecon\u00f3mico sigue siendo el de la exclusi\u00f3n social, la tremenda desigualdad, la violencia y el crimen organizado que se multiplican, la falta de horizonte para la gran mayor\u00eda de la poblaci\u00f3n. Sin embargo, siguen vivas las luchas campesinas, ind\u00edgenas, y de los sectores urbanos. La conquista en 2018 de la Declaraci\u00f3n de las Naciones Unidas sobre los Derechos Campesinos y de otras personas que trabajan en zonas rurales (UNDROP) fue un gran paso hacia la construcci\u00f3n de otro modelo de vida y producci\u00f3n, con un horizonte de Soberan\u00eda Alimentaria y sostenibilidad ambiental. Queda pendiente que esa declaraci\u00f3n materialice sus postulados en la realidad de nuestros pa\u00edses, lo que ser\u00e1 posible con la lucha consiente de los pueblos organizados. De ah\u00ed el llamado de la V\u00eda Campesina a la acci\u00f3n global. Porque un futuro distinto para todos y todas es posible. Hay camino, hay compa\u00f1eros y compa\u00f1eras de viaje. Es tiempo de alimentar las luchas. Portada: V\u00eda Campesina Material libre para su difusi\u00f3n citando la fuente.\" \/>\n<meta property=\"og:url\" content=\"https:\/\/henoi.org.py\/index.php\/2023\/04\/17\/17-de-abril-dia-de-las-luchas-campesinas\/\" \/>\n<meta property=\"og:site_name\" content=\"henoi\" \/>\n<meta property=\"article:published_time\" content=\"2023-04-17T15:10:09+00:00\" \/>\n<meta property=\"article:modified_time\" content=\"2023-04-17T15:10:11+00:00\" \/>\n<meta property=\"og:image\" content=\"https:\/\/henoi.org.py\/wp-content\/uploads\/2023\/04\/portada_lucha_campesina-scaled.jpg\" \/>\n\t<meta property=\"og:image:width\" content=\"2560\" \/>\n\t<meta property=\"og:image:height\" content=\"905\" \/>\n\t<meta property=\"og:image:type\" content=\"image\/jpeg\" \/>\n<meta name=\"author\" content=\"admin\" \/>\n<meta name=\"twitter:card\" content=\"summary_large_image\" \/>\n<meta name=\"twitter:label1\" content=\"Escrito por\" \/>\n\t<meta name=\"twitter:data1\" content=\"admin\" \/>\n\t<meta name=\"twitter:label2\" content=\"Tiempo de lectura\" \/>\n\t<meta name=\"twitter:data2\" content=\"4 minutos\" \/>\n<script type=\"application\/ld+json\" class=\"yoast-schema-graph\">{\"@context\":\"https:\/\/schema.org\",\"@graph\":[{\"@type\":\"WebPage\",\"@id\":\"https:\/\/henoi.org.py\/index.php\/2023\/04\/17\/17-de-abril-dia-de-las-luchas-campesinas\/\",\"url\":\"https:\/\/henoi.org.py\/index.php\/2023\/04\/17\/17-de-abril-dia-de-las-luchas-campesinas\/\",\"name\":\"17 de abril - D\u00eda de las luchas campesinas - henoi\",\"isPartOf\":{\"@id\":\"https:\/\/henoi.org.py\/#website\"},\"primaryImageOfPage\":{\"@id\":\"https:\/\/henoi.org.py\/index.php\/2023\/04\/17\/17-de-abril-dia-de-las-luchas-campesinas\/#primaryimage\"},\"image\":{\"@id\":\"https:\/\/henoi.org.py\/index.php\/2023\/04\/17\/17-de-abril-dia-de-las-luchas-campesinas\/#primaryimage\"},\"thumbnailUrl\":\"https:\/\/henoi.org.py\/wp-content\/uploads\/2023\/04\/portada_lucha_campesina-scaled.jpg\",\"datePublished\":\"2023-04-17T15:10:09+00:00\",\"dateModified\":\"2023-04-17T15:10:11+00:00\",\"author\":{\"@id\":\"https:\/\/henoi.org.py\/#\/schema\/person\/96fefa2c71905ba09128c761830b583b\"},\"breadcrumb\":{\"@id\":\"https:\/\/henoi.org.py\/index.php\/2023\/04\/17\/17-de-abril-dia-de-las-luchas-campesinas\/#breadcrumb\"},\"inLanguage\":\"es-AR\",\"potentialAction\":[{\"@type\":\"ReadAction\",\"target\":[\"https:\/\/henoi.org.py\/index.php\/2023\/04\/17\/17-de-abril-dia-de-las-luchas-campesinas\/\"]}]},{\"@type\":\"ImageObject\",\"inLanguage\":\"es-AR\",\"@id\":\"https:\/\/henoi.org.py\/index.php\/2023\/04\/17\/17-de-abril-dia-de-las-luchas-campesinas\/#primaryimage\",\"url\":\"https:\/\/henoi.org.py\/wp-content\/uploads\/2023\/04\/portada_lucha_campesina-scaled.jpg\",\"contentUrl\":\"https:\/\/henoi.org.py\/wp-content\/uploads\/2023\/04\/portada_lucha_campesina-scaled.jpg\",\"width\":2560,\"height\":905},{\"@type\":\"BreadcrumbList\",\"@id\":\"https:\/\/henoi.org.py\/index.php\/2023\/04\/17\/17-de-abril-dia-de-las-luchas-campesinas\/#breadcrumb\",\"itemListElement\":[{\"@type\":\"ListItem\",\"position\":1,\"name\":\"Inicio\",\"item\":\"https:\/\/henoi.org.py\/\"},{\"@type\":\"ListItem\",\"position\":2,\"name\":\"17 de abril &#8211; D\u00eda de las luchas campesinas\"}]},{\"@type\":\"WebSite\",\"@id\":\"https:\/\/henoi.org.py\/#website\",\"url\":\"https:\/\/henoi.org.py\/\",\"name\":\"henoi\",\"description\":\"Centro de estudios\",\"potentialAction\":[{\"@type\":\"SearchAction\",\"target\":{\"@type\":\"EntryPoint\",\"urlTemplate\":\"https:\/\/henoi.org.py\/?s={search_term_string}\"},\"query-input\":{\"@type\":\"PropertyValueSpecification\",\"valueRequired\":true,\"valueName\":\"search_term_string\"}}],\"inLanguage\":\"es-AR\"},{\"@type\":\"Person\",\"@id\":\"https:\/\/henoi.org.py\/#\/schema\/person\/96fefa2c71905ba09128c761830b583b\",\"name\":\"admin\",\"image\":{\"@type\":\"ImageObject\",\"inLanguage\":\"es-AR\",\"@id\":\"https:\/\/henoi.org.py\/#\/schema\/person\/image\/\",\"url\":\"https:\/\/secure.gravatar.com\/avatar\/48f11e8aa7061251806ec1174df14a20c07dcf2a2de3c32a7325a12803400b15?s=96&d=mm&r=g\",\"contentUrl\":\"https:\/\/secure.gravatar.com\/avatar\/48f11e8aa7061251806ec1174df14a20c07dcf2a2de3c32a7325a12803400b15?s=96&d=mm&r=g\",\"caption\":\"admin\"},\"sameAs\":[\"http:\/\/localhost\/henoinew\"],\"url\":\"https:\/\/henoi.org.py\/index.php\/author\/admin\/\"}]}<\/script>\n<!-- \/ Yoast SEO plugin. -->","yoast_head_json":{"title":"17 de abril - D\u00eda de las luchas campesinas - henoi","robots":{"index":"index","follow":"follow","max-snippet":"max-snippet:-1","max-image-preview":"max-image-preview:large","max-video-preview":"max-video-preview:-1"},"canonical":"https:\/\/henoi.org.py\/index.php\/2023\/04\/17\/17-de-abril-dia-de-las-luchas-campesinas\/","og_locale":"es_ES","og_type":"article","og_title":"17 de abril - D\u00eda de las luchas campesinas - henoi","og_description":"He\u00f1\u00f3i Con el lema \u201cFrente a las crisis globales, construimos Soberan\u00eda Alimentaria para asegurar un futuro a la humanidad\u201d, la V\u00eda Campesina conmemora el d\u00eda de las luchas campesinas con un llamado a la acci\u00f3n global. El 17 de abril de 1996 fue perpetrada la recordada masacre de Eldorado dos Caraj\u00e1s, en el Estado amaz\u00f3nico de Par\u00e1, en el norte del Brasil. Campesinos que exig\u00edan su derecho a la tierra fueron duramente reprimidos, y 19 de ellos fueron asesinados por la polic\u00eda militar, presionada por sectores del agronegocio. Aquel d\u00eda, unas 1.000 personas del Movimiento de los Trabajadores Rurales sin Tierra (MST) marchaban hacia Bel\u00e9n, capital del estado, para exigir la expropiaci\u00f3n de una hacienda que era ocupada por unas 3.500 familias de sin tierras. Unos 150 polic\u00edas fuertemente armados despejaron brutalmente la carretera, dejando un tendal de heridos y muertos en el lugar. Dos a\u00f1os despu\u00e9s, la hacienda fue declarada por el Instituto de Colonizaci\u00f3n y Reforma Agraria (INCRA) como improductiva y se inici\u00f3 la conformaci\u00f3n del asentamiento 17 de Abril, como parte de la reforma agraria impulsada por la lucha campesina en el Brasil, donde se asentaron unas 700 familias rurales. En perspectiva, una terrible masacre, una conquista, miles de luchas y pasos a\u00fan pendientes. De aquel vergonzoso suceso han pasado 27 a\u00f1os. El contexto mundial actual se presenta sombr\u00edo, amenazante. La econom\u00eda neoliberal globalizada y su sistema agroalimentario industrial, liderados por las mega corporaciones transnacionales, han convertido a los alimentos y la naturaleza en mercanc\u00edas destinadas a aumentar sus lucros, generando sistem\u00e1ticas violaciones de los derechos humanos de los pueblos, como el hambre en aumento por la inflaci\u00f3n de los precios, el desempleo creciente por la insostenible mecanizaci\u00f3n de los procesos productivos, la destrucci\u00f3n del medio ambiente por la explotaci\u00f3n irracional de la naturaleza. La justa y necesaria reacci\u00f3n de los pueblos agredidos, que se organizan, debaten y se movilizan para exigir el cumplimiento de sus leg\u00edtimos derechos, es reprimida por los sectores de poder que instrumentalizan a los Estados y sus instituciones, generalizando la criminalizaci\u00f3n, la persecuci\u00f3n y la judicializaci\u00f3n de las luchas populares, sean estas por la tierra, el trabajo, la defensa de los bienes comunes o el acceso a bienes b\u00e1sicos como los alimentos, la salud o la vivienda.&nbsp; En Paraguay la situaci\u00f3n es cr\u00edtica. La expansi\u00f3n del irracional modelo agroexportador sigue su curso, con la soja y ma\u00edz transg\u00e9nicos, la ganader\u00eda industrial, los monocultivos forestales, mega plantas industriales de biocombustibles y celulosa, todo lo cual implica la continua expulsi\u00f3n de comunidades campesinas e ind\u00edgenas de sus territorios. El Estado sigue apostando a la criminalizaci\u00f3n como principal respuesta a los reclamos sociales; la denominada ley Zavala-Riera del 2021, que aument\u00f3 los a\u00f1os de c\u00e1rcel para quienes luchan por el acceso a la tierra, sigue se\u00f1alando el rumbo represivo del gobierno y los grupos de poder en el pa\u00eds. El escenario socioecon\u00f3mico sigue siendo el de la exclusi\u00f3n social, la tremenda desigualdad, la violencia y el crimen organizado que se multiplican, la falta de horizonte para la gran mayor\u00eda de la poblaci\u00f3n. Sin embargo, siguen vivas las luchas campesinas, ind\u00edgenas, y de los sectores urbanos. La conquista en 2018 de la Declaraci\u00f3n de las Naciones Unidas sobre los Derechos Campesinos y de otras personas que trabajan en zonas rurales (UNDROP) fue un gran paso hacia la construcci\u00f3n de otro modelo de vida y producci\u00f3n, con un horizonte de Soberan\u00eda Alimentaria y sostenibilidad ambiental. Queda pendiente que esa declaraci\u00f3n materialice sus postulados en la realidad de nuestros pa\u00edses, lo que ser\u00e1 posible con la lucha consiente de los pueblos organizados. De ah\u00ed el llamado de la V\u00eda Campesina a la acci\u00f3n global. Porque un futuro distinto para todos y todas es posible. Hay camino, hay compa\u00f1eros y compa\u00f1eras de viaje. Es tiempo de alimentar las luchas. Portada: V\u00eda Campesina Material libre para su difusi\u00f3n citando la fuente.","og_url":"https:\/\/henoi.org.py\/index.php\/2023\/04\/17\/17-de-abril-dia-de-las-luchas-campesinas\/","og_site_name":"henoi","article_published_time":"2023-04-17T15:10:09+00:00","article_modified_time":"2023-04-17T15:10:11+00:00","og_image":[{"width":2560,"height":905,"url":"https:\/\/henoi.org.py\/wp-content\/uploads\/2023\/04\/portada_lucha_campesina-scaled.jpg","type":"image\/jpeg"}],"author":"admin","twitter_card":"summary_large_image","twitter_misc":{"Escrito por":"admin","Tiempo de lectura":"4 minutos"},"schema":{"@context":"https:\/\/schema.org","@graph":[{"@type":"WebPage","@id":"https:\/\/henoi.org.py\/index.php\/2023\/04\/17\/17-de-abril-dia-de-las-luchas-campesinas\/","url":"https:\/\/henoi.org.py\/index.php\/2023\/04\/17\/17-de-abril-dia-de-las-luchas-campesinas\/","name":"17 de abril - D\u00eda de las luchas campesinas - henoi","isPartOf":{"@id":"https:\/\/henoi.org.py\/#website"},"primaryImageOfPage":{"@id":"https:\/\/henoi.org.py\/index.php\/2023\/04\/17\/17-de-abril-dia-de-las-luchas-campesinas\/#primaryimage"},"image":{"@id":"https:\/\/henoi.org.py\/index.php\/2023\/04\/17\/17-de-abril-dia-de-las-luchas-campesinas\/#primaryimage"},"thumbnailUrl":"https:\/\/henoi.org.py\/wp-content\/uploads\/2023\/04\/portada_lucha_campesina-scaled.jpg","datePublished":"2023-04-17T15:10:09+00:00","dateModified":"2023-04-17T15:10:11+00:00","author":{"@id":"https:\/\/henoi.org.py\/#\/schema\/person\/96fefa2c71905ba09128c761830b583b"},"breadcrumb":{"@id":"https:\/\/henoi.org.py\/index.php\/2023\/04\/17\/17-de-abril-dia-de-las-luchas-campesinas\/#breadcrumb"},"inLanguage":"es-AR","potentialAction":[{"@type":"ReadAction","target":["https:\/\/henoi.org.py\/index.php\/2023\/04\/17\/17-de-abril-dia-de-las-luchas-campesinas\/"]}]},{"@type":"ImageObject","inLanguage":"es-AR","@id":"https:\/\/henoi.org.py\/index.php\/2023\/04\/17\/17-de-abril-dia-de-las-luchas-campesinas\/#primaryimage","url":"https:\/\/henoi.org.py\/wp-content\/uploads\/2023\/04\/portada_lucha_campesina-scaled.jpg","contentUrl":"https:\/\/henoi.org.py\/wp-content\/uploads\/2023\/04\/portada_lucha_campesina-scaled.jpg","width":2560,"height":905},{"@type":"BreadcrumbList","@id":"https:\/\/henoi.org.py\/index.php\/2023\/04\/17\/17-de-abril-dia-de-las-luchas-campesinas\/#breadcrumb","itemListElement":[{"@type":"ListItem","position":1,"name":"Inicio","item":"https:\/\/henoi.org.py\/"},{"@type":"ListItem","position":2,"name":"17 de abril &#8211; D\u00eda de las luchas campesinas"}]},{"@type":"WebSite","@id":"https:\/\/henoi.org.py\/#website","url":"https:\/\/henoi.org.py\/","name":"henoi","description":"Centro de estudios","potentialAction":[{"@type":"SearchAction","target":{"@type":"EntryPoint","urlTemplate":"https:\/\/henoi.org.py\/?s={search_term_string}"},"query-input":{"@type":"PropertyValueSpecification","valueRequired":true,"valueName":"search_term_string"}}],"inLanguage":"es-AR"},{"@type":"Person","@id":"https:\/\/henoi.org.py\/#\/schema\/person\/96fefa2c71905ba09128c761830b583b","name":"admin","image":{"@type":"ImageObject","inLanguage":"es-AR","@id":"https:\/\/henoi.org.py\/#\/schema\/person\/image\/","url":"https:\/\/secure.gravatar.com\/avatar\/48f11e8aa7061251806ec1174df14a20c07dcf2a2de3c32a7325a12803400b15?s=96&d=mm&r=g","contentUrl":"https:\/\/secure.gravatar.com\/avatar\/48f11e8aa7061251806ec1174df14a20c07dcf2a2de3c32a7325a12803400b15?s=96&d=mm&r=g","caption":"admin"},"sameAs":["http:\/\/localhost\/henoinew"],"url":"https:\/\/henoi.org.py\/index.php\/author\/admin\/"}]}},"_links":{"self":[{"href":"https:\/\/henoi.org.py\/index.php\/wp-json\/wp\/v2\/posts\/4026","targetHints":{"allow":["GET"]}}],"collection":[{"href":"https:\/\/henoi.org.py\/index.php\/wp-json\/wp\/v2\/posts"}],"about":[{"href":"https:\/\/henoi.org.py\/index.php\/wp-json\/wp\/v2\/types\/post"}],"author":[{"embeddable":true,"href":"https:\/\/henoi.org.py\/index.php\/wp-json\/wp\/v2\/users\/1"}],"replies":[{"embeddable":true,"href":"https:\/\/henoi.org.py\/index.php\/wp-json\/wp\/v2\/comments?post=4026"}],"version-history":[{"count":1,"href":"https:\/\/henoi.org.py\/index.php\/wp-json\/wp\/v2\/posts\/4026\/revisions"}],"predecessor-version":[{"id":4028,"href":"https:\/\/henoi.org.py\/index.php\/wp-json\/wp\/v2\/posts\/4026\/revisions\/4028"}],"wp:featuredmedia":[{"embeddable":true,"href":"https:\/\/henoi.org.py\/index.php\/wp-json\/wp\/v2\/media\/4027"}],"wp:attachment":[{"href":"https:\/\/henoi.org.py\/index.php\/wp-json\/wp\/v2\/media?parent=4026"}],"wp:term":[{"taxonomy":"category","embeddable":true,"href":"https:\/\/henoi.org.py\/index.php\/wp-json\/wp\/v2\/categories?post=4026"},{"taxonomy":"post_tag","embeddable":true,"href":"https:\/\/henoi.org.py\/index.php\/wp-json\/wp\/v2\/tags?post=4026"}],"curies":[{"name":"wp","href":"https:\/\/api.w.org\/{rel}","templated":true}]}}