{"id":1611,"date":"2022-02-02T21:30:55","date_gmt":"2022-02-02T21:30:55","guid":{"rendered":"https:\/\/henoi.org.py\/?p=1611"},"modified":"2022-08-04T11:49:12","modified_gmt":"2022-08-04T14:49:12","slug":"la-agricultura-campesina-es-el-camino","status":"publish","type":"post","link":"https:\/\/henoi.org.py\/index.php\/2022\/02\/02\/la-agricultura-campesina-es-el-camino\/","title":{"rendered":"La agricultura campesina es el camino"},"content":{"rendered":"<p style=\"text-align: right;\">He\u00f1\u00f3i<\/p>\n<p>El viernes 28 de enero del a\u00f1o 2022, en el local de la Asociaci\u00f3n O\u00f1oiru, Edelira, departamento de Itap\u00faa, tuvo lugar un encuentro organizado por el <!--more-->comit\u00e9 de mujeres O\u00f1ondive \u2013 miembro de la Asociaci\u00f3n \u2013 y el Centro de Estudios He\u00f1oi, para conversar sobre soberan\u00eda alimentaria y rentabilidad campesina.<\/p>\n<p>En la oportunidad, el investigador Luis Rojas comparti\u00f3 los resultados del estudio \u201cFincas Campesinas: Camino Sostenible a la Soberan\u00eda Alimentaria\u201d cuyos principales hallazgos demuestran la fortaleza y la conveniencia de la agricultura campesina como alternativa real a la situaci\u00f3n de crisis por la que atraviesa el pa\u00eds y el mundo.<\/p>\n<p><img fetchpriority=\"high\" decoding=\"async\" class=\"aligncenter wp-image-1614 size-large\" src=\"https:\/\/henoi.org.py\/wp-content\/uploads\/2022\/02\/IMG_20220128_172848-scaled-1-1024x768.jpg\" alt=\"\" width=\"900\" height=\"675\" srcset=\"https:\/\/henoi.org.py\/wp-content\/uploads\/2022\/02\/IMG_20220128_172848-scaled-1-1024x768.jpg 1024w, https:\/\/henoi.org.py\/wp-content\/uploads\/2022\/02\/IMG_20220128_172848-scaled-1-300x225.jpg 300w, https:\/\/henoi.org.py\/wp-content\/uploads\/2022\/02\/IMG_20220128_172848-scaled-1-768x576.jpg 768w, https:\/\/henoi.org.py\/wp-content\/uploads\/2022\/02\/IMG_20220128_172848-scaled-1-1536x1152.jpg 1536w, https:\/\/henoi.org.py\/wp-content\/uploads\/2022\/02\/IMG_20220128_172848-scaled-1-2048x1536.jpg 2048w\" sizes=\"(max-width: 900px) 100vw, 900px\" \/><\/p>\n<p>Se parti\u00f3 de la propuesta de Soberan\u00eda Alimentaria como proyecto estrat\u00e9gico que permita al pueblo definir las formas de producci\u00f3n, distribuci\u00f3n y consumo, acordes a las necesidades reales de la gente. Esto favorecer\u00eda, adem\u00e1s de la soberan\u00eda, la conservaci\u00f3n de los bienes comunes naturales y la autonom\u00eda productiva.<\/p>\n<p>As\u00ed tambi\u00e9n se identific\u00f3 a los principales responsables de la crisis econ\u00f3mica, alimentaria, clim\u00e1tica, sanitaria, social y pol\u00edtica, que emergen de un sistema econ\u00f3mico y pol\u00edtico controlado por grupos de poder.<\/p>\n<p><img decoding=\"async\" class=\"aligncenter wp-image-1615 size-large\" src=\"https:\/\/henoi.org.py\/wp-content\/uploads\/2022\/02\/IMG_20220128_184859-scaled-1-1024x768.jpg\" alt=\"\" width=\"900\" height=\"675\" srcset=\"https:\/\/henoi.org.py\/wp-content\/uploads\/2022\/02\/IMG_20220128_184859-scaled-1-1024x768.jpg 1024w, https:\/\/henoi.org.py\/wp-content\/uploads\/2022\/02\/IMG_20220128_184859-scaled-1-300x225.jpg 300w, https:\/\/henoi.org.py\/wp-content\/uploads\/2022\/02\/IMG_20220128_184859-scaled-1-768x576.jpg 768w, https:\/\/henoi.org.py\/wp-content\/uploads\/2022\/02\/IMG_20220128_184859-scaled-1-1536x1152.jpg 1536w, https:\/\/henoi.org.py\/wp-content\/uploads\/2022\/02\/IMG_20220128_184859-scaled-1-2048x1536.jpg 2048w\" sizes=\"(max-width: 900px) 100vw, 900px\" \/><\/p>\n<p>Lo m\u00e1s destacado fue la participaci\u00f3n de las compa\u00f1eras, con quienes, a partir de sus experiencias y relatos, se elabor\u00f3 un diagn\u00f3stico de la situaci\u00f3n por la cual atraviesan las comunidades. En general, hubo coincidencia en el fuerte impacto de la sequ\u00eda, la escasez de alimentos, de semillas, la falta de agua, necesidades que no son atendidas por las autoridades locales y nacionales creadas para el efecto. Varias participantes expresaron testimonios que ejemplifican esta desidia estatal, como la entrega de mochilas fumigadoras sin que hayan sido se\u00f1aladas como una necesidad por los comit\u00e9s, es decir que los recursos existen, pero al no haber participaci\u00f3n de las productoras y los productores, son despilfarrados.<\/p>\n<p>As\u00ed mismo, se\u00f1alaron la incidencia de la propaganda como mecanismo para instalar en la sociedad ideas que favorecen a grupos de poder como el agronegocio; especificaron adem\u00e1s la influencia da\u00f1ina en ni\u00f1os y ni\u00f1as, ejercida a trav\u00e9s de propagandas de bebidas azucaradas, gaseosas o comida conocida como \u201dchatarra\u201d, que colisiona con la dieta nutritiva que ofrecen las familias, sobre todo en el campo.<\/p>\n<p><img decoding=\"async\" class=\"aligncenter wp-image-1616 size-large\" src=\"https:\/\/henoi.org.py\/wp-content\/uploads\/2022\/02\/IMG_20220128_184100-scaled-1-1024x768.jpg\" alt=\"\" width=\"900\" height=\"675\" srcset=\"https:\/\/henoi.org.py\/wp-content\/uploads\/2022\/02\/IMG_20220128_184100-scaled-1-1024x768.jpg 1024w, https:\/\/henoi.org.py\/wp-content\/uploads\/2022\/02\/IMG_20220128_184100-scaled-1-300x225.jpg 300w, https:\/\/henoi.org.py\/wp-content\/uploads\/2022\/02\/IMG_20220128_184100-scaled-1-768x576.jpg 768w, https:\/\/henoi.org.py\/wp-content\/uploads\/2022\/02\/IMG_20220128_184100-scaled-1-1536x1152.jpg 1536w, https:\/\/henoi.org.py\/wp-content\/uploads\/2022\/02\/IMG_20220128_184100-scaled-1-2048x1536.jpg 2048w\" sizes=\"(max-width: 900px) 100vw, 900px\" \/><\/p>\n<p>Sin embargo, en contrapartida con la compleja realidad, las compa\u00f1eras se\u00f1alaron que existen espacios de encuentro, debate, y construcci\u00f3n, entre los cuales se destacan las ferias semanales que los distintos comit\u00e9s de mujeres realizan sobre ciertos puntos estrat\u00e9gicos. Han se\u00f1alado a la organizaci\u00f3n como camino indispensable para crecer en conciencia pol\u00edtica y caminar hacia la emancipaci\u00f3n colectiva.<\/p>\n<p>En otro momento una de las compa\u00f1eras relat\u00f3 que cuando era muy joven, tuvo que migrar a la ciudad para trabajar en un empleo dom\u00e9stico, dejando de lado los a\u00f1os de capacitaci\u00f3n que recibi\u00f3 en una escuela agr\u00edcola, experiencia que le hab\u00eda llevado a planificar la instalaci\u00f3n de un vivero en su comunidad. Todo esto se trunc\u00f3 por la ausencia de alternativas de arraigo para la juventud, que deber\u00edan ser promovidas por el estado.<\/p>\n<p><img loading=\"lazy\" decoding=\"async\" class=\"aligncenter wp-image-1617 size-large\" src=\"https:\/\/henoi.org.py\/wp-content\/uploads\/2022\/02\/IMG_20220128_172258-scaled-1-1024x768.jpg\" alt=\"\" width=\"900\" height=\"675\" srcset=\"https:\/\/henoi.org.py\/wp-content\/uploads\/2022\/02\/IMG_20220128_172258-scaled-1-1024x768.jpg 1024w, https:\/\/henoi.org.py\/wp-content\/uploads\/2022\/02\/IMG_20220128_172258-scaled-1-300x225.jpg 300w, https:\/\/henoi.org.py\/wp-content\/uploads\/2022\/02\/IMG_20220128_172258-scaled-1-768x576.jpg 768w, https:\/\/henoi.org.py\/wp-content\/uploads\/2022\/02\/IMG_20220128_172258-scaled-1-1536x1152.jpg 1536w, https:\/\/henoi.org.py\/wp-content\/uploads\/2022\/02\/IMG_20220128_172258-scaled-1-2048x1536.jpg 2048w\" sizes=\"(max-width: 900px) 100vw, 900px\" \/><\/p>\n<p>Se\u00f1alaron tambi\u00e9n que el avance del agronegocio sobre los territorios, se sigue dando con total desidia de las autoridades, utilizando el alquiler como mecanismo de inserci\u00f3n, para luego ir realizando d\u00e1divas: motocicletas u otro tipo de ayudas, con el fin de presionar para que accedan a vender sus tierras.<\/p>\n<p>Como cierre del encuentro se convers\u00f3 sobre la Red de Semillas Nativas y Criollas He\u00f1oi, y la perspectiva de fortalecimiento que tiene esta experiencia. La comunicadora de He\u00f1oi, Susana Balbuena mencion\u00f3 que se encuentra en desarrollo una nueva herramienta que permitir\u00e1 la conexi\u00f3n entre productoras y productoras para garantizar el intercambio de las semillas. Esto motiv\u00f3 a todas las presentes, quienes se\u00f1alaron que existen experiencias similares en la regi\u00f3n y que ser\u00eda interesante conectarlas para potenciar a\u00fan m\u00e1s cada una, ya que las semillas nativas son un s\u00edmbolo de resistencia que debemos recuperar y proteger.<\/p>\n<p><img loading=\"lazy\" decoding=\"async\" class=\"aligncenter wp-image-1618 size-large\" src=\"https:\/\/henoi.org.py\/wp-content\/uploads\/2022\/02\/IMG_20220128_173404-scaled-1-1024x768.jpg\" alt=\"\" width=\"900\" height=\"675\" srcset=\"https:\/\/henoi.org.py\/wp-content\/uploads\/2022\/02\/IMG_20220128_173404-scaled-1-1024x768.jpg 1024w, https:\/\/henoi.org.py\/wp-content\/uploads\/2022\/02\/IMG_20220128_173404-scaled-1-300x225.jpg 300w, https:\/\/henoi.org.py\/wp-content\/uploads\/2022\/02\/IMG_20220128_173404-scaled-1-768x576.jpg 768w, https:\/\/henoi.org.py\/wp-content\/uploads\/2022\/02\/IMG_20220128_173404-scaled-1-1536x1152.jpg 1536w, https:\/\/henoi.org.py\/wp-content\/uploads\/2022\/02\/IMG_20220128_173404-scaled-1-2048x1536.jpg 2048w\" sizes=\"(max-width: 900px) 100vw, 900px\" \/><\/p>\n<p>Tal como lo se\u00f1al\u00f3 una compa\u00f1era, cuyos padres forman parte de una organizaci\u00f3n campesina y se encuentran acompa\u00f1ando a una comunidad que lucha por la recuperaci\u00f3n de sus tierras; \u201c<em>Mis padres tienen todo, no les falta nada, pero fueron a luchar porque consideran necesario transformar esta situaci\u00f3n, por el futuro de sus nietos, nietas<\/em>\u201d.<\/p>\n<p>Fotos: Susana Balbuena &#8211; He\u00f1\u00f3i.<\/p>\n<p>Material libre para su difusi\u00f3n citando la fuente.<\/p>\n","protected":false},"excerpt":{"rendered":"<p>He\u00f1\u00f3i El viernes 28 de enero del a\u00f1o 2022, en el local de la Asociaci\u00f3n O\u00f1oiru, Edelira, departamento de Itap\u00faa, tuvo lugar un encuentro organizado por el<\/p>\n","protected":false},"author":1,"featured_media":1612,"comment_status":"open","ping_status":"open","sticky":false,"template":"","format":"standard","meta":{"footnotes":""},"categories":[73,5],"tags":[],"class_list":["post-1611","post","type-post","status-publish","format-standard","has-post-thumbnail","hentry","category-actividades","category-publicaciones"],"yoast_head":"<!-- This site is optimized with the Yoast SEO plugin v25.5 - https:\/\/yoast.com\/wordpress\/plugins\/seo\/ -->\n<title>La agricultura campesina es el camino - henoi<\/title>\n<meta name=\"robots\" content=\"index, follow, max-snippet:-1, max-image-preview:large, max-video-preview:-1\" \/>\n<link rel=\"canonical\" href=\"https:\/\/henoi.org.py\/index.php\/2022\/02\/02\/la-agricultura-campesina-es-el-camino\/\" \/>\n<meta property=\"og:locale\" content=\"es_ES\" \/>\n<meta property=\"og:type\" content=\"article\" \/>\n<meta property=\"og:title\" content=\"La agricultura campesina es el camino - henoi\" \/>\n<meta property=\"og:description\" content=\"He\u00f1\u00f3i El viernes 28 de enero del a\u00f1o 2022, en el local de la Asociaci\u00f3n O\u00f1oiru, Edelira, departamento de Itap\u00faa, tuvo lugar un encuentro organizado por el\" \/>\n<meta property=\"og:url\" content=\"https:\/\/henoi.org.py\/index.php\/2022\/02\/02\/la-agricultura-campesina-es-el-camino\/\" \/>\n<meta property=\"og:site_name\" content=\"henoi\" \/>\n<meta property=\"article:published_time\" content=\"2022-02-02T21:30:55+00:00\" \/>\n<meta property=\"article:modified_time\" content=\"2022-08-04T14:49:12+00:00\" \/>\n<meta property=\"og:image\" content=\"https:\/\/henoi.org.py\/wp-content\/uploads\/2022\/02\/portada_edelira.jpg\" \/>\n\t<meta property=\"og:image:width\" content=\"1827\" \/>\n\t<meta property=\"og:image:height\" content=\"648\" \/>\n\t<meta property=\"og:image:type\" content=\"image\/jpeg\" \/>\n<meta name=\"author\" content=\"admin\" \/>\n<meta name=\"twitter:card\" content=\"summary_large_image\" \/>\n<meta name=\"twitter:label1\" content=\"Escrito por\" \/>\n\t<meta name=\"twitter:data1\" content=\"admin\" \/>\n\t<meta name=\"twitter:label2\" content=\"Tiempo de lectura\" \/>\n\t<meta name=\"twitter:data2\" content=\"5 minutos\" \/>\n<script type=\"application\/ld+json\" class=\"yoast-schema-graph\">{\"@context\":\"https:\/\/schema.org\",\"@graph\":[{\"@type\":\"WebPage\",\"@id\":\"https:\/\/henoi.org.py\/index.php\/2022\/02\/02\/la-agricultura-campesina-es-el-camino\/\",\"url\":\"https:\/\/henoi.org.py\/index.php\/2022\/02\/02\/la-agricultura-campesina-es-el-camino\/\",\"name\":\"La agricultura campesina es el camino - henoi\",\"isPartOf\":{\"@id\":\"https:\/\/henoi.org.py\/#website\"},\"primaryImageOfPage\":{\"@id\":\"https:\/\/henoi.org.py\/index.php\/2022\/02\/02\/la-agricultura-campesina-es-el-camino\/#primaryimage\"},\"image\":{\"@id\":\"https:\/\/henoi.org.py\/index.php\/2022\/02\/02\/la-agricultura-campesina-es-el-camino\/#primaryimage\"},\"thumbnailUrl\":\"https:\/\/henoi.org.py\/wp-content\/uploads\/2022\/02\/portada_edelira.jpg\",\"datePublished\":\"2022-02-02T21:30:55+00:00\",\"dateModified\":\"2022-08-04T14:49:12+00:00\",\"author\":{\"@id\":\"https:\/\/henoi.org.py\/#\/schema\/person\/96fefa2c71905ba09128c761830b583b\"},\"breadcrumb\":{\"@id\":\"https:\/\/henoi.org.py\/index.php\/2022\/02\/02\/la-agricultura-campesina-es-el-camino\/#breadcrumb\"},\"inLanguage\":\"es-AR\",\"potentialAction\":[{\"@type\":\"ReadAction\",\"target\":[\"https:\/\/henoi.org.py\/index.php\/2022\/02\/02\/la-agricultura-campesina-es-el-camino\/\"]}]},{\"@type\":\"ImageObject\",\"inLanguage\":\"es-AR\",\"@id\":\"https:\/\/henoi.org.py\/index.php\/2022\/02\/02\/la-agricultura-campesina-es-el-camino\/#primaryimage\",\"url\":\"https:\/\/henoi.org.py\/wp-content\/uploads\/2022\/02\/portada_edelira.jpg\",\"contentUrl\":\"https:\/\/henoi.org.py\/wp-content\/uploads\/2022\/02\/portada_edelira.jpg\",\"width\":1827,\"height\":648},{\"@type\":\"BreadcrumbList\",\"@id\":\"https:\/\/henoi.org.py\/index.php\/2022\/02\/02\/la-agricultura-campesina-es-el-camino\/#breadcrumb\",\"itemListElement\":[{\"@type\":\"ListItem\",\"position\":1,\"name\":\"Inicio\",\"item\":\"https:\/\/henoi.org.py\/\"},{\"@type\":\"ListItem\",\"position\":2,\"name\":\"La agricultura campesina es el camino\"}]},{\"@type\":\"WebSite\",\"@id\":\"https:\/\/henoi.org.py\/#website\",\"url\":\"https:\/\/henoi.org.py\/\",\"name\":\"henoi\",\"description\":\"Centro de estudios\",\"potentialAction\":[{\"@type\":\"SearchAction\",\"target\":{\"@type\":\"EntryPoint\",\"urlTemplate\":\"https:\/\/henoi.org.py\/?s={search_term_string}\"},\"query-input\":{\"@type\":\"PropertyValueSpecification\",\"valueRequired\":true,\"valueName\":\"search_term_string\"}}],\"inLanguage\":\"es-AR\"},{\"@type\":\"Person\",\"@id\":\"https:\/\/henoi.org.py\/#\/schema\/person\/96fefa2c71905ba09128c761830b583b\",\"name\":\"admin\",\"image\":{\"@type\":\"ImageObject\",\"inLanguage\":\"es-AR\",\"@id\":\"https:\/\/henoi.org.py\/#\/schema\/person\/image\/\",\"url\":\"https:\/\/secure.gravatar.com\/avatar\/48f11e8aa7061251806ec1174df14a20c07dcf2a2de3c32a7325a12803400b15?s=96&d=mm&r=g\",\"contentUrl\":\"https:\/\/secure.gravatar.com\/avatar\/48f11e8aa7061251806ec1174df14a20c07dcf2a2de3c32a7325a12803400b15?s=96&d=mm&r=g\",\"caption\":\"admin\"},\"sameAs\":[\"http:\/\/localhost\/henoinew\"],\"url\":\"https:\/\/henoi.org.py\/index.php\/author\/admin\/\"}]}<\/script>\n<!-- \/ Yoast SEO plugin. -->","yoast_head_json":{"title":"La agricultura campesina es el camino - henoi","robots":{"index":"index","follow":"follow","max-snippet":"max-snippet:-1","max-image-preview":"max-image-preview:large","max-video-preview":"max-video-preview:-1"},"canonical":"https:\/\/henoi.org.py\/index.php\/2022\/02\/02\/la-agricultura-campesina-es-el-camino\/","og_locale":"es_ES","og_type":"article","og_title":"La agricultura campesina es el camino - henoi","og_description":"He\u00f1\u00f3i El viernes 28 de enero del a\u00f1o 2022, en el local de la Asociaci\u00f3n O\u00f1oiru, Edelira, departamento de Itap\u00faa, tuvo lugar un encuentro organizado por el","og_url":"https:\/\/henoi.org.py\/index.php\/2022\/02\/02\/la-agricultura-campesina-es-el-camino\/","og_site_name":"henoi","article_published_time":"2022-02-02T21:30:55+00:00","article_modified_time":"2022-08-04T14:49:12+00:00","og_image":[{"width":1827,"height":648,"url":"https:\/\/henoi.org.py\/wp-content\/uploads\/2022\/02\/portada_edelira.jpg","type":"image\/jpeg"}],"author":"admin","twitter_card":"summary_large_image","twitter_misc":{"Escrito por":"admin","Tiempo de lectura":"5 minutos"},"schema":{"@context":"https:\/\/schema.org","@graph":[{"@type":"WebPage","@id":"https:\/\/henoi.org.py\/index.php\/2022\/02\/02\/la-agricultura-campesina-es-el-camino\/","url":"https:\/\/henoi.org.py\/index.php\/2022\/02\/02\/la-agricultura-campesina-es-el-camino\/","name":"La agricultura campesina es el camino - henoi","isPartOf":{"@id":"https:\/\/henoi.org.py\/#website"},"primaryImageOfPage":{"@id":"https:\/\/henoi.org.py\/index.php\/2022\/02\/02\/la-agricultura-campesina-es-el-camino\/#primaryimage"},"image":{"@id":"https:\/\/henoi.org.py\/index.php\/2022\/02\/02\/la-agricultura-campesina-es-el-camino\/#primaryimage"},"thumbnailUrl":"https:\/\/henoi.org.py\/wp-content\/uploads\/2022\/02\/portada_edelira.jpg","datePublished":"2022-02-02T21:30:55+00:00","dateModified":"2022-08-04T14:49:12+00:00","author":{"@id":"https:\/\/henoi.org.py\/#\/schema\/person\/96fefa2c71905ba09128c761830b583b"},"breadcrumb":{"@id":"https:\/\/henoi.org.py\/index.php\/2022\/02\/02\/la-agricultura-campesina-es-el-camino\/#breadcrumb"},"inLanguage":"es-AR","potentialAction":[{"@type":"ReadAction","target":["https:\/\/henoi.org.py\/index.php\/2022\/02\/02\/la-agricultura-campesina-es-el-camino\/"]}]},{"@type":"ImageObject","inLanguage":"es-AR","@id":"https:\/\/henoi.org.py\/index.php\/2022\/02\/02\/la-agricultura-campesina-es-el-camino\/#primaryimage","url":"https:\/\/henoi.org.py\/wp-content\/uploads\/2022\/02\/portada_edelira.jpg","contentUrl":"https:\/\/henoi.org.py\/wp-content\/uploads\/2022\/02\/portada_edelira.jpg","width":1827,"height":648},{"@type":"BreadcrumbList","@id":"https:\/\/henoi.org.py\/index.php\/2022\/02\/02\/la-agricultura-campesina-es-el-camino\/#breadcrumb","itemListElement":[{"@type":"ListItem","position":1,"name":"Inicio","item":"https:\/\/henoi.org.py\/"},{"@type":"ListItem","position":2,"name":"La agricultura campesina es el camino"}]},{"@type":"WebSite","@id":"https:\/\/henoi.org.py\/#website","url":"https:\/\/henoi.org.py\/","name":"henoi","description":"Centro de estudios","potentialAction":[{"@type":"SearchAction","target":{"@type":"EntryPoint","urlTemplate":"https:\/\/henoi.org.py\/?s={search_term_string}"},"query-input":{"@type":"PropertyValueSpecification","valueRequired":true,"valueName":"search_term_string"}}],"inLanguage":"es-AR"},{"@type":"Person","@id":"https:\/\/henoi.org.py\/#\/schema\/person\/96fefa2c71905ba09128c761830b583b","name":"admin","image":{"@type":"ImageObject","inLanguage":"es-AR","@id":"https:\/\/henoi.org.py\/#\/schema\/person\/image\/","url":"https:\/\/secure.gravatar.com\/avatar\/48f11e8aa7061251806ec1174df14a20c07dcf2a2de3c32a7325a12803400b15?s=96&d=mm&r=g","contentUrl":"https:\/\/secure.gravatar.com\/avatar\/48f11e8aa7061251806ec1174df14a20c07dcf2a2de3c32a7325a12803400b15?s=96&d=mm&r=g","caption":"admin"},"sameAs":["http:\/\/localhost\/henoinew"],"url":"https:\/\/henoi.org.py\/index.php\/author\/admin\/"}]}},"_links":{"self":[{"href":"https:\/\/henoi.org.py\/index.php\/wp-json\/wp\/v2\/posts\/1611","targetHints":{"allow":["GET"]}}],"collection":[{"href":"https:\/\/henoi.org.py\/index.php\/wp-json\/wp\/v2\/posts"}],"about":[{"href":"https:\/\/henoi.org.py\/index.php\/wp-json\/wp\/v2\/types\/post"}],"author":[{"embeddable":true,"href":"https:\/\/henoi.org.py\/index.php\/wp-json\/wp\/v2\/users\/1"}],"replies":[{"embeddable":true,"href":"https:\/\/henoi.org.py\/index.php\/wp-json\/wp\/v2\/comments?post=1611"}],"version-history":[{"count":3,"href":"https:\/\/henoi.org.py\/index.php\/wp-json\/wp\/v2\/posts\/1611\/revisions"}],"predecessor-version":[{"id":3734,"href":"https:\/\/henoi.org.py\/index.php\/wp-json\/wp\/v2\/posts\/1611\/revisions\/3734"}],"wp:featuredmedia":[{"embeddable":true,"href":"https:\/\/henoi.org.py\/index.php\/wp-json\/wp\/v2\/media\/1612"}],"wp:attachment":[{"href":"https:\/\/henoi.org.py\/index.php\/wp-json\/wp\/v2\/media?parent=1611"}],"wp:term":[{"taxonomy":"category","embeddable":true,"href":"https:\/\/henoi.org.py\/index.php\/wp-json\/wp\/v2\/categories?post=1611"},{"taxonomy":"post_tag","embeddable":true,"href":"https:\/\/henoi.org.py\/index.php\/wp-json\/wp\/v2\/tags?post=1611"}],"curies":[{"name":"wp","href":"https:\/\/api.w.org\/{rel}","templated":true}]}}